{"id":330888,"date":"2025-08-20T05:28:10","date_gmt":"2025-08-20T05:28:10","guid":{"rendered":"https:\/\/www.europesays.com\/fr\/330888\/"},"modified":"2025-08-20T05:28:10","modified_gmt":"2025-08-20T05:28:10","slug":"aux-etats-unis-le-flou-persiste-sur-le-lieu-de-la-reunion","status":"publish","type":"post","link":"https:\/\/www.europesays.com\/fr\/330888\/","title":{"rendered":"aux \u00c9tats-Unis, le flou persiste sur le lieu de la r\u00e9union"},"content":{"rendered":"<p class=\"intro \">Apr\u00e8s Anchorage en Alaska, puis la Maison-Blanche, les hypoth\u00e8ses vont bon train quant au lieu o\u00f9 se tiendra la rencontre entre le pr\u00e9sident ukrainien et le pr\u00e9sident russe, promise par Donald Trump. Apr\u00e8s trois ans de guerre, cette r\u00e9union in\u00e9dite pourrait repr\u00e9senter une v\u00e9ritable avanc\u00e9e pour un accord de paix. Gen\u00e8ve, Moscou ou encore Budapest sont ainsi \u00e9voqu\u00e9es.<\/p>\n<p>La rencontre est promise depuis les pourparlers <a href=\"https:\/\/www.europe1.fr\/international\/guerre-en-ukraine-ce-quil-faut-retenir-de-la-rencontre-entre-donald-trump-et-vladimir-poutine-769202\" target=\"_blank\" rel=\"nofollow noopener\">en Alaska<\/a>. Apr\u00e8s avoir rencontr\u00e9 Vladimir Poutine, <a href=\"https:\/\/www.europe1.fr\/international\/guerre-en-ukraine-apres-la-rencontre-entre-trump-et-zelensky-lespoir-dun-processus-menant-vers-la-paix-769426\" target=\"_blank\" rel=\"nofollow noopener\">puis Volodymyr Zelensky en compagnie des dirigeants europ\u00e9ens<\/a>,\u00a0Donald Trump s&rsquo;est engag\u00e9 en d\u00e9but de semaine \u00e0 r\u00e9unir les pr\u00e9sidents russe et ukrainien dans la m\u00eame pi\u00e8ce d&rsquo;ici \u00e0 15 jours.<\/p>\n<p>    La suite apr\u00e8s cette publicit\u00e9<\/p>\n<p>    La suite apr\u00e8s cette publicit\u00e9<\/p>\n<p>Objectif : finaliser un accord de paix entre les deux pays apr\u00e8s trois ans et demi de guerre. Mais les modalit\u00e9s de cette rencontre restent encore \u00e0 trancher, \u00e0 commencer par le lieu. Pour ce faire, le pr\u00e9sident am\u00e9ricain active ses contacts pour organiser ce sommet.<\/p>\n<p>Une rencontre \u00e0 Budapest ?<\/p>\n<p>Selon la presse am\u00e9ricaine, <a href=\"https:\/\/www.europe1.fr\/dossiers\/donald-trump\" target=\"_blank\" rel=\"nofollow noopener\">Donald Trump<\/a> envisagerait Budapest, la capitale de la Hongrie, pays europ\u00e9en dont le gouvernement ne cache pas sa proximit\u00e9 avec Washington et Moscou. Le pr\u00e9sident am\u00e9ricain a justement discut\u00e9 au t\u00e9l\u00e9phone avec son homologue hongrois, Viktor Orban, il y a deux jours ; officiellement pour parler du blocage par Budapest de l&rsquo;adh\u00e9sion de l&rsquo;Ukraine \u00e0 l&rsquo;Union europ\u00e9enne.<\/p>\n<p>    La suite apr\u00e8s cette publicit\u00e9<\/p>\n<p>    La suite apr\u00e8s cette publicit\u00e9<\/p>\n<p>Mais selon le m\u00e9dia Politico, Viktor Orban aurait propos\u00e9 d&rsquo;accueillir la rencontre entre Volodymyr Zelensky et Vladimir Poutine et Donald Trump se serait montr\u00e9 int\u00e9ress\u00e9. Pour l&rsquo;instant, la Maison-Blanche n&rsquo;a pas confirm\u00e9 ni d\u00e9menti l&rsquo;information.<\/p>\n<p>Discussions sur les garanties de s\u00e9curit\u00e9<\/p>\n<p>Pas de r\u00e9action officielle non plus \u00e0 propos d&rsquo;un sommet \u00e0 Moscou comme sugg\u00e9r\u00e9 par les Russes, ou \u00e0 Gen\u00e8ve comme propos\u00e9 par Emmanuel Macron. Mais sur Fox News, ce mardi, Donald Trump a assur\u00e9 qu&rsquo;il n&rsquo;enverrait aucune troupe am\u00e9ricaine en Ukraine. Les \u00c9tats-Unis pourraient cependant fournir un soutien a\u00e9rien \u00e0 Kiev en guise de garantie de s\u00e9curit\u00e9.<\/p>\n<p>    La suite apr\u00e8s cette publicit\u00e9<\/p>\n<p>    La suite apr\u00e8s cette publicit\u00e9<\/p>\n<p>Sur un ton plus l\u00e9ger, le pr\u00e9sident am\u00e9ricain, \u00e2g\u00e9 de 79 ans, a \u00e9galement estim\u00e9 qu&rsquo;obtenir un accord de paix en Ukraine pourrait l&rsquo;aider \u00e0 acc\u00e9der \u00e0 sa mort au paradis. Concernant les garanties de s\u00e9curit\u00e9 apport\u00e9es \u00e0 <a href=\"https:\/\/www.europe1.fr\/dossiers\/ukraine\" target=\"_blank\" rel=\"nofollow noopener\">l&rsquo;Ukraine<\/a> par les Occidentaux en cas d&rsquo;accord de paix, une r\u00e9union est pr\u00e9vue ce mercredi \u00e0 distance entre les chefs d&rsquo;\u00e9tat-major des 32 arm\u00e9es de l&rsquo;Otan.<\/p>\n","protected":false},"excerpt":{"rendered":"Apr\u00e8s Anchorage en Alaska, puis la Maison-Blanche, les hypoth\u00e8ses vont bon train quant au lieu o\u00f9 se tiendra&hellip;\n","protected":false},"author":2,"featured_media":330889,"comment_status":"","ping_status":"","sticky":false,"template":"","format":"standard","meta":{"footnotes":""},"categories":[1589],"tags":[11,73,1866,12,1864,1865,1863,308],"class_list":{"0":"post-330888","1":"post","2":"type-post","3":"status-publish","4":"format-standard","5":"has-post-thumbnail","7":"category-etats-unis","8":"tag-actualites","9":"tag-etats-unis","10":"tag-etats-unis-damerique","11":"tag-news","12":"tag-united-states","13":"tag-united-states-of-america","14":"tag-us","15":"tag-usa"},"share_on_mastodon":{"url":"https:\/\/pubeurope.com\/@fr\/115059445217951845","error":""},"_links":{"self":[{"href":"https:\/\/www.europesays.com\/fr\/wp-json\/wp\/v2\/posts\/330888","targetHints":{"allow":["GET"]}}],"collection":[{"href":"https:\/\/www.europesays.com\/fr\/wp-json\/wp\/v2\/posts"}],"about":[{"href":"https:\/\/www.europesays.com\/fr\/wp-json\/wp\/v2\/types\/post"}],"author":[{"embeddable":true,"href":"https:\/\/www.europesays.com\/fr\/wp-json\/wp\/v2\/users\/2"}],"replies":[{"embeddable":true,"href":"https:\/\/www.europesays.com\/fr\/wp-json\/wp\/v2\/comments?post=330888"}],"version-history":[{"count":0,"href":"https:\/\/www.europesays.com\/fr\/wp-json\/wp\/v2\/posts\/330888\/revisions"}],"wp:featuredmedia":[{"embeddable":true,"href":"https:\/\/www.europesays.com\/fr\/wp-json\/wp\/v2\/media\/330889"}],"wp:attachment":[{"href":"https:\/\/www.europesays.com\/fr\/wp-json\/wp\/v2\/media?parent=330888"}],"wp:term":[{"taxonomy":"category","embeddable":true,"href":"https:\/\/www.europesays.com\/fr\/wp-json\/wp\/v2\/categories?post=330888"},{"taxonomy":"post_tag","embeddable":true,"href":"https:\/\/www.europesays.com\/fr\/wp-json\/wp\/v2\/tags?post=330888"}],"curies":[{"name":"wp","href":"https:\/\/api.w.org\/{rel}","templated":true}]}}