{"id":330890,"date":"2025-08-20T05:29:16","date_gmt":"2025-08-20T05:29:16","guid":{"rendered":"https:\/\/www.europesays.com\/fr\/330890\/"},"modified":"2025-08-20T05:29:16","modified_gmt":"2025-08-20T05:29:16","slug":"quest-ce-palestine-action-lorganisation-soutenue-par-sally-rooney-mais-interdite-par-le-gouvernement-britannique-liberation","status":"publish","type":"post","link":"https:\/\/www.europesays.com\/fr\/330890\/","title":{"rendered":"Qu\u2019est-ce \u00abPalestine Action\u00bb, l\u2019organisation soutenue par Sally Rooney mais interdite par le gouvernement britannique\u00a0? \u2013 Lib\u00e9ration"},"content":{"rendered":"<p class=\"sc-ksZaOG ehjQrN text-element\">\u00abSi cela fait de moi un \u201csoutien du terrorisme\u201d, qu\u2019il en soit ainsi.\u00bb <a href=\"https:\/\/www.liberation.fr\/international\/amerique\/si-cela-fait-de-moi-un-soutien-du-terrorisme-quil-en-soit-ainsi-la-romanciere-sally-rooney-annonce-vouloir-reverser-certains-de-ses-droits-dauteur-a-palestine-action-20250818_NTFO3HKYSBGLNPUJP2JVPCWKVU\/\" target=\"_blank\" rel=\"noreferrer noopener\" title=\"https:\/\/www.liberation.fr\/international\/amerique\/si-cela-fait-de-moi-un-soutien-du-terrorisme-quil-en-soit-ainsi-la-romanciere-sally-rooney-annonce-vouloir-reverser-certains-de-ses-droits-dauteur-a-palestine-action-20250818_NTFO3HKYSBGLNPUJP2JVPCWKVU\/\">L\u2019autrice irlandaise Sally Rooney<\/a>, c\u00e9l\u00e8bre pour son roman Normal People, n\u2019en d\u00e9mord pas. Connue pour son engagement en faveur des droits des Palestiniens, elle a annonc\u00e9 <a href=\"https:\/\/www.irishtimes.com\/culture\/books\/2025\/08\/16\/sally-rooney-i-support-palestine-action-if-this-makes-me-a-supporter-of-terror-under-uk-law-so-be-it\/\" target=\"_blank\" rel=\"noreferrer noopener\" title=\"https:\/\/www.irishtimes.com\/culture\/books\/2025\/08\/16\/sally-rooney-i-support-palestine-action-if-this-makes-me-a-supporter-of-terror-under-uk-law-so-be-it\/\">dans une tribune<\/a> publi\u00e9e samedi 16 ao\u00fbt son intention \u00abd\u2019utiliser [s]es revenus issus de [s]on travail, et [s]a notori\u00e9t\u00e9 de mani\u00e8re plus large, pour soutenir Palestine Action\u00bb.<\/p>\n<p class=\"sc-ksZaOG ehjQrN text-element\">Le rapport avec le terrorisme ? Le fait que ce groupe propalestinien ait \u00e9t\u00e9 interdit et ajout\u00e9 \u00e0 la liste des \u00aborganisations terroris<\/p>\n","protected":false},"excerpt":{"rendered":"\u00abSi cela fait de moi un \u201csoutien du terrorisme\u201d, qu\u2019il en soit ainsi.\u00bb L\u2019autrice irlandaise Sally Rooney, c\u00e9l\u00e8bre&hellip;\n","protected":false},"author":2,"featured_media":330891,"comment_status":"","ping_status":"","sticky":false,"template":"","format":"standard","meta":{"footnotes":""},"categories":[1588],"tags":[11,1777,674,3522,12,3518,473,1853,1254,1851,1850,1852],"class_list":{"0":"post-330890","1":"post","2":"type-post","3":"status-publish","4":"format-standard","5":"has-post-thumbnail","7":"category-royaume-uni","8":"tag-actualites","9":"tag-eu","10":"tag-europe","11":"tag-guerre-hamas-israel","12":"tag-news","13":"tag-palestine","14":"tag-royaume-uni","15":"tag-royaume-uni-de-grande-bretagne-et-dirlande-du-nord","16":"tag-terrorisme","17":"tag-uk","18":"tag-united-kingdom","19":"tag-united-kingdom-of-great-britain-and-northern-ireland"},"share_on_mastodon":{"url":"https:\/\/pubeurope.com\/@fr\/115059449186727564","error":""},"_links":{"self":[{"href":"https:\/\/www.europesays.com\/fr\/wp-json\/wp\/v2\/posts\/330890","targetHints":{"allow":["GET"]}}],"collection":[{"href":"https:\/\/www.europesays.com\/fr\/wp-json\/wp\/v2\/posts"}],"about":[{"href":"https:\/\/www.europesays.com\/fr\/wp-json\/wp\/v2\/types\/post"}],"author":[{"embeddable":true,"href":"https:\/\/www.europesays.com\/fr\/wp-json\/wp\/v2\/users\/2"}],"replies":[{"embeddable":true,"href":"https:\/\/www.europesays.com\/fr\/wp-json\/wp\/v2\/comments?post=330890"}],"version-history":[{"count":0,"href":"https:\/\/www.europesays.com\/fr\/wp-json\/wp\/v2\/posts\/330890\/revisions"}],"wp:featuredmedia":[{"embeddable":true,"href":"https:\/\/www.europesays.com\/fr\/wp-json\/wp\/v2\/media\/330891"}],"wp:attachment":[{"href":"https:\/\/www.europesays.com\/fr\/wp-json\/wp\/v2\/media?parent=330890"}],"wp:term":[{"taxonomy":"category","embeddable":true,"href":"https:\/\/www.europesays.com\/fr\/wp-json\/wp\/v2\/categories?post=330890"},{"taxonomy":"post_tag","embeddable":true,"href":"https:\/\/www.europesays.com\/fr\/wp-json\/wp\/v2\/tags?post=330890"}],"curies":[{"name":"wp","href":"https:\/\/api.w.org\/{rel}","templated":true}]}}