{"id":330908,"date":"2025-08-20T05:39:16","date_gmt":"2025-08-20T05:39:16","guid":{"rendered":"https:\/\/www.europesays.com\/fr\/330908\/"},"modified":"2025-08-20T05:39:16","modified_gmt":"2025-08-20T05:39:16","slug":"atp-cincinnati-alcaraz-derriere-nadal-mais-en-avance-sur-djokovic-et-federer","status":"publish","type":"post","link":"https:\/\/www.europesays.com\/fr\/330908\/","title":{"rendered":"ATP &#8211; Cincinnati > Alcaraz derri\u00e8re Nadal mais en avance sur Djokovic et Federer"},"content":{"rendered":"<p>Titr\u00e9 \u00e0 Cincinnati suite \u00e0 l\u2019abandon de Jannik Sinner en finale, Carlos Alcaraz est devenu \u00e0 22 ans et 105 jours le deuxi\u00e8me plus jeune joueur \u00e0 atteindre la barre des huit sacres en Masters 1000.\u00a0<\/p>\n<p>L\u2019Espagnol devance Novak Djokovic, Roger Federer, Andy Murray, Andre Agassi, Pete Sampras ou encore Thomas Muster. Seul Rafael Nadal avait r\u00e9alis\u00e9 cette perfor\u00admance plus t\u00f4t, \u00e0 seule\u00adment 20 ans et 315\u00a0jours.\u00a0<\/p>\n<blockquote class=\"twitter-tweet\">\n<p lang=\"en\" dir=\"ltr\">At 22y 105d \ud83c\uddea\ud83c\uddf8 Carlos Alcaraz is the 2nd youn\u00adgest player to collect 8 ATP Masters 1000 tour\u00adna\u00adments after \ud83c\uddea\ud83c\uddf8 Rafael Nadal <a href=\"https:\/\/twitter.com\/hashtag\/CyncyTennis?src=hash&amp;ref_src=twsrc%5Etfw\" data-wpel-link=\"external\" target=\"_blank\" rel=\"nofollow external noopener\">#CyncyTennis<\/a> <a href=\"https:\/\/twitter.com\/hashtag\/CincinnatiOpen2025?src=hash&amp;ref_src=twsrc%5Etfw\" data-wpel-link=\"external\" target=\"_blank\" rel=\"nofollow external noopener\">#CincinnatiOpen2025<\/a> <a href=\"https:\/\/t.co\/zN3Mn4Xr30\" data-wpel-link=\"external\" target=\"_blank\" rel=\"nofollow external noopener\">pic.twitter.com\/zN3Mn4Xr30<\/a><\/p>\n<p>\u2014 TennisMyLife (@TennisMyLife68) <a href=\"https:\/\/twitter.com\/TennisMyLife68\/status\/1957533100239409620?ref_src=twsrc%5Etfw\" data-wpel-link=\"external\" target=\"_blank\" rel=\"nofollow external noopener\">August 18,\u00a02025<\/a><\/p><\/blockquote>\n<p>Impressionnant\u202f!<\/p>\n<p class=\"post-published-date\" style=\"color: silver; font-size: 75%; text-align: left;\">Publi\u00e9 le mardi 19 ao\u00fbt 2025 \u00e0 14:45<\/p>\n<p><script async src=\"https:\/\/platform.twitter.com\/widgets.js\" charset=\"utf-8\"><\/script><\/p>\n","protected":false},"excerpt":{"rendered":"Titr\u00e9 \u00e0 Cincinnati suite \u00e0 l\u2019abandon de Jannik Sinner en finale, Carlos Alcaraz est devenu \u00e0 22 ans&hellip;\n","protected":false},"author":2,"featured_media":22522,"comment_status":"","ping_status":"","sticky":false,"template":"","format":"standard","meta":{"footnotes":""},"categories":[1415],"tags":[18937,1744,4737,105,2199,1011,27,1960,2127,60,1467],"class_list":{"0":"post-330908","1":"post","2":"type-post","3":"status-publish","4":"format-standard","5":"has-post-thumbnail","7":"category-tennis","8":"tag-agassi","9":"tag-alcaraz","10":"tag-andy-murray","11":"tag-djokovic","12":"tag-federer","13":"tag-fr","14":"tag-france","15":"tag-nadal","16":"tag-sinner","17":"tag-sports","18":"tag-tennis"},"share_on_mastodon":{"url":"https:\/\/pubeurope.com\/@fr\/115059488413700290","error":""},"_links":{"self":[{"href":"https:\/\/www.europesays.com\/fr\/wp-json\/wp\/v2\/posts\/330908","targetHints":{"allow":["GET"]}}],"collection":[{"href":"https:\/\/www.europesays.com\/fr\/wp-json\/wp\/v2\/posts"}],"about":[{"href":"https:\/\/www.europesays.com\/fr\/wp-json\/wp\/v2\/types\/post"}],"author":[{"embeddable":true,"href":"https:\/\/www.europesays.com\/fr\/wp-json\/wp\/v2\/users\/2"}],"replies":[{"embeddable":true,"href":"https:\/\/www.europesays.com\/fr\/wp-json\/wp\/v2\/comments?post=330908"}],"version-history":[{"count":0,"href":"https:\/\/www.europesays.com\/fr\/wp-json\/wp\/v2\/posts\/330908\/revisions"}],"wp:featuredmedia":[{"embeddable":true,"href":"https:\/\/www.europesays.com\/fr\/wp-json\/wp\/v2\/media\/22522"}],"wp:attachment":[{"href":"https:\/\/www.europesays.com\/fr\/wp-json\/wp\/v2\/media?parent=330908"}],"wp:term":[{"taxonomy":"category","embeddable":true,"href":"https:\/\/www.europesays.com\/fr\/wp-json\/wp\/v2\/categories?post=330908"},{"taxonomy":"post_tag","embeddable":true,"href":"https:\/\/www.europesays.com\/fr\/wp-json\/wp\/v2\/tags?post=330908"}],"curies":[{"name":"wp","href":"https:\/\/api.w.org\/{rel}","templated":true}]}}