{"id":330913,"date":"2025-08-20T05:43:11","date_gmt":"2025-08-20T05:43:11","guid":{"rendered":"https:\/\/www.europesays.com\/fr\/330913\/"},"modified":"2025-08-20T05:43:11","modified_gmt":"2025-08-20T05:43:11","slug":"fin-de-saison-pour-vauquelin","status":"publish","type":"post","link":"https:\/\/www.europesays.com\/fr\/330913\/","title":{"rendered":"Fin de saison pour Vauquelin ?"},"content":{"rendered":"<p class=\"date\">\n                                                            Fabien Le Floc&rsquo;h, Media365 : publi\u00e9 le mardi 19 ao\u00fbt 2025 \u00e0 21h46\n                                                    <\/p>\n<p>Op\u00e9r\u00e9 de la cheville ce mardi \u00e0 Lyon de sa blessure subie \u00e0 la fin du Tour de France, K\u00e9vin Vauquelin pourrait mettre un terme \u00e0 sa saison.<\/p>\n<p>Reverra-t-on K\u00e9vin Vauquelin sur un v\u00e9lo en 2025 ? La question peut se poser, pr\u00e8s d&rsquo;un mois apr\u00e8s la fin du Tour de France 2025 que le Normand a termin\u00e9 \u00e0 <a href=\"https:\/\/sports.orange.fr\/cyclisme\/tour-de-france\/article\/tour-de-france-vauquelin-arensman-cofidis-les-tops-flops-de-l-edition-2025-exclu-CNT000002jLZTh.html\" rel=\"nofollow noopener\" target=\"_blank\">une tr\u00e8s belle septi\u00e8me place au classement g\u00e9n\u00e9ral<\/a>. Le coureur de la formation Ark\u00e9a-BxB Hotels s&rsquo;est bless\u00e9 au soir de la 21e et derni\u00e8re \u00e9tape courue dans les rues de Paris, le dimanche 20 juillet. Non pas en c\u00e9l\u00e9brant de fa\u00e7on d\u00e9mesur\u00e9e sa superbe Grand Boucle, mais \u00ab en descendant des escaliers \u00bb avec sa valise. <a href=\"https:\/\/sports.orange.fr\/cyclisme\/article\/arkea-b-b-hotels-vauquelin-victime-d-un-accident-domestique-exclu-CNT000002jMWAC.html\" rel=\"nofollow noopener\" target=\"_blank\">Victime d&rsquo;une fracture de l&rsquo;extr\u00e9mit\u00e9 distale de la fibula (os de la cheville)<\/a>, K\u00e9vin Vauquelin a \u00e9t\u00e9 op\u00e9r\u00e9 ce mardi 19 ao\u00fbt \u00e0 Lyon de la membrane interosseuse tibio-fibulaire. <\/p>\n<p>Deux mois d&rsquo;absence ?<\/p>\n<p>Ark\u00e9a-BxB Hotels n&rsquo;a pas souhait\u00e9 annoncer de date de retour pour son coureur, pr\u00e9cis\u00e9ment que \u00ab son temps d&rsquo;indisponibilit\u00e9 sera communiqu\u00e9e ult\u00e9rieurement. \u00bb Le temps de retour apr\u00e8s une telle op\u00e9ration peut s&rsquo;allonger jusqu&rsquo;\u00e0 deux mois, en comptant la reprise de l&rsquo;entra\u00eenement, ce qui compromettrait la fin de saison du Fran\u00e7ais de 24 ans. Sa pr\u00e9sence aux Championnats du monde sur route au Rwanda (21 septembre-28 septembre) para\u00eet plus que compromise, comme pour les Championnats d&rsquo;Europe (1er octobre-5 octobre) qui seront disput\u00e9s sur les routes des d\u00e9partements de l&rsquo;Ard\u00e8che et la Dr\u00f4me, en France. Reste \u00e0 voir s&rsquo;il pourra participer aux classiques italiennes \u00e0 la mi-octobre, o\u00f9 s&rsquo;il pr\u00e9f\u00e9rera mettre un terme \u00e0 sa saison pour mieux r\u00e9cup\u00e9rer.<\/p>\n<p>\u00c2g\u00e9 de 24 ans, Kevin Vauquelin conna\u00eetrait alors une fin de saison g\u00e2ch\u00e9e apr\u00e8s avoir r\u00e9alis\u00e9 jusqu&rsquo;\u00e0 pr\u00e9sent la meilleure ann\u00e9e de sa carri\u00e8re. Avant ce Tour de France durant lequel il a suscit\u00e9 l&rsquo;enthousiasme de tous les fans fran\u00e7ais de cyclisme, le Normand avait pris la deuxi\u00e8me place de la Fl\u00e8che Wallonne, derri\u00e8re Tadej Pogacar, ainsi qu&rsquo;au Tour de Suisse.<\/p>\n","protected":false},"excerpt":{"rendered":"Fabien Le Floc&rsquo;h, Media365 : publi\u00e9 le mardi 19 ao\u00fbt 2025 \u00e0 21h46 Op\u00e9r\u00e9 de la cheville ce&hellip;\n","protected":false},"author":2,"featured_media":330914,"comment_status":"","ping_status":"","sticky":false,"template":"","format":"standard","meta":{"footnotes":""},"categories":[1411],"tags":[1154,207,1011,27,60],"class_list":{"0":"post-330913","1":"post","2":"type-post","3":"status-publish","4":"format-standard","5":"has-post-thumbnail","7":"category-cyclisme","8":"tag-cycling","9":"tag-cyclisme","10":"tag-fr","11":"tag-france","12":"tag-sports"},"share_on_mastodon":{"url":"https:\/\/pubeurope.com\/@fr\/115059504182786972","error":""},"_links":{"self":[{"href":"https:\/\/www.europesays.com\/fr\/wp-json\/wp\/v2\/posts\/330913","targetHints":{"allow":["GET"]}}],"collection":[{"href":"https:\/\/www.europesays.com\/fr\/wp-json\/wp\/v2\/posts"}],"about":[{"href":"https:\/\/www.europesays.com\/fr\/wp-json\/wp\/v2\/types\/post"}],"author":[{"embeddable":true,"href":"https:\/\/www.europesays.com\/fr\/wp-json\/wp\/v2\/users\/2"}],"replies":[{"embeddable":true,"href":"https:\/\/www.europesays.com\/fr\/wp-json\/wp\/v2\/comments?post=330913"}],"version-history":[{"count":0,"href":"https:\/\/www.europesays.com\/fr\/wp-json\/wp\/v2\/posts\/330913\/revisions"}],"wp:featuredmedia":[{"embeddable":true,"href":"https:\/\/www.europesays.com\/fr\/wp-json\/wp\/v2\/media\/330914"}],"wp:attachment":[{"href":"https:\/\/www.europesays.com\/fr\/wp-json\/wp\/v2\/media?parent=330913"}],"wp:term":[{"taxonomy":"category","embeddable":true,"href":"https:\/\/www.europesays.com\/fr\/wp-json\/wp\/v2\/categories?post=330913"},{"taxonomy":"post_tag","embeddable":true,"href":"https:\/\/www.europesays.com\/fr\/wp-json\/wp\/v2\/tags?post=330913"}],"curies":[{"name":"wp","href":"https:\/\/api.w.org\/{rel}","templated":true}]}}