{"id":330915,"date":"2025-08-20T05:44:10","date_gmt":"2025-08-20T05:44:10","guid":{"rendered":"https:\/\/www.europesays.com\/fr\/330915\/"},"modified":"2025-08-20T05:44:10","modified_gmt":"2025-08-20T05:44:10","slug":"officiel-psg-la-signature-revolutionnaire","status":"publish","type":"post","link":"https:\/\/www.europesays.com\/fr\/330915\/","title":{"rendered":"Officiel &#8211; PSG\u00a0: La signature r\u00e9volutionnaire"},"content":{"rendered":"<p>Thomas Bourseau<\/p>\n<p>                        &#8211;<\/p>\n<p>R\u00e9dacteur<\/p>\n<p>F\u00e9ru de sport, Thomas a grandi entre le ballon rond du football et le orange du basket, ses deux coups de c\u0153ur depuis toujours. Dipl\u00f4m\u00e9 d\u2019un Master et d\u2019une Licence \u00e0 l\u2019Institut Europ\u00e9en du Journalisme de Paris, il suit toujours de tr\u00e8s pr\u00e8s les aventures d\u2019Arsenal et des Los Angeles Lakers.<\/p>\n<p class=\"heading\">Au PSG, tous les feux ont \u00e9t\u00e9 mis au vert pendant la saison derni\u00e8re pour le projet sportif du club. En plus d\u2019une domination nationale et europ\u00e9enne, le Paris Saint-Germain a blind\u00e9 ses cadres y compris Luis Enrique. Le fait que l\u2019entra\u00eeneur espagnol ait appos\u00e9 sa signature sur un nouveau contrat est un coup magistral pour l\u2019agent d\u2019Achraf Hakimi. <\/p>\n<p>\u00ab\u00a0Paris, on a quelque chose \u00e0 te dire\u00a0\u00bb. Le vendredi 7 f\u00e9vrier dernier, ce fut une soir\u00e9e de gala au <strong>Parc des princes <\/strong>pour la 21\u00e8me journ\u00e9e de <strong>Ligue 1<\/strong>. En effet, le <strong>Paris Saint<\/strong>&#8211;<strong>Germain <\/strong>recevait <strong>l\u2019AS Monaco<\/strong> et signait un feu d\u2019artifice devant un public qu\u2019il avait bien chauff\u00e9 avant le coup d\u2019envoi (4-1). Et pour cause, <strong>Nasser Al<\/strong>&#8211;<strong>Khela\u00effi <\/strong>s\u2019\u00e9tait pr\u00e9sent\u00e9 sur la pelouse du <strong>Parc <\/strong>accompagn\u00e9 de <strong>Nuno Mendes<\/strong>, de <strong>Vitinha <\/strong>et d\u2019<strong>Achraf Hakimi <\/strong>dans le cadre de l\u2019annonce de leurs prolongations de contrat jusqu\u2019\u00e0 l\u2019\u00e9t\u00e9 2029. <\/p>\n<p>                                            Le PSG blinde Luis Enrique<\/p>\n<p>Mais ce ne fut pas tout. Le pr\u00e9sident du <strong>PSG <\/strong>avait \u00e9galement l\u2019honneur d\u2019annoncer la continuit\u00e9 de <strong>Luis Enrique <\/strong>au club pour deux saisons suppl\u00e9mentaires, actant le mariage entre les parties concern\u00e9es jusqu\u2019en juin 2027. Un accord plus que primordial au vu de la tournure des \u00e9v\u00e8nements dans la fin de saison du <strong>Paris Saint<\/strong>&#8211;<strong>Germain\u00a0<\/strong>: en plus du <strong>Troph\u00e9e des champions<\/strong>, le club a sign\u00e9 le doubl\u00e9 <strong>Ligue 1 <\/strong>et Coupe de France avant d\u2019\u00e9crire l\u2019histoire en <strong>Ligue des champions <\/strong>et en <strong>Supercoupe d\u2019Europe<\/strong>, le tout, en enthousiasmant les observateurs et l\u2019agent d<a href=\"https:\/\/le10sport.com\/football\/ligue1\/psg\/transfert-au-psg-surprise-il-va-remplacer-hakimi-et-marquinhos-754778\" rel=\"nofollow noopener\" target=\"_blank\">\u2019Achraf Hakimi. <\/a><\/p>\n<p>                                            \u00abUn football que leur entra\u00eeneur a su mettre en valeur, en accordant de l&rsquo;importance \u00e0 l&rsquo;esth\u00e9tique, \u00e0 la vitesse et, au final, au plaisir de jouer\u00bb<\/p>\n<p>Pour Winwin.com, <strong>Alejandro Camano <\/strong>a rendu hommage au <strong>PSG <\/strong>pour avoir su blinder <strong>Luis Enrique<\/strong>. \u00ab Tous les joueurs qui travaillent dur, qui se battent et qui jouent un r\u00f4le important sur les ailes doivent se sentir repr\u00e9sent\u00e9s, car ils ont d\u00e9sormais la possibilit\u00e9 de remporter un prix de cette envergure. Ce serait une erreur d&rsquo;ignorer l&rsquo;importance du travail accompli par le Paris Saint-Germain, gr\u00e2ce auquel autant de ses joueurs ont \u00e9t\u00e9 nomin\u00e9s, gr\u00e2ce \u00e0 un football que leur entra\u00eeneur a su mettre en valeur, en accordant de l&rsquo;importance \u00e0 l&rsquo;esth\u00e9tique, \u00e0 la vitesse et, au final, au plaisir de jouer \u00bb. <\/p>\n","protected":false},"excerpt":{"rendered":"Thomas Bourseau &#8211; R\u00e9dacteur F\u00e9ru de sport, Thomas a grandi entre le ballon rond du football et le&hellip;\n","protected":false},"author":2,"featured_media":330916,"comment_status":"","ping_status":"","sticky":false,"template":"","format":"standard","meta":{"footnotes":""},"categories":[1410],"tags":[63,1011,27,60],"class_list":{"0":"post-330915","1":"post","2":"type-post","3":"status-publish","4":"format-standard","5":"has-post-thumbnail","7":"category-football","8":"tag-football","9":"tag-fr","10":"tag-france","11":"tag-sports"},"share_on_mastodon":{"url":"https:\/\/pubeurope.com\/@fr\/115059508146339395","error":""},"_links":{"self":[{"href":"https:\/\/www.europesays.com\/fr\/wp-json\/wp\/v2\/posts\/330915","targetHints":{"allow":["GET"]}}],"collection":[{"href":"https:\/\/www.europesays.com\/fr\/wp-json\/wp\/v2\/posts"}],"about":[{"href":"https:\/\/www.europesays.com\/fr\/wp-json\/wp\/v2\/types\/post"}],"author":[{"embeddable":true,"href":"https:\/\/www.europesays.com\/fr\/wp-json\/wp\/v2\/users\/2"}],"replies":[{"embeddable":true,"href":"https:\/\/www.europesays.com\/fr\/wp-json\/wp\/v2\/comments?post=330915"}],"version-history":[{"count":0,"href":"https:\/\/www.europesays.com\/fr\/wp-json\/wp\/v2\/posts\/330915\/revisions"}],"wp:featuredmedia":[{"embeddable":true,"href":"https:\/\/www.europesays.com\/fr\/wp-json\/wp\/v2\/media\/330916"}],"wp:attachment":[{"href":"https:\/\/www.europesays.com\/fr\/wp-json\/wp\/v2\/media?parent=330915"}],"wp:term":[{"taxonomy":"category","embeddable":true,"href":"https:\/\/www.europesays.com\/fr\/wp-json\/wp\/v2\/categories?post=330915"},{"taxonomy":"post_tag","embeddable":true,"href":"https:\/\/www.europesays.com\/fr\/wp-json\/wp\/v2\/tags?post=330915"}],"curies":[{"name":"wp","href":"https:\/\/api.w.org\/{rel}","templated":true}]}}