{"id":330917,"date":"2025-08-20T05:45:13","date_gmt":"2025-08-20T05:45:13","guid":{"rendered":"https:\/\/www.europesays.com\/fr\/330917\/"},"modified":"2025-08-20T05:45:13","modified_gmt":"2025-08-20T05:45:13","slug":"anna-wintour-sen-va-de-vogue-sa-remplacante-pourrait-etre-une-francaise-aux-parents-mythiques","status":"publish","type":"post","link":"https:\/\/www.europesays.com\/fr\/330917\/","title":{"rendered":"Anna Wintour s\u2019en va de Vogue : sa rempla\u00e7ante pourrait \u00eatre une Fran\u00e7aise aux parents mythiques"},"content":{"rendered":"<p>            <img loading=\"lazy\" decoding=\"async\" src=\"https:\/\/www.europesays.com\/fr\/wp-content\/uploads\/2025\/04\/144-64f8c016610ee-35x35-1.jpg\" class=\"author-article-picture\" width=\"35\" height=\"35\"\/><\/p>\n<p>                Par<br \/>\n                                    <a class=\"author-article-bio-link\" href=\"https:\/\/www.purepeople.com\/auteur\/louise-martin_a144\" rel=\"nofollow noopener\" target=\"_blank\">Louise Martin<\/a><br \/>\n                                                    | R\u00e9dactrice<\/p>\n<p>\n                Koh Lanta, Les Marseillais mais aussi Mari\u00e9s au Premier regards\u2026 Louise Martin est une t\u00e9l\u00e9vore qui essaye, \u00e0 ses heures perdues, de refaire les g\u00e2teaux qu\u2019elle admire devant le Meilleur P\u00e2tissier\u2026 mais elle ne risque pas de gagner le tablier bleu ! Les r\u00e9seaux sociaux n\u2019ont pas de secret pour elle, les derniers scoops, les derni\u00e8res \u00e9missions, elle les conna\u00eet tous.\n            <\/p>\n<p>\n    Apr\u00e8s trente-sept ans pass\u00e9s \u00e0 la t\u00eate de l\u2019\u00e9dition am\u00e9ricaine du magazine \u00ab\u00a0Vogue\u00a0\u00bb, Anna Wintour a annonc\u00e9 son d\u00e9part en juin 2025, ouvrant une nouvelle \u00e8re pour le magazine de mode le plus influent du monde. Reste d\u00e9sormais une question cruciale : qui aura l\u2019\u00e9toffe pour lui succ\u00e9der ? Certains noms tournent et sa rempla\u00e7ante serait peut-\u00eatre une Fran\u00e7aise.\n<\/p>\n<p>                            <img loading=\"lazy\" decoding=\"async\" class=\"player-thumbnail\" src=\"https:\/\/www.europesays.com\/fr\/wp-content\/uploads\/2025\/08\/f9e6c8d448311489-580x326-2.jpg\" width=\"580\" height=\"326\"\/><\/p>\n<p>                    Anna Wintour s\u2019en va de Vogue : sa rempla\u00e7ante pourrait \u00eatre une Fran\u00e7aise aux parents mythiques<\/p>\n<p>La suite apr\u00e8s la publicit\u00e9<\/p>\n<p>Apr\u00e8s plus de trois d\u00e9cennies \u00e0 fa\u00e7onner l\u2019histoire de la mode, <a href=\"https:\/\/www.purepeople.com\/people\/anna-wintour_p2081\" rel=\"nofollow noopener\" target=\"_blank\">Anna Wintour<\/a> a d\u00e9cid\u00e9 de tourner une page. Fin juin 2025, la r\u00e9dactrice en chef de l\u2019\u00e9dition am\u00e9ricaine de Vogue a annonc\u00e9 \u00e0 ses \u00e9quipes qu\u2019<a href=\"https:\/\/www.purepeople.com\/article\/le-monde-de-la-mode-ne-sera-plus-jamais-le-meme-anna-wintour-a-pris-une-decision-qui-fait-deja-trembler-le-milieu_a539793\/1\" rel=\"nofollow noopener\" target=\"_blank\">elle quittait ses fonctions, apr\u00e8s trente-sept ann\u00e9es pass\u00e9es \u00e0 la t\u00eate du magazine.<\/a> <strong>\u00c0 75 ans, la c\u00e9l\u00e8bre papesse de la mode ne tire toutefois pas un trait d\u00e9finitif sur son influence puisqu&rsquo;elle conserve son r\u00f4le de directrice mondiale du contenu pour Cond\u00e9 Nast <\/strong>ainsi que celui de responsable de l\u2019\u00e9dition internationale du titre. Derri\u00e8re cette d\u00e9cision, c\u2019est une transition majeure qui s\u2019ouvre pour le groupe de presse. Anna Wintour laisse derri\u00e8re elle un h\u00e9ritage immense. <strong>Arriv\u00e9e comme directrice de la cr\u00e9ation en 1983, elle avait pris les r\u00eanes de l\u2019\u00e9dition britannique de <\/strong><strong>Vogue<\/strong><strong> entre 1985 et 1987<\/strong>, avant d\u2019\u00eatre propuls\u00e9e, l\u2019ann\u00e9e suivante, \u00e0 la t\u00eate de la prestigieuse version am\u00e9ricaine. En<strong> pr\u00e8s de quarante ans, elle a transform\u00e9 le magazine en r\u00e9f\u00e9rence mondiale et en barom\u00e8tre incontournable des tendances. <\/strong>Son r\u00f4le s\u2019est aussi \u00e9tendu bien au-del\u00e0 des pages du mensuel.\u00a0<\/p>\n<p><a href=\"https:\/\/www.purepeople.com\/article\/met-gala-2019-ces-stars-privees-de-tapis-rouge-par-anna-wintour_a334868\/1\" rel=\"nofollow noopener\" target=\"_blank\">Figure centrale du Met Gala<\/a>, qu\u2019elle supervise depuis de longues ann\u00e9es, elle a fait de cet \u00e9v\u00e9nement l\u2019un des rendez-vous les plus spectaculaires et influents de la mode, mais aussi une collecte de fonds essentielle pour le Metropolitan Museum of Art de New York. <strong>Dans la culture populaire, Anna Wintour a inspir\u00e9 l\u2019un des personnages les plus marquants du cin\u00e9ma contemporain <\/strong>: Miranda Priestly, incarn\u00e9e par Meryl Streep dans Le Diable s\u2019habille en Prada, sorti en 2006, adaptation du roman de Lauren Weisberger et dont la suite est actuellement en cours de tournage. La froideur l\u00e9gendaire du personnage, son exigence implacable et son sens de la mode ont contribu\u00e9 \u00e0 b\u00e2tir <a href=\"https:\/\/www.purepeople.com\/article\/karl-lagerfeld-a-reussi-a-faire-tomber-les-lunettes-d-anna-wintour_a64464\/1\" rel=\"nofollow noopener\" target=\"_blank\">le mythe Wintour, renforc\u00e9 par son carr\u00e9 iconique et ses lunettes de soleil qu\u2019elle ne quitte presque jamais<\/a>. Le nom de sa potentielle successeure alimente d\u00e9j\u00e0 les discussions.<strong> Parmi les candidates \u00e9voqu\u00e9es ? Chloe Malle, fille de l\u2019actrice Candice Bergen et du cin\u00e9aste Louis Malle,<\/strong> qui avait remport\u00e9 la Palme d\u2019Or \u00e0 Cannes en 1956 pour Le Monde du silence.\u00a0<\/p>\n<p><strong>La rel\u00e8ve bient\u00f4t assur\u00e9e ?\u00a0<\/strong><\/p>\n<p>Dans un portrait qui lui est consacr\u00e9, ELLE d\u00e9crit la Franco-Am\u00e9ricaine comme<strong> <\/strong><strong>\u00ab\u00a0l\u2019une des favorites pour remplacer Anna Wintour \u00e0 la t\u00eate de Vogue aux \u00c9tats-Unis\u00a0\u00bb.<\/strong> N\u00e9e le 8 novembre 1985 \u00e0 New York, elle n\u2019a pas encore 40 ans mais poss\u00e8de d\u00e9j\u00e0 une solide exp\u00e9rience au sein du prestigieux magazine. <strong>Elle a suivi des \u00e9tudes de litt\u00e9rature \u00e0 l\u2019universit\u00e9 de Brown, avant de faire un passage \u00e0 la Sorbonne \u00e0 Paris.<\/strong> Plut\u00f4t que de suivre la voie trac\u00e9e par ses parents dans le cin\u00e9ma ou la t\u00e9l\u00e9vision, elle a choisi le journalisme. Elle a collabor\u00e9 avec plusieurs grands m\u00e9dias comme le New York Times et le Wall Street Journal avant de rejoindre Vogue en 2011, o\u00f9 elle a d\u2019abord pris en charge les r\u00e9seaux sociaux. Depuis son arriv\u00e9e au sein de la r\u00e9daction, elle n\u2019a jamais quitt\u00e9 la maison. Progressivement, <strong>elle a gravi les \u00e9chelons pour devenir r\u00e9dactrice en chef du site internet du magazine.<\/strong> Une fonction strat\u00e9gique dans un paysage m\u00e9diatique de plus en plus digitalis\u00e9.\u00a0<\/p>\n<p><strong>Une nomination attendue tr\u00e8s prochainement<\/strong><\/p>\n<p>Selon ELLE, Chlo\u00e9 Malle \u00ab\u00a0est tr\u00e8s appr\u00e9ci\u00e9e\u00a0\u00bb au sein de l\u2019entreprise, ce qui renforce sa position dans la course \u00e0 la succession. \u00c2g\u00e9e aujourd\u2019hui de 39 ans, mari\u00e9e et m\u00e8re de deux enfants, elle semble incarner la rel\u00e8ve parfaite : \u00e0 la fois ancr\u00e9e dans la tradition de Vogue et tourn\u00e9e vers son avenir num\u00e9rique. D\u2019apr\u00e8s les informations du m\u00e9dia am\u00e9ricain Page Six, <strong>Chlo\u00e9 Malle<\/strong><strong> \u00ab\u00a0serait aujourd\u2019hui en bonne position pour succ\u00e9der \u00e0 Anna Wintour\u00a0\u00bb<\/strong>. Une d\u00e9cision officielle pourrait \u00eatre annonc\u00e9e d\u2019ici le d\u00e9but de <a href=\"https:\/\/www.purepeople.com\/article\/video-fashion-week-de-new-york-un-homme-violemment-exfiltre-apres-avoir-defile-dans-une-tenue-improbable_a513925\/1\" rel=\"nofollow noopener\" target=\"_blank\">la Fashion Week de New York<\/a>, pr\u00e9vue le 11 septembre prochain. Un d\u00e9tail amusant vient par ailleurs renforcer la l\u00e9gende familiale comme l&rsquo;ont rapport\u00e9 nos consoeurs : Candice Bergen, la m\u00e8re de Chlo\u00e9, avait incarn\u00e9 dans Sex and the City le r\u00f4le d\u2019Enid Frick, une r\u00e9dactrice en chef de Vogue et patronne de Carrie Bradshaw.\u00a0<\/p>\n","protected":false},"excerpt":{"rendered":"Par Louise Martin | R\u00e9dactrice Koh Lanta, Les Marseillais mais aussi Mari\u00e9s au Premier regards\u2026 Louise Martin est&hellip;\n","protected":false},"author":2,"featured_media":330918,"comment_status":"","ping_status":"","sticky":false,"template":"","format":"standard","meta":{"footnotes":""},"categories":[1359],"tags":[58,59,1011,27,973],"class_list":{"0":"post-330917","1":"post","2":"type-post","3":"status-publish","4":"format-standard","5":"has-post-thumbnail","7":"category-people","8":"tag-divertissement","9":"tag-entertainment","10":"tag-fr","11":"tag-france","12":"tag-people"},"share_on_mastodon":{"url":"https:\/\/pubeurope.com\/@fr\/115059512107564915","error":""},"_links":{"self":[{"href":"https:\/\/www.europesays.com\/fr\/wp-json\/wp\/v2\/posts\/330917","targetHints":{"allow":["GET"]}}],"collection":[{"href":"https:\/\/www.europesays.com\/fr\/wp-json\/wp\/v2\/posts"}],"about":[{"href":"https:\/\/www.europesays.com\/fr\/wp-json\/wp\/v2\/types\/post"}],"author":[{"embeddable":true,"href":"https:\/\/www.europesays.com\/fr\/wp-json\/wp\/v2\/users\/2"}],"replies":[{"embeddable":true,"href":"https:\/\/www.europesays.com\/fr\/wp-json\/wp\/v2\/comments?post=330917"}],"version-history":[{"count":0,"href":"https:\/\/www.europesays.com\/fr\/wp-json\/wp\/v2\/posts\/330917\/revisions"}],"wp:featuredmedia":[{"embeddable":true,"href":"https:\/\/www.europesays.com\/fr\/wp-json\/wp\/v2\/media\/330918"}],"wp:attachment":[{"href":"https:\/\/www.europesays.com\/fr\/wp-json\/wp\/v2\/media?parent=330917"}],"wp:term":[{"taxonomy":"category","embeddable":true,"href":"https:\/\/www.europesays.com\/fr\/wp-json\/wp\/v2\/categories?post=330917"},{"taxonomy":"post_tag","embeddable":true,"href":"https:\/\/www.europesays.com\/fr\/wp-json\/wp\/v2\/tags?post=330917"}],"curies":[{"name":"wp","href":"https:\/\/api.w.org\/{rel}","templated":true}]}}