{"id":330919,"date":"2025-08-20T05:46:15","date_gmt":"2025-08-20T05:46:15","guid":{"rendered":"https:\/\/www.europesays.com\/fr\/330919\/"},"modified":"2025-08-20T05:46:15","modified_gmt":"2025-08-20T05:46:15","slug":"a-tolla-en-corse-du-sud-la-photographe-diane-moulenc-questionne-lart-et-la-maniere","status":"publish","type":"post","link":"https:\/\/www.europesays.com\/fr\/330919\/","title":{"rendered":"\u00c0 Tolla, en Corse-du-Sud, la photographe Diane Moulenc questionne l&rsquo;art et la mani\u00e8re"},"content":{"rendered":"<p>Un petit gar\u00e7on \u00e9clair\u00e9 \u00e0 la lumi\u00e8re d&rsquo;une bougie, un paysage d\u00e9sertique dans une nuance de marron, des hommes berb\u00e8res\u2026<\/p>\n<p>Au milieu de ces photos, de longs cheveux boucl\u00e9s et noirs s&rsquo;affairent. C&rsquo;est Diane.<\/p>\n<p>Exposer des photos et mieux conna\u00eetre ceux qui les regardent<\/p>\n<p>Diane Moulenc est photographe. Elle a 32 ans, a \u00e9tudi\u00e9 \u00e0 l&rsquo;\u00e9cole nationale sup\u00e9rieure de la photographie d&rsquo;Arles, a voyag\u00e9 aux \u00c9tats-Unis et en Am\u00e9rique du Sud, a \u00e9t\u00e9 \u00e9lev\u00e9e \u00e0 Moltifao, et est venue vivre \u00e0 Tolla. Elle fait des photos parce qu&rsquo;elle aime \u00e7a et puisque \u00ab\u00a0de toute fa\u00e7on, [elle] ne sait rien faire d\u2019autre\u00a0\u00bb.\u00a0En accord avec la mairie du village, un local a \u00e9t\u00e9 mis \u00e0 sa disposition entre l&rsquo;\u00e9picerie et la pizzeria.<\/p>\n","protected":false},"excerpt":{"rendered":"Un petit gar\u00e7on \u00e9clair\u00e9 \u00e0 la lumi\u00e8re d&rsquo;une bougie, un paysage d\u00e9sertique dans une nuance de marron, des&hellip;\n","protected":false},"author":2,"featured_media":330920,"comment_status":"","ping_status":"","sticky":false,"template":"","format":"standard","meta":{"footnotes":""},"categories":[1358],"tags":[17,30625,1348,1384,1385,9242,2517,1687,1386,58,59,1011,27,20528,7555,96,6456],"class_list":{"0":"post-330919","1":"post","2":"type-post","3":"status-publish","4":"format-standard","5":"has-post-thumbnail","7":"category-arts-et-design","8":"tag-17","9":"tag-a-t-elle","10":"tag-arts","11":"tag-arts-and-design","12":"tag-arts-et-design","13":"tag-choisi","14":"tag-corse","15":"tag-culture-loisirs","16":"tag-design","17":"tag-divertissement","18":"tag-entertainment","19":"tag-fr","20":"tag-france","21":"tag-photographe","22":"tag-pourquoi","23":"tag-une","24":"tag-village"},"share_on_mastodon":{"url":"https:\/\/pubeurope.com\/@fr\/115059516068529803","error":""},"_links":{"self":[{"href":"https:\/\/www.europesays.com\/fr\/wp-json\/wp\/v2\/posts\/330919","targetHints":{"allow":["GET"]}}],"collection":[{"href":"https:\/\/www.europesays.com\/fr\/wp-json\/wp\/v2\/posts"}],"about":[{"href":"https:\/\/www.europesays.com\/fr\/wp-json\/wp\/v2\/types\/post"}],"author":[{"embeddable":true,"href":"https:\/\/www.europesays.com\/fr\/wp-json\/wp\/v2\/users\/2"}],"replies":[{"embeddable":true,"href":"https:\/\/www.europesays.com\/fr\/wp-json\/wp\/v2\/comments?post=330919"}],"version-history":[{"count":0,"href":"https:\/\/www.europesays.com\/fr\/wp-json\/wp\/v2\/posts\/330919\/revisions"}],"wp:featuredmedia":[{"embeddable":true,"href":"https:\/\/www.europesays.com\/fr\/wp-json\/wp\/v2\/media\/330920"}],"wp:attachment":[{"href":"https:\/\/www.europesays.com\/fr\/wp-json\/wp\/v2\/media?parent=330919"}],"wp:term":[{"taxonomy":"category","embeddable":true,"href":"https:\/\/www.europesays.com\/fr\/wp-json\/wp\/v2\/categories?post=330919"},{"taxonomy":"post_tag","embeddable":true,"href":"https:\/\/www.europesays.com\/fr\/wp-json\/wp\/v2\/tags?post=330919"}],"curies":[{"name":"wp","href":"https:\/\/api.w.org\/{rel}","templated":true}]}}