{"id":330921,"date":"2025-08-20T05:47:09","date_gmt":"2025-08-20T05:47:09","guid":{"rendered":"https:\/\/www.europesays.com\/fr\/330921\/"},"modified":"2025-08-20T05:47:09","modified_gmt":"2025-08-20T05:47:09","slug":"incroyable-dijon-metropole-un-livre-collectif-pour-reveler-la-richesse-de-lagglomeration","status":"publish","type":"post","link":"https:\/\/www.europesays.com\/fr\/330921\/","title":{"rendered":"\u00ab Incroyable Dijon M\u00e9tropole \u00bb : un livre collectif pour r\u00e9v\u00e9ler la richesse de l\u2019agglom\u00e9ration"},"content":{"rendered":"<p>Apr\u00e8s le succ\u00e8s du beau-livre Incroyable C\u00f4te-d\u2019Or, l\u2019association Cotedorpix et les \u00c9ditions Liralest s\u2019associent \u00e0 nouveau pour un projet d\u2019envergure : Incroyable Dijon M\u00e9tropole. Ce nouvel ouvrage, attendu pour mi-septembre, proposera plus de 500 photographies in\u00e9dites consacr\u00e9es aux 23 communes de la m\u00e9tropole dijonnaise, assorties de textes historiques et narratifs.<\/p>\n<p>Le projet est port\u00e9 par l\u2019association Cotedorpix, fond\u00e9e par Nicolas Daubigney au plus fort du confinement en avril 2020. Ce groupe Facebook de passionn\u00e9s de photographie rassemble aujourd\u2019hui pr\u00e8s de 22 000 membres. De cette dynamique est n\u00e9e, en 2022, une association qui \u0153uvre pour valoriser le patrimoine de la C\u00f4te-d\u2019Or et de Dijon m\u00e9tropole.<br \/>Le premier livre \u00e9dit\u00e9 en 2023, <a href=\"https:\/\/www.info-beaune.com\/articles\/2023\/09\/16\/3856\/parution-d-incroyable-cote-d-or-le-livre-photo-de-cotedorpix-qui-offre-500-merveilleuses-photos-sur-la-bourgogne\/\" target=\"_blank\" rel=\"noopener nofollow\">Incroyable C\u00f4te-d\u2019Or<\/a>, avait n\u00e9cessit\u00e9 plus de 400 heures de travail et s\u2019\u00e9tait vendu \u00e0 plus de 2 500 exemplaires. Devant l\u2019enthousiasme suscit\u00e9, l\u2019\u00e9quipe a d\u00e9cid\u00e9 de prolonger l\u2019aventure avec un second volume consacr\u00e9 \u00e0 Dijon et son agglom\u00e9ration.<\/p>\n<p><strong>Des petits coins m\u00e9connus et des instants de vie<\/strong><br \/>L\u2019ouvrage offrira un parcours visuel in\u00e9dit, mettant en lumi\u00e8re aussi bien les \u00e9glises, ch\u00e2teaux, places mythiques que les parcs, jardins, combes, lacs et vignobles. Les clich\u00e9s montreront \u00e9galement des sc\u00e8nes de vie, f\u00eates locales et lieux insolites, pour r\u00e9v\u00e9ler la m\u00e9tropole sous un jour nouveau.<br \/>Comme pour le pr\u00e9c\u00e9dent opus, la s\u00e9lection des photos suit un processus rigoureux : tri, relecture, v\u00e9rification des l\u00e9gendes.\u00a0<br \/>Le livre, \u00e9dit\u00e9 au format paysage sur papier photo haut de gamme, sera structur\u00e9 en chapitres th\u00e9matiques (patrimoine b\u00e2ti, architecture moderne, nature, sc\u00e8nes urbaines, reflets\u2026). Chaque photo sera accompagn\u00e9e du nom de son auteur et d\u2019une l\u00e9gende explicative.<\/p>\n<p><strong>Une souscription \u00e0 tarif pr\u00e9f\u00e9rentiel<\/strong><br \/>Les amateurs de photographie et de patrimoine peuvent d\u00e9j\u00e0 pr\u00e9commander le livre au prix pr\u00e9f\u00e9rentiel de 29 \u20ac (au lieu de 40 \u20ac), avec frais de port offerts par l\u2019\u00e9diteur Liralest. Cette souscription est ouverte jusqu\u2019au 31 ao\u00fbt 2025.<br \/><a href=\"https:\/\/www.liralest.fr\/produit\/incroyable-dijon-metropole\/\" target=\"_blank\" rel=\"noopener nofollow\">Lien de souscription<\/a>\u00a0<br \/>Au-del\u00e0 de l\u2019ouvrage, Cotedorpix r\u00e9investira les droits d\u2019auteur pour financer des visites guid\u00e9es gratuites et d\u2019autres actions de valorisation du patrimoine. \u00ab Tout est b\u00e9n\u00e9vole. Ce que nous voulons, c\u2019est partager la passion du territoire et permettre \u00e0 chacun de d\u00e9couvrir des lieux insoup\u00e7onn\u00e9s \u00bb, pr\u00e9cise Nicolas Daubigney.<br \/>Avec Incroyable Dijon M\u00e9tropole, les habitants comme les visiteurs pourront red\u00e9couvrir la richesse d\u2019un territoire qui fut jadis le c\u0153ur du puissant duch\u00e9 de Bourgogne, et qui continue d\u2019\u00e9tonner par la diversit\u00e9 de ses paysages et de ses histoires.<\/p>\n<p>Site internet : <a href=\"http:\/\/www.cotedorpix.fr\" target=\"_blank\" rel=\"noopener nofollow\">www.cotedorpix.fr<\/a><\/p>\n","protected":false},"excerpt":{"rendered":"Apr\u00e8s le succ\u00e8s du beau-livre Incroyable C\u00f4te-d\u2019Or, l\u2019association Cotedorpix et les \u00c9ditions Liralest s\u2019associent \u00e0 nouveau pour un&hellip;\n","protected":false},"author":2,"featured_media":330922,"comment_status":"","ping_status":"","sticky":false,"template":"","format":"standard","meta":{"footnotes":""},"categories":[1357],"tags":[1379,58,59,1011,27,1380],"class_list":{"0":"post-330921","1":"post","2":"type-post","3":"status-publish","4":"format-standard","5":"has-post-thumbnail","7":"category-livres","8":"tag-books","9":"tag-divertissement","10":"tag-entertainment","11":"tag-fr","12":"tag-france","13":"tag-livres"},"share_on_mastodon":{"url":"https:\/\/pubeurope.com\/@fr\/115059520251149681","error":""},"_links":{"self":[{"href":"https:\/\/www.europesays.com\/fr\/wp-json\/wp\/v2\/posts\/330921","targetHints":{"allow":["GET"]}}],"collection":[{"href":"https:\/\/www.europesays.com\/fr\/wp-json\/wp\/v2\/posts"}],"about":[{"href":"https:\/\/www.europesays.com\/fr\/wp-json\/wp\/v2\/types\/post"}],"author":[{"embeddable":true,"href":"https:\/\/www.europesays.com\/fr\/wp-json\/wp\/v2\/users\/2"}],"replies":[{"embeddable":true,"href":"https:\/\/www.europesays.com\/fr\/wp-json\/wp\/v2\/comments?post=330921"}],"version-history":[{"count":0,"href":"https:\/\/www.europesays.com\/fr\/wp-json\/wp\/v2\/posts\/330921\/revisions"}],"wp:featuredmedia":[{"embeddable":true,"href":"https:\/\/www.europesays.com\/fr\/wp-json\/wp\/v2\/media\/330922"}],"wp:attachment":[{"href":"https:\/\/www.europesays.com\/fr\/wp-json\/wp\/v2\/media?parent=330921"}],"wp:term":[{"taxonomy":"category","embeddable":true,"href":"https:\/\/www.europesays.com\/fr\/wp-json\/wp\/v2\/categories?post=330921"},{"taxonomy":"post_tag","embeddable":true,"href":"https:\/\/www.europesays.com\/fr\/wp-json\/wp\/v2\/tags?post=330921"}],"curies":[{"name":"wp","href":"https:\/\/api.w.org\/{rel}","templated":true}]}}