{"id":330923,"date":"2025-08-20T05:48:31","date_gmt":"2025-08-20T05:48:31","guid":{"rendered":"https:\/\/www.europesays.com\/fr\/330923\/"},"modified":"2025-08-20T05:48:31","modified_gmt":"2025-08-20T05:48:31","slug":"je-vais-vomir-cette-phrase-cachee-sur-netflix-lance-une-nouvelle-idee-qui-rend-les-fans-malades","status":"publish","type":"post","link":"https:\/\/www.europesays.com\/fr\/330923\/","title":{"rendered":"\u00ab\u00a0Je vais vomir\u00a0\u00bb\u2026 Cette phrase cach\u00e9e sur Netflix lance une nouvelle id\u00e9e qui rend les fans malades"},"content":{"rendered":"<p>Alors que l&rsquo;attente d&rsquo;un mois qui s\u00e9pare les deux parties de la saison 2 de Mercredi sur Netflix semble interminable, les fans s&rsquo;arrachent le moindre indice sur le d\u00e9nouement des \u00e9v\u00e9nements attendu le 3 septembre prochain. Et \u00e0 ce jeu-l\u00e0, ils ont d\u00e9busqu\u00e9 une phrase cach\u00e9e sur la plateforme de streaming qui ouvre la voie \u00e0 une th\u00e9orie&#8230; plut\u00f4t d\u00e9rangeante \u00e0 propos de Tyler et Oph\u00e9lia. <\/p>\n<p>Pas encore revenus de vacances que Netflix nous met d\u00e9j\u00e0 le nez dans la rentr\u00e9e ! Le 6 ao\u00fbt dernier, la plateforme de streaming <a href=\"https:\/\/www.programme-tv.net\/news\/series-tv\/384686-mercredi-saison-2-on-a-enfin-vu-les-4-premiers-episodes-et\/\" data-api-deeplink=\"teleloisirs:\/\/news\/384686\" target=\"_blank\" rel=\"noopener\">mettait en ligne les quatre premiers \u00e9pisodes de la saison 2 de la s\u00e9rie Mercredi<\/a>. On y suit la fille de la famille Addams, jou\u00e9e par Jenna Ortega, faire face \u00e0 une rentr\u00e9e mouvement\u00e9e pour sa nouvelle ann\u00e9e \u00e0 l&rsquo;Acad\u00e9mie Nevermore. Toujours flanqu\u00e9e de sa bande de Marginaux, dont certains <a href=\"https:\/\/www.programme-tv.net\/news\/series-tv\/385275-mercredi-vous-ne-revez-pas-ces-acteurs-se-sont-bien-metamorphoses-entre-la-saison-1-et-la-saison-2-photos\/\" data-api-deeplink=\"teleloisirs:\/\/news\/385275\" target=\"_blank\" rel=\"noopener\">se sont m\u00e9tamorphos\u00e9s physiquement depuis la saison 1<\/a> et d&rsquo;autres ont <a href=\"https:\/\/www.programme-tv.net\/news\/series-tv\/385437-non-mais-serieusement-les-fans-de-mercredi-sont-furieux-de-ce-qu-est-devenu-ce-personnage-en-saison-2\/\" data-api-deeplink=\"teleloisirs:\/\/news\/385437\" target=\"_blank\" rel=\"noopener\">tellement chang\u00e9 de personnalit\u00e9 que les fans sont en col\u00e8re<\/a>, Mercredi fait face \u00e0 un nouveau myst\u00e8re. Entre la vision qui lui pr\u00e9dit la mort d&rsquo;Enid (Emma Myers) et son enqu\u00eate sur les disparus de Nevermore, l&rsquo;enqu\u00eatrice sadique est loin de se reposer sur ses deux tresses. Alors que les \u00e9pisodes de la partie 2 arrivent le 3 septembre prochain sur Netflix, les th\u00e9ories vont bon train sur l&rsquo;avenir du petit groupe. Et certains indices d\u00e9cha\u00eenent les passions&#8230;<\/p>\n<p>                        Mercredi saison 2 : cette phrase cach\u00e9e de Netflix sur la partie 2 met le feu aux poudres chez les fans&#8230;<\/p>\n<p>\u00c0 croire que les fans de Mercredi sont d&rsquo;aussi bons d\u00e9tectives que leur idole. Et c&rsquo;est notamment sur le site Reddit que les d\u00e9bats font rage. Si certains pensent que <a href=\"https:\/\/www.programme-tv.net\/news\/series-tv\/385014-mercredi-saison-2-et-si-spoiler-n-etait-pas-seule-derriere-les-meurtres-des-corbeaux-nos-deux-theories-les-plus-fortes\/\" data-api-deeplink=\"teleloisirs:\/\/news\/385014\" target=\"_blank\" rel=\"noopener\">Judi n&rsquo;a pas agi seule et imaginent d\u00e9j\u00e0 qui sont ses complices<\/a>, une autre intrigue est au c\u0153ur de tous les tourments : la relation entre Mercredi et Tyler (Hunter Doohan). Alors que le jeune homme et Mercredi se tournaient autour dans la saison 1, allant jusqu&rsquo;\u00e0 \u00e9changer un baiser, en saison 2 il est retenu \u00e0 Willow Hill. M\u00eame si, chang\u00e9 en B\u00eate, il a enfin assassin\u00e9 sa ma\u00eetresse Marilyn Thornhill (<a href=\"https:\/\/www.programme-tv.net\/biographie\/7759-ricci-christina\/\" data-link-people=\"75fb6b8a-133b-4541-8bf0-05db46721339\" target=\"_blank\" rel=\"noopener\">Christina Ricci<\/a>), beaucoup esp\u00e8rent que cette lib\u00e9ration permettra aux deux adolescents de revenir l&rsquo;un vers l&rsquo;autre. Mais une phrase d\u00e9busqu\u00e9e sur Netflix s\u00e8me le trouble. En effet, si vous vous rendez sur la plateforme et que vous n&rsquo;avez pas encore ajout\u00e9 la s\u00e9rie \u00e0 votre liste de lecture, un descriptif de la partie 2 appara\u00eet : \u00ab\u00a0Cherchant d\u00e9sesp\u00e9r\u00e9ment \u00e0 d\u00e9jouer sa propre proph\u00e9tie et \u00e0 sauver la vie d&rsquo;Enid, Mercredi rouvre un sombre chapitre de l&rsquo;histoire de sa famille, en lien direct avec Tyler.\u00a0\u00bb<\/p>\n<p>            Mercredi et Tyler, membres de la m\u00eame famille ? Les fans se rendent malades avec cette nouvelle th\u00e9orie de la s\u00e9rie Netflix<\/p>\n<p>Que signifie cette myst\u00e9rieuse phrase ? La r\u00e9action que l&rsquo;on lit le plus parmi les fans est encore : \u00ab\u00a0Si finalement ils sont de la m\u00eame famille, je vais vomir.\u00a0\u00bb En effet, la premi\u00e8re th\u00e9orie que l&rsquo;on d\u00e9couvre est qu&rsquo;Ophelia, la tante de Mercredi disparue, pourrait \u00eatre la m\u00e8re de Tyler, \u00e9galement partie sans laisser de traces. D&rsquo;autres sugg\u00e8rent que la phrase sous-entend que \u00ab\u00a0Ophelia a probablement connu la m\u00e8re de Tyler \u00e0 LOIS\u00a0\u00bb.<\/p>\n<p>Certains fans vont plus loin encore : \u00ab\u00a0La femme lib\u00e9r\u00e9e par Mercredi serait soit Ophelia, soit la m\u00e8re de Tyler. Supposons qu&rsquo;il s&rsquo;agisse de la m\u00e8re de Tyler. C&rsquo;est une Hyde, n&rsquo;est-ce pas ? Et si ce n&rsquo;\u00e9tait pas Tyler qui allait s&rsquo;en prendre \u00e0 Enid ? Je ne sais pas pourquoi elle ferait \u00e7a, mais ce serait une autre raison pour laquelle Morticia aurait raison de dire que Mercredi a aggrav\u00e9 les choses. Mercredi a d\u00e9cid\u00e9 d&rsquo;aider cette femme, qui repr\u00e9senterait une menace pour Enid&#8230;\u00a0\u00bb<\/p>\n<p>                        <img decoding=\"async\" src=\"https:\/\/www.europesays.com\/fr\/wp-content\/uploads\/2025\/08\/1755668910_351_thumbnail.jpg\" alt=\"\" data-id=\"\"\/>Netflix<\/p>\n","protected":false},"excerpt":{"rendered":"Alors que l&rsquo;attente d&rsquo;un mois qui s\u00e9pare les deux parties de la saison 2 de Mercredi sur Netflix&hellip;\n","protected":false},"author":2,"featured_media":330924,"comment_status":"","ping_status":"","sticky":false,"template":"","format":"standard","meta":{"footnotes":""},"categories":[1356],"tags":[1409,244,58,59,1011,27,5878,41745,41744,127,1722,1721,129,252,1364],"class_list":{"0":"post-330923","1":"post","2":"type-post","3":"status-publish","4":"format-standard","5":"has-post-thumbnail","7":"category-television","8":"tag-bande-annonce","9":"tag-commentaire","10":"tag-divertissement","11":"tag-entertainment","12":"tag-fr","13":"tag-france","14":"tag-jenna-ortega","15":"tag-mercredi-saison-2-52190861","16":"tag-mercredi-52118434","17":"tag-netflix","18":"tag-pub-streaming-netflix","19":"tag-su00e9rie-netflix","20":"tag-svod","21":"tag-television","22":"tag-tv"},"share_on_mastodon":{"url":"https:\/\/pubeurope.com\/@fr\/115059523859044405","error":""},"_links":{"self":[{"href":"https:\/\/www.europesays.com\/fr\/wp-json\/wp\/v2\/posts\/330923","targetHints":{"allow":["GET"]}}],"collection":[{"href":"https:\/\/www.europesays.com\/fr\/wp-json\/wp\/v2\/posts"}],"about":[{"href":"https:\/\/www.europesays.com\/fr\/wp-json\/wp\/v2\/types\/post"}],"author":[{"embeddable":true,"href":"https:\/\/www.europesays.com\/fr\/wp-json\/wp\/v2\/users\/2"}],"replies":[{"embeddable":true,"href":"https:\/\/www.europesays.com\/fr\/wp-json\/wp\/v2\/comments?post=330923"}],"version-history":[{"count":0,"href":"https:\/\/www.europesays.com\/fr\/wp-json\/wp\/v2\/posts\/330923\/revisions"}],"wp:featuredmedia":[{"embeddable":true,"href":"https:\/\/www.europesays.com\/fr\/wp-json\/wp\/v2\/media\/330924"}],"wp:attachment":[{"href":"https:\/\/www.europesays.com\/fr\/wp-json\/wp\/v2\/media?parent=330923"}],"wp:term":[{"taxonomy":"category","embeddable":true,"href":"https:\/\/www.europesays.com\/fr\/wp-json\/wp\/v2\/categories?post=330923"},{"taxonomy":"post_tag","embeddable":true,"href":"https:\/\/www.europesays.com\/fr\/wp-json\/wp\/v2\/tags?post=330923"}],"curies":[{"name":"wp","href":"https:\/\/api.w.org\/{rel}","templated":true}]}}