{"id":330925,"date":"2025-08-20T05:49:10","date_gmt":"2025-08-20T05:49:10","guid":{"rendered":"https:\/\/www.europesays.com\/fr\/330925\/"},"modified":"2025-08-20T05:49:10","modified_gmt":"2025-08-20T05:49:10","slug":"un-rappeur-du-trio-kneecap-comparait-a-londres-accuse-de-soutien-au-hezbollah","status":"publish","type":"post","link":"https:\/\/www.europesays.com\/fr\/330925\/","title":{"rendered":"Un rappeur du trio Kneecap compara\u00eet \u00e0 Londres, accus\u00e9 de soutien au Hezbollah"},"content":{"rendered":"<p>Le chanteur irlandais Mo Chara est accus\u00e9 d\u2019avoir arbor\u00e9 un drapeau du mouvement Hezbollah lors d\u2019un concert. Il lui est \u00e9galement reproch\u00e9 d\u2019avoir cri\u00e9 \u00abAllez le Hamas\u00a0! Allez le Hezbollah\u00a0!\u00bb.<\/p>\n<p class=\"fig-paragraph\">Le rappeur Mo Chara du trio nord-irlandais Kneecap, accus\u00e9 d&rsquo;avoir arbor\u00e9 un drapeau du mouvement Hezbollah lors d&rsquo;un concert, compara\u00eet mercredi devant un tribunal londonien pour \u00abinfraction terroriste\u00bb. Liam Og O Hannaidh -son vrai nom en ga\u00e9lique- a \u00e9t\u00e9 inculp\u00e9 le 21 mai pour s&rsquo;\u00eatre couvert d&rsquo;un drapeau du mouvement islamiste libanais pro-iranien, class\u00e9 terroriste au Royaume-Uni, pendant un concert du groupe \u00e0 Londres le 21 novembre 2024. Il lui est \u00e9galement reproch\u00e9 d&rsquo;avoir cri\u00e9 \u00abAllez le Hamas\u00a0! Allez le Hezbollah\u00a0!\u00bb.<\/p>\n<p class=\"fig-paragraph\">Le rappeur de 27 ans doit compara\u00eetre devant le tribunal de Westminster (Magistrates&rsquo; Court) \u00e0 10H00 heure locale (09H00 GMT). Le groupe a toujours ni\u00e9 tout soutien au Hezbollah, d\u00e9non\u00e7ant une d\u00e9cision \u00abpolitique\u00bb. \u00abMo Chara sera de retour devant le tribunal judiciaire de Westminster, alors que le gouvernement britannique continue de faire diversion\u00bb, a \u00e9crit mardi le groupe originaire de Belfast sur son compte X, en critiquant Isra\u00ebl. Il a invit\u00e9 ses supporters \u00e0 venir mercredi devant le tribunal.<\/p>\n<p class=\"fig-body-link\">\n            \u00c0 lire aussi<br \/>\n        <a class=\"fig-body-link__link\" href=\"http:\/\/www.lefigaro.fr\/musique\/tout-debordement-sera-judiciarise-bruno-retailleau-met-en-garde-kneecap-avant-leur-passage-a-rock-en-seine-20250818\" data-fig-type=\"NewsFlash\" data-gtm-custom-categorie=\"navigation\" data-gtm-custom-action=\"crossclick\" data-gtm-custom-label=\"Contextuel\" data-gtm-event=\"customEventSPE\" data-fig-domain=\"LEFIGARO\" target=\"_blank\" rel=\"noopener\">\u00ab\u00a0Tout d\u00e9bordement sera judiciaris\u00e9\u00a0\u00bb\u00a0: Bruno Retailleau met en garde Kneecap avant leur passage \u00e0 Rock en Seine<br \/>\n    <\/a>\n<\/p>\n<p>                                    <a class=\"fig-a11y-skip a11y-hidden\" href=\"#fig-a11y-skip-main-inarticle\"><br \/>\n        Passer la publicit\u00e9<br \/>\n    <\/a><\/p>\n<p>Provocateurs<\/p>\n<p class=\"fig-paragraph\">Mi-juin, lors d&rsquo;une premi\u00e8re audience, les avocats du rappeur avaient affirm\u00e9 que son inculpation avait eu lieu hors du d\u00e9lai l\u00e9gal de six mois. L&rsquo;affaire avait alors \u00e9t\u00e9 report\u00e9e \u00e0 la fin ao\u00fbt et ce point doit \u00eatre examin\u00e9 mercredi. Provocateurs audacieux pour leurs fans, extr\u00e9mistes dangereux pour leurs d\u00e9tracteurs, les membres du groupe ont attir\u00e9 l&rsquo;attention m\u00e9diatique et politique ces derniers mois au Royaume-Uni. En cause: des d\u00e9clarations virulentes contre Isra\u00ebl et la guerre dans la bande de Gaza. Cette guerre a \u00e9t\u00e9 d\u00e9clench\u00e9e apr\u00e8s l&rsquo;attaque sans pr\u00e9c\u00e9dent du Hamas en Isra\u00ebl le 7 octobre 2023.<\/p>\n<p class=\"fig-paragraph\">Malgr\u00e9 des appels pressants d&rsquo;\u00e9lus conservateurs \u00e0 d\u00e9programmer le groupe du prestigieux festival de Glastonbury fin juin, il a pu s&rsquo;y produire, persistant dans ses critiques contre Isra\u00ebl. Kneecap s&rsquo;est toutefois vu interdit d&rsquo;entrer en Hongrie fin juillet, o\u00f9 il devait donner concert. La venue du trio nord-irlandais \u00e0 l\u2019occasion du festival\u00a0<a href=\"http:\/\/www.lefigaro.fr\/musique\/tout-debordement-sera-judiciarise-bruno-retailleau-met-en-garde-kneecap-avant-leur-passage-a-rock-en-seine-20250818\" data-fig-type=\"NewsFlash\" data-gtm-custom-categorie=\"navigation\" data-gtm-custom-action=\"crossclick\" data-gtm-custom-label=\"Contextuel\" data-gtm-event=\"customEventSPE\" data-fig-domain=\"LEFIGARO\" target=\"_blank\" rel=\"noopener\">Rock en Seine dimanche 24 ao\u00fbt, fait l\u2019objet d\u2019une tr\u00e8s grande surveillance.<\/a><\/p>\n<p class=\"fig-paragraph\">Lors de l&rsquo;audience mi-juin, le procureur Michael Bisgrove a assur\u00e9 que \u00abcette affaire ne porte pas sur le soutien de M. O&rsquo;Hanna au peuple palestinien, ni sur ses critiques \u00e0 l&rsquo;\u00e9gard d&rsquo;Isra\u00ebl\u00bb. Des centaines de fans s&rsquo;\u00e9taient rassembl\u00e9s aux abords du tribunal, en soutien.<\/p>\n<p class=\"fig-paragraph\">Le trio nord-irlandais a acc\u00e9d\u00e9 \u00e0 la notori\u00e9t\u00e9 en 2024 avec son album Fine Art et un\u00a0<a href=\"http:\/\/www.lefigaro.fr\/cinema\/kneecap-un-biopic-dejante-sur-les-rappeurs-controverses-de-belfast-20250618\" data-fig-type=\"Article\" data-gtm-custom-categorie=\"navigation\" data-gtm-custom-action=\"crossclick\" data-gtm-custom-label=\"Contextuel\" data-gtm-event=\"customEventSPE\" data-fig-domain=\"LEFIGARO\" target=\"_blank\" rel=\"noopener\">docu-fiction survolt\u00e9, Kneecap.<\/a>\u00a0Prim\u00e9 notamment au festival du film de Sundance, aux \u00c9tats-Unis, ce film est sorti en France en juin. Fond\u00e9 en 2017, Kneecap d\u00e9fend la r\u00e9unification de l&rsquo;Irlande et consid\u00e8re sa langue comme un cri \u00abanticolonialiste\u00bb face \u00e0 la puissance britannique.<\/p>\n<p class=\"fig-paragraph\">Le nom du groupe lui-m\u00eame vient de la pratique des groupes paramilitaires qui tiraient sur leurs victimes au niveau des genoux pendant le conflit nord-irlandais.<\/p>\n","protected":false},"excerpt":{"rendered":"Le chanteur irlandais Mo Chara est accus\u00e9 d\u2019avoir arbor\u00e9 un drapeau du mouvement Hezbollah lors d\u2019un concert. Il&hellip;\n","protected":false},"author":2,"featured_media":330926,"comment_status":"","ping_status":"","sticky":false,"template":"","format":"standard","meta":{"footnotes":""},"categories":[1355],"tags":[58,59,1011,27,16776,1361,873,3616,36376],"class_list":{"0":"post-330925","1":"post","2":"type-post","3":"status-publish","4":"format-standard","5":"has-post-thumbnail","7":"category-musique","8":"tag-divertissement","9":"tag-entertainment","10":"tag-fr","11":"tag-france","12":"tag-irlande-du-nord","13":"tag-music","14":"tag-musique","15":"tag-rap","16":"tag-rock-en-seine"},"share_on_mastodon":{"url":"https:\/\/pubeurope.com\/@fr\/115059527777631785","error":""},"_links":{"self":[{"href":"https:\/\/www.europesays.com\/fr\/wp-json\/wp\/v2\/posts\/330925","targetHints":{"allow":["GET"]}}],"collection":[{"href":"https:\/\/www.europesays.com\/fr\/wp-json\/wp\/v2\/posts"}],"about":[{"href":"https:\/\/www.europesays.com\/fr\/wp-json\/wp\/v2\/types\/post"}],"author":[{"embeddable":true,"href":"https:\/\/www.europesays.com\/fr\/wp-json\/wp\/v2\/users\/2"}],"replies":[{"embeddable":true,"href":"https:\/\/www.europesays.com\/fr\/wp-json\/wp\/v2\/comments?post=330925"}],"version-history":[{"count":0,"href":"https:\/\/www.europesays.com\/fr\/wp-json\/wp\/v2\/posts\/330925\/revisions"}],"wp:featuredmedia":[{"embeddable":true,"href":"https:\/\/www.europesays.com\/fr\/wp-json\/wp\/v2\/media\/330926"}],"wp:attachment":[{"href":"https:\/\/www.europesays.com\/fr\/wp-json\/wp\/v2\/media?parent=330925"}],"wp:term":[{"taxonomy":"category","embeddable":true,"href":"https:\/\/www.europesays.com\/fr\/wp-json\/wp\/v2\/categories?post=330925"},{"taxonomy":"post_tag","embeddable":true,"href":"https:\/\/www.europesays.com\/fr\/wp-json\/wp\/v2\/tags?post=330925"}],"curies":[{"name":"wp","href":"https:\/\/api.w.org\/{rel}","templated":true}]}}