{"id":330937,"date":"2025-08-20T05:56:11","date_gmt":"2025-08-20T05:56:11","guid":{"rendered":"https:\/\/www.europesays.com\/fr\/330937\/"},"modified":"2025-08-20T05:56:11","modified_gmt":"2025-08-20T05:56:11","slug":"trump-ne-veut-pas-envoyer-de-troupes-americaines-au-sol","status":"publish","type":"post","link":"https:\/\/www.europesays.com\/fr\/330937\/","title":{"rendered":"Trump ne veut pas envoyer de troupes am\u00e9ricaines au sol\u2026"},"content":{"rendered":"<p>Douze bless\u00e9s apr\u00e8s une attaque de drone dans l\u2019oblast de Soumy<\/p>\n<p>Douze civils, dont deux enfants, ont \u00e9t\u00e9 bless\u00e9s dans une frappe de drone russe sur la ville d\u2019Okhtyrka, dans l\u2019oblast de Soumy, au nord-est de l\u2019Ukraine, d\u2019apr\u00e8s les autorit\u00e9s locales.<\/p>\n<p>Le chef d&rsquo;\u00e9tat-major am\u00e9ricain va s&rsquo;entretenir mardi soir avec ses homologues europ\u00e9ens<\/p>\n<p>Le chef d&rsquo;\u00e9tat-major am\u00e9ricain des arm\u00e9es, le g\u00e9n\u00e9ral Dan Caine, va s&rsquo;entretenir mardi soir avec des chefs militaires europ\u00e9ens au sujet de l&rsquo;Ukraine, selon un responsable du Pentagone. Les participants \u00e0 la r\u00e9union discuteront des \u00ab meilleures options pour un \u00e9ventuel accord de paix en Ukraine \u00bb, a pr\u00e9cis\u00e9 ce responsable sous couvert d&rsquo;anonymat.<\/p>\n<p>Macron reste en alerte face \u00e0 Poutine<\/p>\n<p>Quelles sont les r\u00e9elles intentions du Kremlin\u00a0? En r\u00e9ponse \u00e0 cette question, Kiev estime que, m\u00eame si un accord de paix est trouv\u00e9, Moscou retentera une invasion. Emmanuel Macron semble penser la m\u00eame chose\u00a0: Vladimir Poutine est \u00ab\u00a0un pr\u00e9dateur, un ogre \u00e0 nos portes\u00a0\u00bb qui \u00ab\u00a0a besoin de continuer de manger (pour) sa propre survie\u00a0\u00bb, a-t-il accus\u00e9, parlant de \u00ab\u00a0menace pour les Europ\u00e9ens\u00a0\u00bb.<\/p>\n<p>Trump pr\u00eat \u00e0 un soutien a\u00e9rien mais pas de troupes au sol en Ukraine<\/p>\n<p>Donald Trump s\u2019est dit pr\u00eat mardi \u00e0 ce que les Etats-Unis apportent un soutien militaire a\u00e9rien en guise de garanties de s\u00e9curit\u00e9 \u00e0 l\u2019Ukraine en cas d\u2019accord de paix avec la Russie, tout en excluant des soldats au sol, une mission d\u00e9volue aux alli\u00e9s europ\u00e9ens. \u00ab\u00a0Ils sont pr\u00eats \u00e0 envoyer des troupes sur le terrain\u00a0\u00bb, a ainsi d\u00e9clar\u00e9 le pr\u00e9sident am\u00e9ricain sur Fox News, en r\u00e9f\u00e9rence aux dirigeants fran\u00e7ais, allemand et britannique qu\u2019il avait re\u00e7us la veille dans le Bureau ovale.<\/p>\n<p>La ville de Budapest envisag\u00e9e pour une r\u00e9union tripartite<\/p>\n<p>En cas de r\u00e9ussite de la rencontre bilat\u00e9rale entre Vladimir Poutine et Volodymyr Zelensky, une r\u00e9union tripartite pourrait suivre avec Donald Trump.<\/p>\n<p>Mardi soir sur Fox News, le secr\u00e9taire au Tr\u00e9sor Scott Bessent a r\u00e9pondu que Budapest \u00ab\u00a0pourrait\u00a0\u00bb accueillir ce sommet Poutine-Trump-Zelensky, comme l\u2019affirme le journal Politico.<\/p>\n<p>O\u00f9 pourrait se tenir le sommet Poutine-Zelensky\u00a0?<\/p>\n<p>Si, selon les participants aux r\u00e9unions de lundi \u00e0 la Maison-Blanche, Vladimir Poutine a accept\u00e9 de rencontrer Volodymyr Zelensky, il reste une question \u00e9pineuse\u00a0: Quel lieu pour ce sommet\u00a0?<\/p>\n<p>Au t\u00e9l\u00e9phone lundi soir avec Donald Trump, le pr\u00e9sident russe a propos\u00e9 de voir son homologue ukrainien \u00e0 Moscou, selon trois sources proches du dossier. Mais Volodymyr Zelensky a refus\u00e9, selon l\u2019une de ces sources.<\/p>\n<p>Pour ce t\u00eate-\u00e0-t\u00eate \u00e9ventuel, Emmanuel Macron a propos\u00e9 Gen\u00e8ve en Suisse, pays neutre, qui s\u2019est dit dispos\u00e9 \u00e0 offrir \u00ab\u00a0l\u2019immunit\u00e9\u00a0\u00bb au pr\u00e9sident russe, malgr\u00e9 son inculpation devant la Cour p\u00e9nale internationale, \u00e0 condition qu\u2019il vienne \u00ab\u00a0pour une conf\u00e9rence de paix\u00a0\u00bb.<\/p>\n<p>Bienvenue dans ce nouveau Live<\/p>\n<p>Bonjour \u00e0 toutes et \u00e0 tous. Comme chaque jour, la r\u00e9daction de 20 Minutes est mobilis\u00e9e pour vous donner l\u2019ensemble des informations sur le conflit en Ukraine.<\/p>\n<p>Apr\u00e8s la rencontre entre Donald Trump et Vladimir Poutine, puis la r\u00e9ception de Volodymyr Zelensky \u00e0 la Maison-Blanche lundi, une rencontre entre les pr\u00e9sidents ukrainien et russe doit se tenir. Si un tel sommet venait effectivement \u00e0 se faire, la question de son lieu est pour le moment tr\u00e8s loin d\u2019\u00eatre tranch\u00e9e.<\/p>\n","protected":false},"excerpt":{"rendered":"Douze bless\u00e9s apr\u00e8s une attaque de drone dans l\u2019oblast de Soumy Douze civils, dont deux enfants, ont \u00e9t\u00e9&hellip;\n","protected":false},"author":2,"featured_media":330938,"comment_status":"","ping_status":"","sticky":false,"template":"","format":"standard","meta":{"footnotes":""},"categories":[5],"tags":[47,11,75,73,1011,27,131,14,74,12,136,132,133,135,134,28],"class_list":{"0":"post-330937","1":"post","2":"type-post","3":"status-publish","4":"format-standard","5":"has-post-thumbnail","7":"category-international","8":"tag-actualite","9":"tag-actualites","10":"tag-donald-trump","11":"tag-etats-unis","12":"tag-fr","13":"tag-france","14":"tag-guerre-en-ukraine","15":"tag-international","16":"tag-monde","17":"tag-news","18":"tag-otan","19":"tag-russie","20":"tag-video","21":"tag-vladimir-poutine","22":"tag-volodymyr-zelensky","23":"tag-world"},"share_on_mastodon":{"url":"https:\/\/pubeurope.com\/@fr\/115059555342495389","error":""},"_links":{"self":[{"href":"https:\/\/www.europesays.com\/fr\/wp-json\/wp\/v2\/posts\/330937","targetHints":{"allow":["GET"]}}],"collection":[{"href":"https:\/\/www.europesays.com\/fr\/wp-json\/wp\/v2\/posts"}],"about":[{"href":"https:\/\/www.europesays.com\/fr\/wp-json\/wp\/v2\/types\/post"}],"author":[{"embeddable":true,"href":"https:\/\/www.europesays.com\/fr\/wp-json\/wp\/v2\/users\/2"}],"replies":[{"embeddable":true,"href":"https:\/\/www.europesays.com\/fr\/wp-json\/wp\/v2\/comments?post=330937"}],"version-history":[{"count":0,"href":"https:\/\/www.europesays.com\/fr\/wp-json\/wp\/v2\/posts\/330937\/revisions"}],"wp:featuredmedia":[{"embeddable":true,"href":"https:\/\/www.europesays.com\/fr\/wp-json\/wp\/v2\/media\/330938"}],"wp:attachment":[{"href":"https:\/\/www.europesays.com\/fr\/wp-json\/wp\/v2\/media?parent=330937"}],"wp:term":[{"taxonomy":"category","embeddable":true,"href":"https:\/\/www.europesays.com\/fr\/wp-json\/wp\/v2\/categories?post=330937"},{"taxonomy":"post_tag","embeddable":true,"href":"https:\/\/www.europesays.com\/fr\/wp-json\/wp\/v2\/tags?post=330937"}],"curies":[{"name":"wp","href":"https:\/\/api.w.org\/{rel}","templated":true}]}}