{"id":330943,"date":"2025-08-20T05:59:11","date_gmt":"2025-08-20T05:59:11","guid":{"rendered":"https:\/\/www.europesays.com\/fr\/330943\/"},"modified":"2025-08-20T05:59:11","modified_gmt":"2025-08-20T05:59:11","slug":"la-famille-zennaf-couramiaude-depuis-six-generations","status":"publish","type":"post","link":"https:\/\/www.europesays.com\/fr\/330943\/","title":{"rendered":"la famille Zennaf, couramiaude depuis six g\u00e9n\u00e9rations"},"content":{"rendered":"<p>Difficile \u00e0 Saint-Chamond, de ne pas conna\u00eetre la famille Zennaf. Il y a \u00e9videmment Youcef Zenaf (selon les membres de la famille, le nom est parfois orthographi\u00e9 Zenaf, avec un seul n), alias Zef, le quintuple champion du monde de full-contact. Il y a aussi son fr\u00e8re Adbelkader, dit Kader, 76 ans, connu pour sa collection de quelque 5\u00a0000 ustensiles de cuisine en aluminium.<\/p>\n<p>Ils font partie de la troisi\u00e8me g\u00e9n\u00e9ration de la famille \u00e0 Saint-Chamond. Trois autres ont suivi, avec pour Kader sept enfants, dix-huit petits-enfants et trois arri\u00e8re-petits-enfants. Mais remontons le fil de cette histoire d\u2019immigration qui a particip\u00e9 \u00e0 faire de la cit\u00e9 couramiaude la ville multiculturelle qu\u2019elle est aujourd\u2019hui.<\/p>\n<p>Une carri\u00e8re \u00e0 Creusot Loire<\/p>\n<p>En 1905, Cherif Tribeche quitte son village de Zemmourah en Alg\u00e9rie pour tenter sa chance en France. Il ne d\u00e9barque pas tout de suite \u00e0 Saint-Chamond. \u00ab\u00a0C\u2019\u00e9tait l\u2019oncle maternel \u00e0 mon p\u00e8re. Je ne sais pas pourquoi et quand il est arriv\u00e9 l\u00e0\u2026 Ce qui est s\u00fbr,&#8230;<\/p>\n","protected":false},"excerpt":{"rendered":"Difficile \u00e0 Saint-Chamond, de ne pas conna\u00eetre la famille Zennaf. Il y a \u00e9videmment Youcef Zenaf (selon les&hellip;\n","protected":false},"author":2,"featured_media":330944,"comment_status":"","ping_status":"","sticky":false,"template":"","format":"standard","meta":{"footnotes":""},"categories":[9653],"tags":[1111,11,2430,7539,1777,674,1011,27,1061,12,25,9669,9670,4001,104],"class_list":{"0":"post-330943","1":"post","2":"type-post","3":"status-publish","4":"format-standard","5":"has-post-thumbnail","7":"category-saint-etienne","8":"tag-actu","9":"tag-actualites","10":"tag-auvergne-rhone-alpes","11":"tag-edition-loire-sud","12":"tag-eu","13":"tag-europe","14":"tag-fr","15":"tag-france","16":"tag-immigration","17":"tag-news","18":"tag-republique-francaise","19":"tag-saint-chamond","20":"tag-saint-chamond-ville","21":"tag-saint-etienne","22":"tag-societe"},"share_on_mastodon":{"url":"https:\/\/pubeurope.com\/@fr\/115059567131401165","error":""},"_links":{"self":[{"href":"https:\/\/www.europesays.com\/fr\/wp-json\/wp\/v2\/posts\/330943","targetHints":{"allow":["GET"]}}],"collection":[{"href":"https:\/\/www.europesays.com\/fr\/wp-json\/wp\/v2\/posts"}],"about":[{"href":"https:\/\/www.europesays.com\/fr\/wp-json\/wp\/v2\/types\/post"}],"author":[{"embeddable":true,"href":"https:\/\/www.europesays.com\/fr\/wp-json\/wp\/v2\/users\/2"}],"replies":[{"embeddable":true,"href":"https:\/\/www.europesays.com\/fr\/wp-json\/wp\/v2\/comments?post=330943"}],"version-history":[{"count":0,"href":"https:\/\/www.europesays.com\/fr\/wp-json\/wp\/v2\/posts\/330943\/revisions"}],"wp:featuredmedia":[{"embeddable":true,"href":"https:\/\/www.europesays.com\/fr\/wp-json\/wp\/v2\/media\/330944"}],"wp:attachment":[{"href":"https:\/\/www.europesays.com\/fr\/wp-json\/wp\/v2\/media?parent=330943"}],"wp:term":[{"taxonomy":"category","embeddable":true,"href":"https:\/\/www.europesays.com\/fr\/wp-json\/wp\/v2\/categories?post=330943"},{"taxonomy":"post_tag","embeddable":true,"href":"https:\/\/www.europesays.com\/fr\/wp-json\/wp\/v2\/tags?post=330943"}],"curies":[{"name":"wp","href":"https:\/\/api.w.org\/{rel}","templated":true}]}}