{"id":330945,"date":"2025-08-20T06:00:12","date_gmt":"2025-08-20T06:00:12","guid":{"rendered":"https:\/\/www.europesays.com\/fr\/330945\/"},"modified":"2025-08-20T06:00:12","modified_gmt":"2025-08-20T06:00:12","slug":"halte-au-saccage-du-budget-sport-une-petition-lancee-dans-la-loire","status":"publish","type":"post","link":"https:\/\/www.europesays.com\/fr\/330945\/","title":{"rendered":"\u00ab\u00a0Halte au saccage du budget sport\u00a0\u00bb, une p\u00e9tition lanc\u00e9e dans la Loire"},"content":{"rendered":"<p>Un an apr\u00e8s les Jeux Olympiques de Paris, les \u00e9lus des clubs sportifs du d\u00e9partement de la Loire d\u00e9noncent les \u00e9conomies de 300 millions d&rsquo;euros voulues par le gouvernement Bayrou. Le Pr\u00e9sident du Comit\u00e9 d\u00e9partemental olympique et sportif de la Loire a lanc\u00e9 une p\u00e9tition.\n<\/p>\n<p>Une\u00a0<a target=\"_blank\" rel=\"nofollow noopener noreferrer\" class=\"IciLink ici-link IciArticleLink g-ici-body-regular-1 underline brand svelte-lu7k6w\" href=\"https:\/\/www.change.org\/p\/halte-au-saccage-du-budget-sport?recruiter=1381092833&amp;recruited_by_id=8ac83ef0-7755-11f0-9917-edae9a1d73d2&amp;utm_source=share_petition&amp;utm_campaign=petition_dashboard_share_modal&amp;utm_medium=email\">p\u00e9tition recueille plus de 400 signatures<\/a>\u00a0pour dire stop aux coupes budg\u00e9taires dans le sport. C&rsquo;est le Comit\u00e9 D\u00e9partemental Olympique et Sportif de la Loire qui l&rsquo;a lanc\u00e9e le vendredi 15 ao\u00fbt, car un an apr\u00e8s les Jeux Olympiques et Paralympiques de Paris, le gouvernement Bayrou a annonc\u00e9 vouloir faire 300 millions d&rsquo;euros d&rsquo;\u00e9conomies.<\/p>\n<p>Des baisses de budget qui obligent les clubs \u00e0 se serrer la ceinture\u00a0: le CASE escrime de Saint-Etienne par exemple ne peut se permettre d&#8217;embaucher qu&rsquo;un seul salari\u00e9, qui cumule les fonctions, \u00ab\u00a0Je suis ma\u00eetre d&rsquo;armes, je fais les cours, j&rsquo;organise des stages, je m&rsquo;occupe des inscriptions en comp\u00e9tition, j&rsquo;accompagne les \u00e9l\u00e8ves en comp\u00e9tition, je participe \u00e0 l&rsquo;\u00e9laboration des demandes de subventions, je fais la couture sur les tenues, j&rsquo;entretiens le mat\u00e9riel&#8230; parce que le d\u00e9placement d&rsquo;un professionnel c&rsquo;est tout de suite 1 000 euros\u00a0\u00bb, regrette\u00a0Albin Zaguedoun.<\/p>\n<p>Quand les caisses ont du mal \u00e0 se remplir, <strong>les clubs n&rsquo;ont pas d&rsquo;autre choix que d&rsquo;augmenter le prix des licences<\/strong>. Celle de CASE escrime va pour la premi\u00e8re fois franchir\u00a0la barre symbolique des 300 euros, ce qui leur fait craindre une baisse du nombre de licenci\u00e9s. Un constat partag\u00e9 par d&rsquo;autres, comme le comit\u00e9 de handball, qui d\u00e9nonce aussi le manque d&rsquo;\u00e9quipements et de cr\u00e9neaux disponibles dans les gymnases ou les piscines.<\/p>\n","protected":false},"excerpt":{"rendered":"Un an apr\u00e8s les Jeux Olympiques de Paris, les \u00e9lus des clubs sportifs du d\u00e9partement de la Loire&hellip;\n","protected":false},"author":2,"featured_media":330946,"comment_status":"","ping_status":"","sticky":false,"template":"","format":"standard","meta":{"footnotes":""},"categories":[9653],"tags":[1111,11,2430,1777,674,1011,27,12,25,4001],"class_list":{"0":"post-330945","1":"post","2":"type-post","3":"status-publish","4":"format-standard","5":"has-post-thumbnail","7":"category-saint-etienne","8":"tag-actu","9":"tag-actualites","10":"tag-auvergne-rhone-alpes","11":"tag-eu","12":"tag-europe","13":"tag-fr","14":"tag-france","15":"tag-news","16":"tag-republique-francaise","17":"tag-saint-etienne"},"share_on_mastodon":{"url":"https:\/\/pubeurope.com\/@fr\/115059570968915738","error":""},"_links":{"self":[{"href":"https:\/\/www.europesays.com\/fr\/wp-json\/wp\/v2\/posts\/330945","targetHints":{"allow":["GET"]}}],"collection":[{"href":"https:\/\/www.europesays.com\/fr\/wp-json\/wp\/v2\/posts"}],"about":[{"href":"https:\/\/www.europesays.com\/fr\/wp-json\/wp\/v2\/types\/post"}],"author":[{"embeddable":true,"href":"https:\/\/www.europesays.com\/fr\/wp-json\/wp\/v2\/users\/2"}],"replies":[{"embeddable":true,"href":"https:\/\/www.europesays.com\/fr\/wp-json\/wp\/v2\/comments?post=330945"}],"version-history":[{"count":0,"href":"https:\/\/www.europesays.com\/fr\/wp-json\/wp\/v2\/posts\/330945\/revisions"}],"wp:featuredmedia":[{"embeddable":true,"href":"https:\/\/www.europesays.com\/fr\/wp-json\/wp\/v2\/media\/330946"}],"wp:attachment":[{"href":"https:\/\/www.europesays.com\/fr\/wp-json\/wp\/v2\/media?parent=330945"}],"wp:term":[{"taxonomy":"category","embeddable":true,"href":"https:\/\/www.europesays.com\/fr\/wp-json\/wp\/v2\/categories?post=330945"},{"taxonomy":"post_tag","embeddable":true,"href":"https:\/\/www.europesays.com\/fr\/wp-json\/wp\/v2\/tags?post=330945"}],"curies":[{"name":"wp","href":"https:\/\/api.w.org\/{rel}","templated":true}]}}