{"id":330953,"date":"2025-08-20T06:07:10","date_gmt":"2025-08-20T06:07:10","guid":{"rendered":"https:\/\/www.europesays.com\/fr\/330953\/"},"modified":"2025-08-20T06:07:10","modified_gmt":"2025-08-20T06:07:10","slug":"trouver-un-logement-a-montpellier-mission-impossible-pour-les-etudiants","status":"publish","type":"post","link":"https:\/\/www.europesays.com\/fr\/330953\/","title":{"rendered":"Trouver un logement \u00e0 Montpellier, \u00ab mission impossible \u00bb pour les \u00e9tudiants"},"content":{"rendered":"<p>Les jeunes multiplient alors les canaux de recherche : sites d\u2019annonces (type Leboncoin, Se Loger, La Carte des colloc\u2019 etc.), r\u00e9seaux sociaux, le bouche-\u00e0-oreille, association universitaire\u2026 Les r\u00e9sultats sont maigres. \u00ab C\u2019est dur de trouver, et quand tu trouves, \u00e7a part directement. Tout part trop vite \u00bb, regrette Soranya, consciente du d\u00e9s\u00e9quilibre entre offre et demande de logements. Un probl\u00e8me sur lequel les pouvoirs publics devront bucher \u00e0 l\u2019avenir.<\/p>\n","protected":false},"excerpt":{"rendered":"Les jeunes multiplient alors les canaux de recherche : sites d\u2019annonces (type Leboncoin, Se Loger, La Carte des&hellip;\n","protected":false},"author":2,"featured_media":330954,"comment_status":"","ping_status":"","sticky":false,"template":"","format":"standard","meta":{"footnotes":""},"categories":[9599],"tags":[1111,11,1777,674,1011,27,2208,12,2680,25],"class_list":{"0":"post-330953","1":"post","2":"type-post","3":"status-publish","4":"format-standard","5":"has-post-thumbnail","7":"category-montpellier","8":"tag-actu","9":"tag-actualites","10":"tag-eu","11":"tag-europe","12":"tag-fr","13":"tag-france","14":"tag-montpellier","15":"tag-news","16":"tag-occitanie","17":"tag-republique-francaise"},"share_on_mastodon":{"url":"https:\/\/pubeurope.com\/@fr\/115059598566295056","error":""},"_links":{"self":[{"href":"https:\/\/www.europesays.com\/fr\/wp-json\/wp\/v2\/posts\/330953","targetHints":{"allow":["GET"]}}],"collection":[{"href":"https:\/\/www.europesays.com\/fr\/wp-json\/wp\/v2\/posts"}],"about":[{"href":"https:\/\/www.europesays.com\/fr\/wp-json\/wp\/v2\/types\/post"}],"author":[{"embeddable":true,"href":"https:\/\/www.europesays.com\/fr\/wp-json\/wp\/v2\/users\/2"}],"replies":[{"embeddable":true,"href":"https:\/\/www.europesays.com\/fr\/wp-json\/wp\/v2\/comments?post=330953"}],"version-history":[{"count":0,"href":"https:\/\/www.europesays.com\/fr\/wp-json\/wp\/v2\/posts\/330953\/revisions"}],"wp:featuredmedia":[{"embeddable":true,"href":"https:\/\/www.europesays.com\/fr\/wp-json\/wp\/v2\/media\/330954"}],"wp:attachment":[{"href":"https:\/\/www.europesays.com\/fr\/wp-json\/wp\/v2\/media?parent=330953"}],"wp:term":[{"taxonomy":"category","embeddable":true,"href":"https:\/\/www.europesays.com\/fr\/wp-json\/wp\/v2\/categories?post=330953"},{"taxonomy":"post_tag","embeddable":true,"href":"https:\/\/www.europesays.com\/fr\/wp-json\/wp\/v2\/tags?post=330953"}],"curies":[{"name":"wp","href":"https:\/\/api.w.org\/{rel}","templated":true}]}}