{"id":330955,"date":"2025-08-20T06:08:11","date_gmt":"2025-08-20T06:08:11","guid":{"rendered":"https:\/\/www.europesays.com\/fr\/330955\/"},"modified":"2025-08-20T06:08:11","modified_gmt":"2025-08-20T06:08:11","slug":"la-jeune-bosnienne-se-refugie-dans-les-toilettes-dun-restaurant-apres-avoir-vole-un-portefeuille-dans-le-tramway-a-montpellier","status":"publish","type":"post","link":"https:\/\/www.europesays.com\/fr\/330955\/","title":{"rendered":"La jeune Bosnienne se r\u00e9fugie dans les toilettes d\u2019un restaurant apr\u00e8s avoir vol\u00e9 un portefeuille dans le tramway \u00e0 Montpellier"},"content":{"rendered":"<p>\n                                                                Le mari de la victime a poursuivi l\u2019adolescente de 15 ans dans le quartier Antigone, avant qu\u2019elle ne soit finalement interpell\u00e9e par la police.\n                            <\/p>\n<p>Les vols par ruse dans le tramway par de jeunes mineures bosniennes\u00a0: <a href=\"https:\/\/www.midilibre.fr\/2025\/06\/11\/deux-adolescentes-bosniennes-prisent-en-flagrant-delit-de-vol-de-carte-bancaire-dans-un-bus-a-montpellier-un-appel-a-la-vigilance-12754528.php\" target=\"_blank\" rel=\"nofollow noopener\">un ph\u00e9nom\u00e8ne qui s\u00e9vit p\u00e9riodiquement \u00e0 Montpellier, notamment pendant l\u2019\u00e9t\u00e9.<\/a> Lundi 18\u00a0ao\u00fbt en fin de matin\u00e9e, une famille de vacanciers originaire de l\u2019Is\u00e8re en a \u00e9t\u00e9 victime, selon un mode op\u00e9ratoire bien rod\u00e9.<\/p>\n<p>Cette fois, l\u2019adolescente mise en cause monte dans la rame en m\u00eame temps que le couple et leur enfant, place de l\u2019Europe \u00e0 Antigone, probablement apr\u00e8s avoir observ\u00e9 l\u2019\u00e9pouse composer son code de carte bancaire \u00e0 l\u2019achat du ticket.<\/p>\n<p>Elle\u00a0demande un\u00a0renseignement pour d\u00e9tourner l\u2019attention<\/p>\n<p>Une fois \u00e0 bord, elle demande un renseignement \u00e0 sa victime afin de d\u00e9tourner son attention, puis\u00a0pr\u00e9textant s\u2019\u00eatre tromp\u00e9e de direction, redescend aussit\u00f4t et s\u2019enfuit. Entre-temps, elle lui a subtilis\u00e9 le portefeuille de la touriste.<\/p>\n<p>Le mari se lance \u00e0 sa poursuite<\/p>\n<p>Le mari poursuit l\u2019adolescente qui s\u2019enferme dans les toilettes d\u2019un restaurant, non loin de l\u00e0, place du Mill\u00e9naire. La police est alert\u00e9e et interpelle finalement l\u2019auteure des faits. \u00c2g\u00e9e de 15 ans, elle s\u2019exprime en espagnol. Dans le court\u00a0moment entre son vol et son arrestation, elle a effectu\u00e9 pour 750\u00a0\u20ac de retraits d\u2019argent.<\/p>\n<p>La jeune fille, remise au foyer de l\u2019enfance, est convoqu\u00e9e devant la justice le 22\u00a0octobre prochain. La police appelle \u00e0 la plus grande vigilance face \u00e0 ces agissements.<\/p>\n","protected":false},"excerpt":{"rendered":"Le mari de la victime a poursuivi l\u2019adolescente de 15 ans dans le quartier Antigone, avant qu\u2019elle ne&hellip;\n","protected":false},"author":2,"featured_media":330956,"comment_status":"","ping_status":"","sticky":false,"template":"","format":"standard","meta":{"footnotes":""},"categories":[9599],"tags":[1111,11,1777,674,1011,27,2208,12,2680,25],"class_list":{"0":"post-330955","1":"post","2":"type-post","3":"status-publish","4":"format-standard","5":"has-post-thumbnail","7":"category-montpellier","8":"tag-actu","9":"tag-actualites","10":"tag-eu","11":"tag-europe","12":"tag-fr","13":"tag-france","14":"tag-montpellier","15":"tag-news","16":"tag-occitanie","17":"tag-republique-francaise"},"share_on_mastodon":{"url":"https:\/\/pubeurope.com\/@fr\/115059602603032884","error":""},"_links":{"self":[{"href":"https:\/\/www.europesays.com\/fr\/wp-json\/wp\/v2\/posts\/330955","targetHints":{"allow":["GET"]}}],"collection":[{"href":"https:\/\/www.europesays.com\/fr\/wp-json\/wp\/v2\/posts"}],"about":[{"href":"https:\/\/www.europesays.com\/fr\/wp-json\/wp\/v2\/types\/post"}],"author":[{"embeddable":true,"href":"https:\/\/www.europesays.com\/fr\/wp-json\/wp\/v2\/users\/2"}],"replies":[{"embeddable":true,"href":"https:\/\/www.europesays.com\/fr\/wp-json\/wp\/v2\/comments?post=330955"}],"version-history":[{"count":0,"href":"https:\/\/www.europesays.com\/fr\/wp-json\/wp\/v2\/posts\/330955\/revisions"}],"wp:featuredmedia":[{"embeddable":true,"href":"https:\/\/www.europesays.com\/fr\/wp-json\/wp\/v2\/media\/330956"}],"wp:attachment":[{"href":"https:\/\/www.europesays.com\/fr\/wp-json\/wp\/v2\/media?parent=330955"}],"wp:term":[{"taxonomy":"category","embeddable":true,"href":"https:\/\/www.europesays.com\/fr\/wp-json\/wp\/v2\/categories?post=330955"},{"taxonomy":"post_tag","embeddable":true,"href":"https:\/\/www.europesays.com\/fr\/wp-json\/wp\/v2\/tags?post=330955"}],"curies":[{"name":"wp","href":"https:\/\/api.w.org\/{rel}","templated":true}]}}