{"id":330957,"date":"2025-08-20T06:09:10","date_gmt":"2025-08-20T06:09:10","guid":{"rendered":"https:\/\/www.europesays.com\/fr\/330957\/"},"modified":"2025-08-20T06:09:10","modified_gmt":"2025-08-20T06:09:10","slug":"ca-a-ete-un-cauchemar","status":"publish","type":"post","link":"https:\/\/www.europesays.com\/fr\/330957\/","title":{"rendered":"\u00ab \u00c7a a \u00e9t\u00e9 un cauchemar \u00bb"},"content":{"rendered":"<p>            Par<br \/>\n        <strong><br \/>\n            <a href=\"https:\/\/actu.fr\/auteur\/emilien-jacques\" title=\"Consulter tous les articles de Emilien Jacques\" rel=\"nofollow noopener\" target=\"_blank\">Emilien Jacques<\/a><br \/>\n        <\/strong><\/p>\n<p>        Publi\u00e9 le<\/p>\n<p>            20 ao\u00fbt 2025 \u00e0 7h22        <\/p>\n<p>Le 27\u00a0juin 2023, <a href=\"https:\/\/actu.fr\/tag\/mort-de-nahel\" rel=\"nofollow noopener\" target=\"_blank\">le jeune Nahel, 17\u00a0ans, est abattu par un policier<\/a> lors d\u2019un refus d\u2019obtemp\u00e9rer \u00e0 <strong>Nanterre (Hauts-de-Seine)<\/strong>. Dans les jours qui suivent cet \u00e9v\u00e9nement film\u00e9 par un t\u00e9moin et dont les images font rapidement le tour des r\u00e9seaux sociaux, des \u00e9meutes \u00e9clatent dans toute la France.<\/p>\n<p class=\" wall-content\"><strong>Jusqu\u2019\u00e0 Bihorel, pr\u00e8s de Rouen<\/strong>, o\u00f9, dans la nuit du 29 au 30 juin, un incendie se d\u00e9clare dans le tabac-presse de Sandrine et Gilles Michel, la Civette Kennedy. Les flammes d\u00e9truisent tout, et la vie du couple bascule.<\/p>\n<p>En une nuit, tout est perdu<\/p>\n<p class=\" wall-content\">C\u2019est aux alentours de 2 heures du matin, le vendredi 30 juin, que les Michel sont r\u00e9veill\u00e9s \u00e0 leur domicile de Maromme. Leur syst\u00e8me d\u2019alarme les informe d\u2019un incendie dans leur civette <strong>du centre commercial Kennedy<\/strong>, \u00e0 Bihorel.<\/p>\n<p class=\" wall-content\">Des jeunes \u00e9meutiers ont fait irruption dans les locaux voisins : \u00ab Ils ont<strong> jet\u00e9 un cocktail molotov dans le bar \u00e0 c\u00f4t\u00e9<\/strong>, il y avait du gaz, \u00e7a a explos\u00e9 et \u00e7a a pris feu \u00bb, raconte Sandrine Michel.<\/p>\n<p class=\" wall-content\">Sur les cam\u00e9ras de surveillance, ils assistent en direct, avec effroi et impuissance, \u00e0 la sc\u00e8ne : \u00ab <strong>On a regard\u00e9 br\u00fbler<\/strong>, on avait que nos yeux pour pleurer \u00bb, poursuit Gilles Michel, qu\u2019on sent encore marqu\u00e9 par les images. Cette nuit-l\u00e0, il ne se rendra pas sur place \u00ab pour ne pas faire de connerie \u00bb en cas de face \u00e0 face avec les incendiaires. Les pompiers sont appel\u00e9s vers 2 heures, ils n\u2019arriveront qu\u2019au petit matin.<\/p>\n<p>Le cauchemar commence<\/p>\n<p class=\" wall-content\">Le jour lev\u00e9 et les flammes \u00e9teintes, vient l\u2019heure du bilan.<strong> Les d\u00e9g\u00e2ts sont colossaux<\/strong>, les Michel ont tout perdu. Le b\u00e2timent a enti\u00e8rement \u00e9t\u00e9 d\u00e9truit par les flammes, \u00ab il ne restait plus rien \u00bb, rapporte la g\u00e9rante.<\/p>\n<p class=\" wall-content\">\u00c0 l\u2019int\u00e9rieur, 180 000\u00a0euros de marchandises sont partis en fum\u00e9e. Le couple n\u2019a plus aucune rentr\u00e9e d\u2019argent possible,<strong> et les dettes s\u2019accumulent.<\/strong>\u00a0\u00ab On a continu\u00e9 \u00e0 payer les loyers, les charges, les cr\u00e9dits, les assurances\u2026 On n\u2019a pas eu le temps de se retourner \u00bb, dit Sandrine Michel, qui se souvient avoir re\u00e7u un courrier de relance des imp\u00f4ts \u00e0 peine quelques jours apr\u00e8s le drame. \u00ab On est d\u00e9go\u00fbt\u00e9s du syst\u00e8me \u00bb, souffle-t-elle. Il y a bien l\u2019assurance pertes d\u2019exploitation, mais celle-ci n\u2019est vers\u00e9e qu\u2019apr\u00e8s la r\u00e9ouverture du commerce.<\/p>\n<p>Votre r\u00e9gion, votre actu !<\/p>\n<p>Recevez chaque jour les infos qui comptent pour vous.<\/p>\n<p>\t<a href=\"https:\/\/actu.fr\/newsletter\" class=\"ac-btn ac-btn--corner ac-btn--medium ac-btn--blue800\" rel=\"nofollow noopener\" target=\"_blank\">S&rsquo;incrire<\/a><\/p>\n<p>    <img   decoding=\"async\" loading=\"lazy\" class=\"size-large\" src=\"https:\/\/www.europesays.com\/fr\/wp-content\/uploads\/2025\/08\/66a6caf90f9867aa6caf90f985ea6cv-960x640.jpg\" alt=\"La Civette Kennedy de Sandrine et Gilles Michel avait \u00e9t\u00e9 compl\u00e8tement d\u00e9truite, ravag\u00e9e par les flammes en juin 2023.\" width=\"960\" height=\"640\"\/><br \/>\n    La Civette Kennedy de Sandrine et Gilles Michel avait \u00e9t\u00e9 compl\u00e8tement d\u00e9truite, ravag\u00e9e par les flammes en juin\u00a02023. \u00a9Photo transmise<\/p>\n<p class=\" wall-content\">Gr\u00e2ce \u00e0 la cl\u00e9mence de certains fournisseurs, ils parviennent \u00e0 garder un petit capital pour vivre et maintenir tant bien que mal la t\u00eate hors de l\u2019eau. <strong>\u00ab \u00c7a a \u00e9t\u00e9 un cauchemar \u00bb<\/strong>, se rappelle Gilles Michel, encore tr\u00e8s affect\u00e9. Le couple est sous antid\u00e9presseurs, \u00e9puis\u00e9 moralement, mais n\u2019a jamais abandonn\u00e9 l\u2019objectif de rouvrir le commerce au plus vite.<\/p>\n<p>Des soutiens de toute part<\/p>\n<p class=\" wall-content\">\u00c0 la suite du drame, les deux commer\u00e7ants affirment avoir \u00e9t\u00e9 abandonn\u00e9s par l\u2019\u00c9tat, mais pas au niveau local. Les travaux de reconstruction de la Civette Kennedy ont b\u00e9n\u00e9fici\u00e9 du soutien de plusieurs acteurs : le pr\u00e9fet, qui, \u00ab d\u00e8s qu\u2019il y avait un souci \u00e9tait l\u00e0 pour trouver une solution \u00bb, la mairie, \u00ab qui nous a super bien suivis \u00bb, leurs fournisseurs, leur comptable\u2026<strong> \u00ab Tout le monde \u00e9tait derri\u00e8re nous \u00bb<\/strong>, salue Gilles Michel.<\/p>\n<p class=\" wall-content\">Ce dernier \u00e9voque \u00e9galement un heureux \u00e9v\u00e9nement survenu lors de cette p\u00e9riode de \u00ab montagnes russes \u00e9motionnelles \u00bb. Il relate avec un grand sourire : \u00ab<strong> On est devenu grands-parents<\/strong>, \u00e7a nous a donn\u00e9 envie de ne pas l\u00e2cher prise, \u00e7a nous a permis de tenir pendant deux ans \u00bb.<\/p>\n<p class=\" wall-content\">Mais comme rien ne devait \u00eatre simple, le couple a d\u00fb avoir recours \u00e0 un avocat pour faire acc\u00e9l\u00e9rer les travaux. Ceux-ci n\u2019ont d\u00e9but\u00e9 qu\u2019en avril dernier, avec plusieurs mois de retard sur ce qui avait \u00e9t\u00e9 annonc\u00e9 par la copropri\u00e9t\u00e9 du centre commercial. Mais qu\u2019importe, le moment tant attendu est arriv\u00e9, <strong>la Civette Kennedy a rouvert ses portes.<\/strong><\/p>\n<p>Un nouveau d\u00e9part<\/p>\n<p class=\" wall-content\">C\u2019est non sans \u00e9motions que Sandrine et Gilles Michel ont accueilli leurs premiers clients le matin du lundi 18\u00a0ao\u00fbt. Une client\u00e8le fid\u00e8le, qui avait d\u00e9j\u00e0 t\u00e9moign\u00e9 de son soutien durant les travaux et qui \u00e9tait au rendez-vous pour la r\u00e9ouverture. \u00ab C\u2019est une belle client\u00e8le, qui nous a aussi motiv\u00e9s \u00e0 rouvrir \u00bb, reconna\u00eet Gilles Michel. Malgr\u00e9 tout, il s\u2019attend \u00e0 une baisse de chiffre d\u2019affaires d\u2019environ 20 %. \u00ab Deux ans d\u2019absence c\u2019est long pour un commerce \u00bb, sait l\u2019exp\u00e9riment\u00e9 g\u00e9rant.<\/p>\n<p class=\" wall-content\">Cependant, ils sont rassur\u00e9s que les autres commerces du centre soient toujours l\u00e0. \u00ab Sans le boucher et le boulanger, <strong>le centre commercial aurait sombr\u00e9<\/strong>, il aurait ferm\u00e9 \u00bb, pense Sandrine Michel, qui a appris la volont\u00e9 de la mairie d\u2019installer un march\u00e9 pour redynamiser la place.<\/p>\n<blockquote class=\"ac-article-quote wall-content\">\n<p>On est soulag\u00e9s, mais on est fatigu\u00e9s.<\/p>\n<p>Sandrine Michel<\/p><\/blockquote>\n<p class=\" wall-content\">\u00c0 l\u2019int\u00e9rieur de la Civette Kennedy, un r\u00e9agencement total et une toute nouvelle d\u00e9coration, belle et moderne, ont \u00e9t\u00e9 apport\u00e9s. <strong>Le PMU est la grande nouveaut\u00e9<\/strong>, \u00e0 laquelle s\u2019ajoute un \u00e9largissement de la gamme des cigarettes \u00e9lectroniques. Autres services : paiement d\u2019amendes et de p\u00e9ages, achat et rechargement de la carte Astuce, photocopie, timbres-poste.<\/p>\n<p class=\" wall-content\">Aujourd\u2019hui, Sandrine et Gilles Michel ont le sourire, mais il est marqu\u00e9 par des mois d\u2019\u00e9preuves et de combats. \u00ab On est soulag\u00e9s, mais on est fatigu\u00e9s \u00bb, conc\u00e8de la patronne. Mais maintenant, elle s\u2019autorise \u00e0 le dire : \u00ab On voit le bout du tunnel. \u00bb<\/p>\n<p class=\" wall-content\">Les \u00e9poux se disent heureux de reprendre une vie normale, \u00ab une vie saine \u00bb. Une nouvelle vie m\u00eame, selon Gilles Michel : \u00ab On n\u2019a plus rien, on recommence \u00e0 z\u00e9ro. \u00bb<\/p>\n<p>Suivez l\u2019actualit\u00e9 de Rouen <a href=\"https:\/\/www.whatsapp.com\/channel\/0029VaKfnf99hXF2ddApFB1D\" rel=\"nofollow noopener\" target=\"_blank\">sur notre cha\u00eene WhatsApp<\/a> et <a href=\"https:\/\/www.tiktok.com\/@76actu.fr?lang=fr\" rel=\"nofollow noopener\" target=\"_blank\">sur notre compte TikTok<\/a><\/p>\n<p class=\" wall-content\">Personnalisez votre actualit\u00e9 en ajoutant vos villes et m\u00e9dias en favori avec <a href=\"https:\/\/moncompte.actu.fr\" title=\"D\u00e9couvez Mon Actu\" rel=\"nofollow noopener\" data-trk=\"{&quot;cta&quot;:{&quot;action&quot;:&quot;https:\\\/\\\/moncompte.actu.fr&quot;,&quot;category&quot;:&quot;mon compte&quot;,&quot;from&quot;:&quot;article footer&quot;,&quot;name&quot;:&quot;Mon actu&quot;,&quot;type&quot;:&quot;cta&quot;}}\" target=\"_blank\">Mon Actu<\/a>.<\/p>\n<p>                    <script async src=\"\/\/www.tiktok.com\/embed.js\"><\/script><\/p>\n","protected":false},"excerpt":{"rendered":"Par Emilien Jacques Publi\u00e9 le 20 ao\u00fbt 2025 \u00e0 7h22 Le 27\u00a0juin 2023, le jeune Nahel, 17\u00a0ans, est&hellip;\n","protected":false},"author":2,"featured_media":330958,"comment_status":"","ping_status":"","sticky":false,"template":"","format":"standard","meta":{"footnotes":""},"categories":[9587],"tags":[1111,11,215,1777,674,1011,27,27750,12,5161,25,9590,104,7501],"class_list":{"0":"post-330957","1":"post","2":"type-post","3":"status-publish","4":"format-standard","5":"has-post-thumbnail","7":"category-rouen","8":"tag-actu","9":"tag-actualites","10":"tag-commerce","11":"tag-eu","12":"tag-europe","13":"tag-fr","14":"tag-france","15":"tag-mort-de-nahel","16":"tag-news","17":"tag-normandie","18":"tag-republique-francaise","19":"tag-rouen","20":"tag-societe","21":"tag-violences-urbaines"},"share_on_mastodon":{"url":"https:\/\/pubeurope.com\/@fr\/115059606657059828","error":""},"_links":{"self":[{"href":"https:\/\/www.europesays.com\/fr\/wp-json\/wp\/v2\/posts\/330957","targetHints":{"allow":["GET"]}}],"collection":[{"href":"https:\/\/www.europesays.com\/fr\/wp-json\/wp\/v2\/posts"}],"about":[{"href":"https:\/\/www.europesays.com\/fr\/wp-json\/wp\/v2\/types\/post"}],"author":[{"embeddable":true,"href":"https:\/\/www.europesays.com\/fr\/wp-json\/wp\/v2\/users\/2"}],"replies":[{"embeddable":true,"href":"https:\/\/www.europesays.com\/fr\/wp-json\/wp\/v2\/comments?post=330957"}],"version-history":[{"count":0,"href":"https:\/\/www.europesays.com\/fr\/wp-json\/wp\/v2\/posts\/330957\/revisions"}],"wp:featuredmedia":[{"embeddable":true,"href":"https:\/\/www.europesays.com\/fr\/wp-json\/wp\/v2\/media\/330958"}],"wp:attachment":[{"href":"https:\/\/www.europesays.com\/fr\/wp-json\/wp\/v2\/media?parent=330957"}],"wp:term":[{"taxonomy":"category","embeddable":true,"href":"https:\/\/www.europesays.com\/fr\/wp-json\/wp\/v2\/categories?post=330957"},{"taxonomy":"post_tag","embeddable":true,"href":"https:\/\/www.europesays.com\/fr\/wp-json\/wp\/v2\/tags?post=330957"}],"curies":[{"name":"wp","href":"https:\/\/api.w.org\/{rel}","templated":true}]}}