{"id":330961,"date":"2025-08-20T06:13:10","date_gmt":"2025-08-20T06:13:10","guid":{"rendered":"https:\/\/www.europesays.com\/fr\/330961\/"},"modified":"2025-08-20T06:13:10","modified_gmt":"2025-08-20T06:13:10","slug":"le-train-de-nuit-paris-briancon-va-t-il-passer-par-grenoble","status":"publish","type":"post","link":"https:\/\/www.europesays.com\/fr\/330961\/","title":{"rendered":"Le train de nuit Paris-Brian\u00e7on va-t-il passer par Grenoble ?"},"content":{"rendered":"<p itemprop=\"description\"><strong>TRANSPORT \/ La circulation du train va de nouveau \u00eatre interrompue cet automne en raison de travaux dans la Dr\u00f4me<\/strong><\/p>\n<p>\u00a0<\/p>\n<p><strong>&#8211; Hautes-Alpes &#8211;<\/strong><\/p>\n<p style=\"text-align: justify;\">Le train de nuit Paris Brian\u00e7on va-t-il passer par Grenoble ? C&rsquo;est une possibilit\u00e9 qu&rsquo;envisage la SNCF. \u00c0 l&rsquo;automne, des travaux importants vont avoir lieu de nouveau dans la Dr\u00f4me avec l\u2019interruption en semaine du train de nuit entre mi-septembre et mi-d\u00e9cembre 2025.<\/p>\n<p style=\"text-align: justify;\">Sollicit\u00e9 par quatre d\u00e9put\u00e9s, dont Marie-Jos\u00e9 Allemand et Val\u00e9rie Rossi pour les Hautes-Alpes, le pr\u00e9sident directeur g\u00e9n\u00e9ral de la SNCF, Christophe Fanichet, assure avoir mis en place un groupe de travail technique, en novembre 2024, pour mettre sur pied un axe de substitution passant par Lyon, Moirans, Grenoble et Aspres-sur-Bu\u00ebch.<\/p>\n<p style=\"text-align: justify;\">\u00a0<\/p>\n<p style=\"text-align: justify;\"><strong>Une mise en place envisag\u00e9e pour apr\u00e8s 2026<\/strong><\/p>\n<p style=\"text-align: justify;\">Sur cet axe is\u00e9rois, des travaux sont d\u00e9j\u00e0 pr\u00e9vus et seuls 8 jours de circulation sont possible sur le deuxi\u00e8me semestre 2025 et le double l&rsquo;an prochain. La circulation d&rsquo;un train de nuit d&rsquo;essai est n\u00e9anmoins pr\u00e9vue le mois prochain.\u00a0Si le d\u00e9tournement est possible, la SNCF assure qu\u2019il devra ensuite \u00eatre valid\u00e9 et financ\u00e9 par le minist\u00e8re des Transports en sa qualit\u00e9 d\u2019autorit\u00e9 d&rsquo;organisatrice des trains d&rsquo;\u00e9quilibre du territoire.<\/p>\n<p style=\"text-align: justify;\">Marie-Jos\u00e9 Allemand se dit satisfaite de voir que l&rsquo;\u00e9tude d&rsquo;un contournement est s\u00e9rieusement \u00e0 l&rsquo;\u00e9tude. Cette substitution par Grenoble serait une excellente nouvelle pour les Hautes-Alpes mais il reste beaucoup \u00e0 faire pour aboutir \u00e0 cette solution.<\/p>\n<p style=\"text-align: right;\"><strong>N. Dalbera<\/strong><\/p>\n","protected":false},"excerpt":{"rendered":"TRANSPORT \/ La circulation du train va de nouveau \u00eatre interrompue cet automne en raison de travaux dans&hellip;\n","protected":false},"author":2,"featured_media":330962,"comment_status":"","ping_status":"","sticky":false,"template":"","format":"standard","meta":{"footnotes":""},"categories":[9566],"tags":[1111,11,7733,8279,2430,7736,650,7734,2889,2263,1777,674,1011,27,1085,2731,8280,6417,1114,4662,12,3725,1825,25,7053,7737],"class_list":{"0":"post-330961","1":"post","2":"type-post","3":"status-publish","4":"format-standard","5":"has-post-thumbnail","7":"category-grenoble","8":"tag-actu","9":"tag-actualites","10":"tag-alpes","11":"tag-alpes1","12":"tag-auvergne-rhone-alpes","13":"tag-cds","14":"tag-cinema","15":"tag-ecoute","16":"tag-emission","17":"tag-equipe","18":"tag-eu","19":"tag-europe","20":"tag-fr","21":"tag-france","22":"tag-gap","23":"tag-grenoble","24":"tag-haute","25":"tag-information","26":"tag-infos","27":"tag-journal","28":"tag-news","29":"tag-podcast","30":"tag-radio","31":"tag-republique-francaise","32":"tag-sud","33":"tag-winamp"},"share_on_mastodon":{"url":"https:\/\/pubeurope.com\/@fr\/115059622671365472","error":""},"_links":{"self":[{"href":"https:\/\/www.europesays.com\/fr\/wp-json\/wp\/v2\/posts\/330961","targetHints":{"allow":["GET"]}}],"collection":[{"href":"https:\/\/www.europesays.com\/fr\/wp-json\/wp\/v2\/posts"}],"about":[{"href":"https:\/\/www.europesays.com\/fr\/wp-json\/wp\/v2\/types\/post"}],"author":[{"embeddable":true,"href":"https:\/\/www.europesays.com\/fr\/wp-json\/wp\/v2\/users\/2"}],"replies":[{"embeddable":true,"href":"https:\/\/www.europesays.com\/fr\/wp-json\/wp\/v2\/comments?post=330961"}],"version-history":[{"count":0,"href":"https:\/\/www.europesays.com\/fr\/wp-json\/wp\/v2\/posts\/330961\/revisions"}],"wp:featuredmedia":[{"embeddable":true,"href":"https:\/\/www.europesays.com\/fr\/wp-json\/wp\/v2\/media\/330962"}],"wp:attachment":[{"href":"https:\/\/www.europesays.com\/fr\/wp-json\/wp\/v2\/media?parent=330961"}],"wp:term":[{"taxonomy":"category","embeddable":true,"href":"https:\/\/www.europesays.com\/fr\/wp-json\/wp\/v2\/categories?post=330961"},{"taxonomy":"post_tag","embeddable":true,"href":"https:\/\/www.europesays.com\/fr\/wp-json\/wp\/v2\/tags?post=330961"}],"curies":[{"name":"wp","href":"https:\/\/api.w.org\/{rel}","templated":true}]}}