{"id":330963,"date":"2025-08-20T06:14:14","date_gmt":"2025-08-20T06:14:14","guid":{"rendered":"https:\/\/www.europesays.com\/fr\/330963\/"},"modified":"2025-08-20T06:14:14","modified_gmt":"2025-08-20T06:14:14","slug":"anyme-streamer-breton-suivi-par-plus-de-3-millions-de-personnes-met-en-pause-sa-carriere","status":"publish","type":"post","link":"https:\/\/www.europesays.com\/fr\/330963\/","title":{"rendered":"Anyme, streamer breton suivi par plus de 3 millions de personnes, met en pause sa carri\u00e8re"},"content":{"rendered":"<p><strong>\u00ab\u00a0J\u2019ai pris pas mal de recul ces derniers jours. Je me rends compte que tout est all\u00e9 tr\u00e8s vite et que je pr\u00e9f\u00e8re arr\u00eater au bon moment. Merci pour tout ce qu\u2019on a v\u00e9cu et votre soutien, on se reverra plus tard.\u00a0\u00bb<\/strong> C\u2019est dans une story Instagram, publi\u00e9e lundi 18\u00a0ao\u00fbt 2025, que le streamer Anyme, Maxence Turlot de son vrai nom, a annonc\u00e9 faire une pause dans sa carri\u00e8re sur les r\u00e9seaux sociaux, sans indiquer de date de retour.<\/p>\n<blockquote class=\"twitter-tweet\" data-media-max-width=\"560\" wp_automatic_readability=\"3.3333333333333\">\n<p lang=\"fr\" dir=\"ltr\">\u00c0 bient\u00f4t les fr\u00e9rots ???? on a bien rigol\u00e9 <a href=\"https:\/\/t.co\/gnDaJruRqI\">https:\/\/t.co\/gnDaJruRqI<\/a><\/p>\n<p>\u2014 Anyme023 (@Anyme023Off) <a href=\"https:\/\/twitter.com\/Anyme023Off\/status\/1957502756081779141?ref_src=twsrc%5Etfw\" target=\"_blank\" rel=\"noopener\">August 18, 2025<\/a><\/p><\/blockquote>\n<p>Une d\u00e9cision qui \u00e9tonne, tant le jeune homme de 22\u00a0ans semblait \u00eatre au sommet de sa carri\u00e8re. Suivi par 2,1\u00a0millions de personnes sur Instagram et 3,1\u00a0millions sur TikTok, il est devenu, en avril dernier, le troisi\u00e8me streamer francophone le plus suivi sur Twitch, derri\u00e8re ZeratoR et Kameto.<\/p>\n<p>Une ascension fulgurante<\/p>\n<p>Tout commence en 2023, lorsqu\u2019il se lance sur TikTok. Un an plus tard, ses lives humoristiques sur Twitch explosent et le propulsent parmi les cr\u00e9ateurs de contenu les plus populaires de France. En juin\u00a02024, il n\u2019avait que 220\u00a0abonn\u00e9s. Douze mois plus tard, il en compte 2\u00a0millions, avec en moyenne plus de 48\u00a0000\u00a0spectateurs sur ses streams, cumulant 2,7\u00a0millions d\u2019heures visionn\u00e9es rien qu\u2019en juin\u00a02025.<\/p>\n<p><strong>Lire aussi :<\/strong>\u00a0<a href=\"https:\/\/rennes.maville.com\/actu\/actudet_--c-est-une-agression-sexuelle-lors-des-flammes-2025-le-streamer-anyme-embrasse-de-force-_54135-6808828_actu.Htm\" rel=\"nofollow noopener\" target=\"_blank\">\u00ab C\u2019est une agression sexuelle \u00bb : lors des Flammes 2025, le streamer Anyme embrass\u00e9 de force<\/a><\/p>\n<p>Apr\u00e8s avoir enflamm\u00e9 la sc\u00e8ne des Solidays, particip\u00e9 aux Flammes, <a href=\"https:\/\/rennes.maville.com\/actu\/actudet_-flammes-2025-tiakola-shay-aya-nakamura...-un-palmares-au-sommet-de-la-scene-urbaine-_54135-6806090_actu.Htm\" rel=\"nofollow noopener\" target=\"_blank\">le rendez-vous de la culture hip-hop<\/a>, et publi\u00e9 son premier titre musical, Shamballa, dont le clip d\u00e9passe les 11\u00a0millions de vues (15\u00a0millions d\u2019\u00e9coutes en streaming), son succ\u00e8s fulgurant lui a m\u00eame ouvert les portes du GP Explorer, la comp\u00e9tition automobile organis\u00e9e par le Youtubeur Squeezie. Il devait prendre le d\u00e9part de la troisi\u00e8me \u00e9dition, pr\u00e9vue du 3 au 5\u00a0octobre 2025 au Mans (Sarthe). Mais \u00e0 ce stade, son \u00e9ventuelle participation reste en suspens.<\/p>\n<p>Des r\u00e9actions sceptiques<\/p>\n<p>Sur les r\u00e9seaux sociaux, les r\u00e9actions oscillent entre surprise et scepticisme. \u00ab\u00a0<strong>C\u2019est un gage<\/strong>\u00a0\u00bb, s\u2019amuse un internaute, tandis que d\u2019autres \u00e9voquent une possible op\u00e9ration de communication.<\/p>\n<p>M\u00eame les streamers s\u2019interrogent. Lors d\u2019un live, Antoine Daniel, figure embl\u00e9matique du streaming fran\u00e7ais, estime\u00a0: \u00ab <strong>On a rarement vu une explosion aussi \u00e9norme depuis longtemps en France. Je pense que ce n\u2019est pas une mauvaise d\u00e9cision de prendre un peu de recul, et peut-\u00eatre revenir apr\u00e8s, ou pas.<\/strong>\u00a0\u00bb Avant de nuancer, face aux questions de ses viewers\u00a0: \u00ab <strong>Peut-\u00eatre que c\u2019est un coup de com\u2019, je n\u2019en sais rien. Maintenant que vous le dites, c\u2019est peut-\u00eatre un d\u00e9fi dans une vid\u00e9o.<\/strong>\u00a0\u00bb<\/p>\n<p>V\u00e9ritable pause ou strat\u00e9gie savamment orchestr\u00e9e\u00a0? Impossible \u00e0 dire pour le moment. Une chose est s\u00fbre\u00a0: le ph\u00e9nom\u00e8ne Anyme, en seulement deux ans, a boulevers\u00e9 la sc\u00e8ne fran\u00e7aise du streaming.<\/p>\n<p>\u00a0<\/p>\n<p>\t\t<script async src=\"https:\/\/platform.twitter.com\/widgets.js\" charset=\"utf-8\"><\/script><\/p>\n","protected":false},"excerpt":{"rendered":"\u00ab\u00a0J\u2019ai pris pas mal de recul ces derniers jours. Je me rends compte que tout est all\u00e9 tr\u00e8s&hellip;\n","protected":false},"author":2,"featured_media":330964,"comment_status":"","ping_status":"","sticky":false,"template":"","format":"standard","meta":{"footnotes":""},"categories":[2821],"tags":[19020,1111,11,46859,829,6978,1282,1777,674,1011,27,3736,4657,12,11965,3744,584,25,30036,9620],"class_list":{"0":"post-330963","1":"post","2":"type-post","3":"status-publish","4":"format-standard","5":"has-post-thumbnail","7":"category-rennes","8":"tag-19020","9":"tag-actu","10":"tag-actualites","11":"tag-anyme","12":"tag-bretagne","13":"tag-breton","14":"tag-carriere","15":"tag-eu","16":"tag-europe","17":"tag-fr","18":"tag-france","19":"tag-met","20":"tag-millions","21":"tag-news","22":"tag-pause","23":"tag-personnes","24":"tag-rennes","25":"tag-republique-francaise","26":"tag-streamer","27":"tag-suivi"},"share_on_mastodon":{"url":"https:\/\/pubeurope.com\/@fr\/115059626174434124","error":""},"_links":{"self":[{"href":"https:\/\/www.europesays.com\/fr\/wp-json\/wp\/v2\/posts\/330963","targetHints":{"allow":["GET"]}}],"collection":[{"href":"https:\/\/www.europesays.com\/fr\/wp-json\/wp\/v2\/posts"}],"about":[{"href":"https:\/\/www.europesays.com\/fr\/wp-json\/wp\/v2\/types\/post"}],"author":[{"embeddable":true,"href":"https:\/\/www.europesays.com\/fr\/wp-json\/wp\/v2\/users\/2"}],"replies":[{"embeddable":true,"href":"https:\/\/www.europesays.com\/fr\/wp-json\/wp\/v2\/comments?post=330963"}],"version-history":[{"count":0,"href":"https:\/\/www.europesays.com\/fr\/wp-json\/wp\/v2\/posts\/330963\/revisions"}],"wp:featuredmedia":[{"embeddable":true,"href":"https:\/\/www.europesays.com\/fr\/wp-json\/wp\/v2\/media\/330964"}],"wp:attachment":[{"href":"https:\/\/www.europesays.com\/fr\/wp-json\/wp\/v2\/media?parent=330963"}],"wp:term":[{"taxonomy":"category","embeddable":true,"href":"https:\/\/www.europesays.com\/fr\/wp-json\/wp\/v2\/categories?post=330963"},{"taxonomy":"post_tag","embeddable":true,"href":"https:\/\/www.europesays.com\/fr\/wp-json\/wp\/v2\/tags?post=330963"}],"curies":[{"name":"wp","href":"https:\/\/api.w.org\/{rel}","templated":true}]}}