{"id":330965,"date":"2025-08-20T06:15:20","date_gmt":"2025-08-20T06:15:20","guid":{"rendered":"https:\/\/www.europesays.com\/fr\/330965\/"},"modified":"2025-08-20T06:15:20","modified_gmt":"2025-08-20T06:15:20","slug":"rabiot-rowe-de-zerbi-on-sait-enfin-ce-quil-sest-vraiment-passe-a-rennes","status":"publish","type":"post","link":"https:\/\/www.europesays.com\/fr\/330965\/","title":{"rendered":"Rabiot, Rowe, De Zerbi\u2026 on sait enfin ce qu\u2019il s\u2019est vraiment pass\u00e9 \u00e0 Rennes !\u00a0"},"content":{"rendered":"<p><strong>De nouvelles r\u00e9v\u00e9lations chocs sont tomb\u00e9es au sujet de la brpuille entre Adrien Rabiot et Jonathan Rowe apr\u00e8s la d\u00e9faite de l\u2019OM vendredi \u00e0 Rennes (0-1) en ouverture de la saison de Ligue 1.<\/strong><\/p>\n<p>\u00c0 Marseille, la saison n\u2019a m\u00eame pas eu le temps de respirer qu\u2019elle est d\u00e9j\u00e0 en train de br\u00fbler. L\u2019OM, habitu\u00e9 aux secousses et aux drames, vient de replonger dans une tourmente interne aussi soudaine que violente. La sc\u00e8ne s\u2019est d\u00e9roul\u00e9e vendredi \u00e0 Rennes dans les entrailles d\u2019un vestiaire transform\u00e9 en poudri\u00e8re : Geronimo Rulli, bouillant apr\u00e8s la d\u00e9faite, s\u2019en est pris frontalement \u00e0 Jonathan Rowe, avant qu\u2019Adrien Rabiot ne s\u2019interpose et que tout ne bascule dans le chaos.<\/p>\n<p>La tension a explos\u00e9 sit\u00f4t le coup de sifflet final. Dans un vestiaire \u00e9lectrique, Rulli, hors de lui, reproche \u00e0 Rowe son attitude jug\u00e9e d\u00e9sinvolte. Les mots montent, les insultes fusent, et il faut un Rabiot autoritaire pour \u00e9viter que les deux hommes ne s\u2019empoignent. Mais le r\u00f4le de pompier du Fran\u00e7ais vire rapidement au cauchemar : Rowe se retrouve face \u00e0 lui, la voix tremble, la col\u00e8re l\u2019emporte, et soudain les coups partent. T\u00e9moins de la sc\u00e8ne, plusieurs joueurs parlent d\u2019une altercation d\u2019une rare brutalit\u00e9, stopp\u00e9e in extremis.\u00a0<\/p>\n<p>Selon <a href=\"https:\/\/www.butfootballclub.fr\/614438-om-mercato-la-mere-dadrien-rabiot-confirme-que-de-zerbi-ne-veut-plus-de-son-fils\/\" rel=\"noopener\" target=\"_blank\">L\u2019\u00c9quipe<\/a>, Rabiot aurait donn\u00e9 le premier coup. Comme si le sc\u00e9nario n\u2019\u00e9tait pas assez dramatique, un nouvel \u00e9pisode secoue le groupe quelques minutes plus tard : Darryl Bakola, tout jeune milieu, s\u2019effondre, victime d\u2019un malaise heureusement sans gravit\u00e9. Le vestiaire est alors vid\u00e9, les joueurs rejoignent le car, mais Rowe, lui, fait demi-tour. Pr\u00e9texte : prendre des nouvelles de son co\u00e9quipier. En r\u00e9alit\u00e9, il fonce de nouveau sur Rabiot, pr\u00eat \u00e0 en d\u00e9coudre dans un vestiaire d\u00e9sert\u00e9. Il faut l\u2019intervention du service de s\u00e9curit\u00e9 pour mettre un terme \u00e0 ce d\u00e9cha\u00eenement digne d\u2019un mauvais film.<\/p>\n<p>Le week-end a \u00e9t\u00e9 pr\u00e9sent\u00e9 comme une pause salvatrice. Mais d\u00e8s le lundi, la sanction tombe : exclusion temporaire de Rabiot et Rowe, interdits d\u2019entra\u00eenement, sans date de r\u00e9int\u00e9gration. Une mise \u00e0 l\u2019\u00e9cart lourde de sens, m\u00eame si les contextes divergent. Pour Rowe, d\u00e9j\u00e0 plac\u00e9 sur la liste des transferts afin de renflouer les caisses, la sanction ne fait qu\u2019acc\u00e9l\u00e9rer une s\u00e9paration in\u00e9vitable. Pour Rabiot, en revanche, la situation intrigue. Proche de la direction, r\u00e9guli\u00e8rement d\u00e9fendu par son coach Roberto De Zerbi, il semblait promis \u00e0 une simple amende et \u00e0 un retour rapide dans le groupe pour affronter le Paris FC au V\u00e9lodrome.<\/p>\n<p>De Zerbi trahi par Rabiot\u00a0?<\/p>\n<p>Sauf que rien ne s\u2019est pass\u00e9 comme pr\u00e9vu. Hier matin encore, Rabiot brillait par son absence \u00e0 la Commanderie. Et dans l\u2019apr\u00e8s-midi, le coup de tonnerre tombe. C\u2019est sa m\u00e8re, figure bien connue du football fran\u00e7ais, qui prend la parole. Contact\u00e9e par RTL et L\u2019\u00c9quipe, elle annonce que De Zerbi ne veut plus travailler avec son fils, \u00e9voquant un \u00ab manque d\u2019investissement \u00bb. Une bombe m\u00e9diatique qui renverse toutes les certitudes et qui relance la machine \u00e0 pol\u00e9miques marseillaises.<\/p>\n<p>L\u2019<a href=\"https:\/\/www.butfootballclub.fr\/614403-stade-rennais-mercato-lom-a-pousse-lepaul-chez-les-rouge-et-noir\/\" rel=\"noopener\" target=\"_blank\">OM <\/a>se retrouve ainsi face \u00e0 un nouveau feuilleton dont il se serait bien pass\u00e9. Rowe, en instance de d\u00e9part, attend d\u2019\u00eatre fix\u00e9 sur sa prochaine destination. Rabiot, lui, pourrait voir son aventure marseillaise s\u2019achever avant m\u00eame d\u2019avoir r\u00e9ellement commenc\u00e9, si la rupture avec De Zerbi est confirm\u00e9e. D\u2019apr\u00e8s L\u2019\u00c9quipe, l\u2019Italien aurait \u00e9t\u00e9 choqu\u00e9 oar tant de violence et se serait senti trahi par Rabiot. Pendant ce temps, le vestiaire reste fragilis\u00e9, entre soup\u00e7ons, m\u00e9fiance et rancunes mal \u00e9teintes.<\/p>\n<p>\u00c0 Marseille, les crises se r\u00e9p\u00e8tent, souvent \u00e0 la m\u00eame vitesse que les d\u00e9faites. La saison n\u2019a pas encore trouv\u00e9 son rythme que d\u00e9j\u00e0 les flammes s\u2019\u00e9l\u00e8vent. Et une question plane au-dessus du V\u00e9lodrome : l\u2019<a href=\"https:\/\/www.butfootballclub.fr\/614435-om-mercato-pavard-en-alternative-dordonez\/\" rel=\"noopener\" target=\"_blank\">OM<\/a> est-il condamn\u00e9 \u00e0 vivre dans la temp\u00eate permanente ?<\/p>\n","protected":false},"excerpt":{"rendered":"De nouvelles r\u00e9v\u00e9lations chocs sont tomb\u00e9es au sujet de la brpuille entre Adrien Rabiot et Jonathan Rowe apr\u00e8s&hellip;\n","protected":false},"author":2,"featured_media":330966,"comment_status":"","ping_status":"","sticky":false,"template":"","format":"standard","meta":{"footnotes":""},"categories":[2821],"tags":[1111,11,829,448,1777,674,63,1011,27,66,3388,12,584,25,10662],"class_list":{"0":"post-330965","1":"post","2":"type-post","3":"status-publish","4":"format-standard","5":"has-post-thumbnail","7":"category-rennes","8":"tag-actu","9":"tag-actualites","10":"tag-bretagne","11":"tag-champions-league","12":"tag-eu","13":"tag-europe","14":"tag-football","15":"tag-fr","16":"tag-france","17":"tag-ligue-1","18":"tag-matchs","19":"tag-news","20":"tag-rennes","21":"tag-republique-francaise","22":"tag-transferts"},"share_on_mastodon":{"url":"https:\/\/pubeurope.com\/@fr\/115059629943083790","error":""},"_links":{"self":[{"href":"https:\/\/www.europesays.com\/fr\/wp-json\/wp\/v2\/posts\/330965","targetHints":{"allow":["GET"]}}],"collection":[{"href":"https:\/\/www.europesays.com\/fr\/wp-json\/wp\/v2\/posts"}],"about":[{"href":"https:\/\/www.europesays.com\/fr\/wp-json\/wp\/v2\/types\/post"}],"author":[{"embeddable":true,"href":"https:\/\/www.europesays.com\/fr\/wp-json\/wp\/v2\/users\/2"}],"replies":[{"embeddable":true,"href":"https:\/\/www.europesays.com\/fr\/wp-json\/wp\/v2\/comments?post=330965"}],"version-history":[{"count":0,"href":"https:\/\/www.europesays.com\/fr\/wp-json\/wp\/v2\/posts\/330965\/revisions"}],"wp:featuredmedia":[{"embeddable":true,"href":"https:\/\/www.europesays.com\/fr\/wp-json\/wp\/v2\/media\/330966"}],"wp:attachment":[{"href":"https:\/\/www.europesays.com\/fr\/wp-json\/wp\/v2\/media?parent=330965"}],"wp:term":[{"taxonomy":"category","embeddable":true,"href":"https:\/\/www.europesays.com\/fr\/wp-json\/wp\/v2\/categories?post=330965"},{"taxonomy":"post_tag","embeddable":true,"href":"https:\/\/www.europesays.com\/fr\/wp-json\/wp\/v2\/tags?post=330965"}],"curies":[{"name":"wp","href":"https:\/\/api.w.org\/{rel}","templated":true}]}}