{"id":330969,"date":"2025-08-20T06:19:20","date_gmt":"2025-08-20T06:19:20","guid":{"rendered":"https:\/\/www.europesays.com\/fr\/330969\/"},"modified":"2025-08-20T06:19:20","modified_gmt":"2025-08-20T06:19:20","slug":"mobilite-a-strasbourg-cest-une-ville-multiculturelle-et-polyglotte-au-coeur-de-leurope","status":"publish","type":"post","link":"https:\/\/www.europesays.com\/fr\/330969\/","title":{"rendered":"Mobilit\u00e9 \u00e0 Strasbourg : \u00ab\u00a0C\u2019est une ville multiculturelle et polyglotte au c\u0153ur de l\u2019Europe\u00a0\u00bb"},"content":{"rendered":"<p>En 2022, Strasbourg a \u00e9t\u00e9 \u00e9lue \u00ab\u00a0ville la plus attractive de France\u00a0\u00bb par HelloWork. Isol\u00e9e jusqu\u2019alors dans le nord-est de l\u2019Hexagone, la m\u00e9tropole alsacienne de plus de 500 000 habitants a su mettre ses atouts en avant ces derni\u00e8res ann\u00e9es. Au point que 14 000 citadins s\u2019y sont install\u00e9s entre 2015 et 2021, d\u2019apr\u00e8s l\u2019INSEE. \u201cCes nouveaux arrivants restent plus ou moins longtemps. Mais en r\u00e8gle g\u00e9n\u00e9rale, quand ils viennent vivre ici, ils n\u2019ont plus envie de repartir\u201d, affirme Anne-Marie Jean, vice-pr\u00e9sidente de l\u2019Eurom\u00e9tropole de la ville de Strasbourg. Ils sont originaires des quatre coins de la France, mais aussi d\u2019Europe. Situ\u00e9 \u00e0 la fronti\u00e8re de l\u2019Allemagne, et non loin de la Belgique et du Luxembourg, Strasbourg h\u00e9berge des organisations internationales attractives pour les travailleurs europ\u00e9ens (Conseil de l\u2019Europe, Cour europ\u00e9enne des droits de l\u2019homme ou encore Parlement europ\u00e9en). \u201cC\u2019est une ville multiculturelle et polyglotte au c\u0153ur de l\u2019Europe\u201d, confirme l\u2019ancienne Lilloise.<\/p>\n<p>Un territoire industriel <\/p>\n<p>Le port autonome de Strasbourg, reli\u00e9 aux grands ports maritimes de Rotterdam et d\u2019Anvers, est \u00e9galement un point de passage majeur pour les importations et exportations fran\u00e7aises vers le reste du Vieux Continent. Il illustre le dynamisme \u00e9conomique de Strasbourg dans des secteurs vari\u00e9s. La ville alsacienne s\u2019est notamment impos\u00e9e comme une place financi\u00e8re importante, avec des si\u00e8ges de banques et d\u2019assurances, mais aussi comme un territoire industriel incontournable, \u201cnotamment dans les domaines de la sant\u00e9 et de la chimie\u201d. \u201cNous sommes fiers d\u2019avoir de \u00adnombreux Prix Nobel\u201d, se f\u00e9licite la dirigeante. Au total, 18 personnalit\u00e9s membres de l\u2019universit\u00e9 de Strasbourg ont re\u00e7u ce prestigieux Prix depuis sa cr\u00e9ation en 1901. Le dernier en date ? Le chimiste Jean-Pierre Sauvage, en 2016, pour son travail sur les machines mol\u00e9culaires.<\/p>\n<p>\u201cPresque un quart des emplois (21 %) sont dans le secteur de l\u2019industrie et de l\u2019innovation, compl\u00e8te Georges Delorme, manager du cabinet \u00adRandstad Search \u00e0 Strasbourg. Il y a eu une explosion de la demande en 2021 apr\u00e8s le Covid-19. Toutes les entreprises avaient besoin de main-d\u2019\u0153uvre pour relancer leurs activit\u00e9s, ralenties par des probl\u00e8mes d\u2019approvisionnement li\u00e9s aux p\u00e9nuries de mati\u00e8res premi\u00e8res. Depuis la deuxi\u00e8me partie de 2023, nous observons un retour \u00e0 la normale du nombre d\u2019offres d\u2019emploi.\u201d Il pr\u00e9cise que \u201c34 % des cadres du Grand Est sont concentr\u00e9s \u00e0 Strasbourg et 17 % des postes sont r\u00e9serv\u00e9s \u00e0 l\u2019encadrement. Parfois, nous allons chercher des profils qualifi\u00e9s r\u00e9sidant \u00e0 Paris. Heureusement, avec l\u2019arriv\u00e9e du TGV, ils se retrouvent \u00e0 moins de deux heures de la capitale\u201d.<\/p>\n<p>Lors des n\u00e9gociations salariales, la proximit\u00e9 g\u00e9ographique avec l\u2019Allemagne et la Suisse est un argument de poids. \u201cSi elles souhaitent rester attractives, les entreprises fran\u00e7aises sont oblig\u00e9es de s\u2019aligner pour r\u00e9pondre aux exigences salariales\u201d, commente Georges Delorme. Cela permet \u00e0 certains d\u2019acheter un bien immobilier m\u00eame si, comme dans de nombreuses grandes villes fran\u00e7aises, le march\u00e9 de l\u2019immobilier reste on\u00e9reux.<\/p>\n<p>Economie circulaire vertueuse <\/p>\n<p>Autre secteur porteur : l\u2019\u00e9cologie.\u00a0\u201cNous sommes tr\u00e8s pr\u00e9occup\u00e9s par cette question, probablement plus que dans les autres villes fran\u00e7aises, estime Anne-Marie Jean, en rappelant que Strasbourg est bord\u00e9 de paysages naturels majestueux, comme la For\u00eat-Noire et les Alpes allemandes. Les entreprises du territoire tiennent \u00e0 pr\u00e9server cette biodiversit\u00e9 en traitant leurs d\u00e9chets, car ils peuvent \u00eatre transform\u00e9s en ressources.\u201d Des soci\u00e9t\u00e9s \u00e9nerg\u00e9tiques r\u00e9cup\u00e8rent, par exemple, la chaleur \u00e9mise par les entreprises lors de processus de production afin de la faire transiter vers des structures de la ville, dont des habitations. \u201cNous chauffons actuellement pr\u00e8s de 12 000 logements. Nous nous fixons l\u2019objectif d\u2019en chauffer 15 000 prochainement. Nous voulons inscrire la r\u00e9gion dans une \u00e9conomie circulaire vertueuse\u201d, explique la dirigeante. Cette importance accord\u00e9e \u00e0 la transition \u00e9cologique est notamment perceptible dans le secteur du b\u00e2timent. \u201cC\u2019est frappant, pour le manager de Randstad. Le secteur du b\u00e2timent est confront\u00e9 \u00e0 une crise de la construction de logements neufs li\u00e9e \u00e0 la difficult\u00e9 d\u2019acc\u00e8s \u00e0 la propri\u00e9t\u00e9, alors que dans le secteur de la r\u00e9novation \u00e9nerg\u00e9tique, comme l\u2019isolation thermique, la demande est forte.\u201d<\/p>\n<p>Strasbourg met \u00e9galement les bouch\u00e9es doubles sur le d\u00e9veloppement des pistes cyclables et du r\u00e9seau de transports en commun. \u201cCette politique ne date pas d\u2019aujourd\u2019hui. Elle remonte aux ann\u00e9es 1980-1990, mais est devenue le plus gros budget de la m\u00e9tropole. Cela repr\u00e9sente plusieurs centaines de millions d\u2019euros par an. Faciliter les modes de d\u00e9placement des usagers est fondamental pour leur assurer une bonne qualit\u00e9 de vie\u201d, plaide la vice-pr\u00e9sidente. Strasbourg a de quoi faire rougir Amsterdam : les v\u00e9los, tr\u00e8s pris\u00e9s par les moins de 35 ans, sont partout, tandis que la ville d\u00e9ploie en parall\u00e8le les tramways ainsi que des plateformes de covoiturage, comme Optimix. \u201cCet outil digital a \u00e9t\u00e9 con\u00e7u pour les salari\u00e9s vivant en dehors de la m\u00e9tropole et d\u00e9sirant aller au travail de mani\u00e8re \u00e9coresponsable en partageant leur v\u00e9hicule\u201d,\u00a0d\u00e9taille la repr\u00e9sentante de l\u2019Eurom\u00e9tropole.<\/p>\n<p>Cette volont\u00e9 d\u2019\u00eatre \u00e0 l\u2019avant-garde de l\u2019innovation a notamment entra\u00een\u00e9 la cr\u00e9ation de plus de 8\u00a0000\u00a0jeunes pousses en 2022, selon CCI Alsace Eurom\u00e9tropole. Une hausse constante depuis plusieurs d\u00e9cennies. Au total, plus de 30\u00a0000 entreprises sont localis\u00e9es dans la ville alsacienne. \u201cLe taux de ch\u00f4mage, lui, est mod\u00e9r\u00e9\u201d, rassure George Delorme. Seulement 7,4 % au troisi\u00e8me trimestre 2023, selon l\u2019Insee.<\/p>\n<p>Une culture r\u00e9gionale forte<\/p>\n<p>Si Strasbourg est tourn\u00e9e vers l\u2019Europe et ouverte \u00e0 l\u2019innovation, cette ville-patrimoine n\u2019en oublie pas moins ses racines. Plusieurs de ses monuments historiques class\u00e9s au Patrimoine de l\u2019Unesco depuis 1988 attirent quelque 10 millions de visiteurs par an. Son centre historique, d\u2019inspiration germanique structur\u00e9 autour de la cath\u00e9drale Notre-Dame, y est pour beaucoup. Guirlande sur le sapin : Strasbourg abrite, chaque ann\u00e9e, en d\u00e9cembre, le march\u00e9 de No\u00ebl le plus r\u00e9put\u00e9 de France et d\u2019Europe, appel\u00e9 en alsacien le\u00a0Christkindelsm\u00e4rik (march\u00e9 de l\u2019enfant J\u00e9sus). Jusqu\u2019\u00e0 trois millions de personnes \u2013 il s\u2019agit du record de fr\u00e9quentation enregistr\u00e9 en 2022 \u2013 s\u2019y rendent en fin d\u2019ann\u00e9e pour d\u00e9ambuler entre d\u00e9corations f\u00e9eriques, stands de cadeaux artisanaux et restaurants traditionnels. \u201cLa culture r\u00e9gionale est tr\u00e8s forte \u00e0 Strasbourg. De nombreuses personnes n\u00e9es ici reviennent y vivre apr\u00e8s avoir \u00e9tudi\u00e9 ou lanc\u00e9 leur carri\u00e8re ailleurs. Je me souviens d\u2019un expatri\u00e9 ayant v\u00e9cu longtemps en Chine qui est rentr\u00e9, car sa culture natale lui manquait trop\u201d, raconte Georges Delorme. Peut-\u00eatre une id\u00e9e d\u2019escapade, avant d\u2019y poser d\u00e9finitivement vos valises\u2026<\/p>\n","protected":false},"excerpt":{"rendered":"En 2022, Strasbourg a \u00e9t\u00e9 \u00e9lue \u00ab\u00a0ville la plus attractive de France\u00a0\u00bb par HelloWork. Isol\u00e9e jusqu\u2019alors dans le&hellip;\n","protected":false},"author":2,"featured_media":330970,"comment_status":"","ping_status":"","sticky":false,"template":"","format":"standard","meta":{"footnotes":""},"categories":[2820],"tags":[1111,11,1777,674,1011,27,775,12,25,640],"class_list":{"0":"post-330969","1":"post","2":"type-post","3":"status-publish","4":"format-standard","5":"has-post-thumbnail","7":"category-strasbourg","8":"tag-actu","9":"tag-actualites","10":"tag-eu","11":"tag-europe","12":"tag-fr","13":"tag-france","14":"tag-grand-est","15":"tag-news","16":"tag-republique-francaise","17":"tag-strasbourg"},"share_on_mastodon":{"url":"https:\/\/pubeurope.com\/@fr\/115059645723128241","error":""},"_links":{"self":[{"href":"https:\/\/www.europesays.com\/fr\/wp-json\/wp\/v2\/posts\/330969","targetHints":{"allow":["GET"]}}],"collection":[{"href":"https:\/\/www.europesays.com\/fr\/wp-json\/wp\/v2\/posts"}],"about":[{"href":"https:\/\/www.europesays.com\/fr\/wp-json\/wp\/v2\/types\/post"}],"author":[{"embeddable":true,"href":"https:\/\/www.europesays.com\/fr\/wp-json\/wp\/v2\/users\/2"}],"replies":[{"embeddable":true,"href":"https:\/\/www.europesays.com\/fr\/wp-json\/wp\/v2\/comments?post=330969"}],"version-history":[{"count":0,"href":"https:\/\/www.europesays.com\/fr\/wp-json\/wp\/v2\/posts\/330969\/revisions"}],"wp:featuredmedia":[{"embeddable":true,"href":"https:\/\/www.europesays.com\/fr\/wp-json\/wp\/v2\/media\/330970"}],"wp:attachment":[{"href":"https:\/\/www.europesays.com\/fr\/wp-json\/wp\/v2\/media?parent=330969"}],"wp:term":[{"taxonomy":"category","embeddable":true,"href":"https:\/\/www.europesays.com\/fr\/wp-json\/wp\/v2\/categories?post=330969"},{"taxonomy":"post_tag","embeddable":true,"href":"https:\/\/www.europesays.com\/fr\/wp-json\/wp\/v2\/tags?post=330969"}],"curies":[{"name":"wp","href":"https:\/\/api.w.org\/{rel}","templated":true}]}}