{"id":330971,"date":"2025-08-20T06:21:22","date_gmt":"2025-08-20T06:21:22","guid":{"rendered":"https:\/\/www.europesays.com\/fr\/330971\/"},"modified":"2025-08-20T06:21:22","modified_gmt":"2025-08-20T06:21:22","slug":"les-plages-a-nouveau-interdites-a-la-baignade-a-saint-laurent-du-var","status":"publish","type":"post","link":"https:\/\/www.europesays.com\/fr\/330971\/","title":{"rendered":"Les plages \u00e0 nouveau interdites \u00e0 la baignade \u00e0 Saint-Laurent-du-Var"},"content":{"rendered":"<p>Pas de signalement sur les r\u00e9seaux sociaux de la Ville de <strong>Saint-Laurent-du-Var<\/strong>, pas de communiqu\u00e9 de presse\u2026 L\u2019annonce de <strong>l\u2019interdiction de baignade<\/strong> \u00e0 Saint-Laurent-du-Var se voulait discr\u00e8te. L\u2019arr\u00eat\u00e9 municipal du 19 ao\u00fbt 2025 est affich\u00e9 sur une feuille A4 \u00e0 l\u2019entr\u00e9e des plages des Go\u00e9lands (1) et des Flots bleus (2).<\/p>\n<p>\u00ab\u00a0\u00c0 titre pr\u00e9ventif, la baignade est interdite. (\u2026) L\u2019interdiction temporaire de baignade prend effet imm\u00e9diatement, et ce, jusqu\u2019\u00e0 ce que le <strong>contr\u00f4le de qualit\u00e9 des eaux<\/strong> de baignade de la plage indique que les normes r\u00e9glementaires requises sont respect\u00e9es\u00a0\u00bb, indique l\u2019arr\u00eat\u00e9 municipal.<\/p>\n<p>La cause? Pas d\u2019explications de la mairie pour l\u2019instant. Juste ce morceau de phrase laconique sur l\u2019arr\u00eat\u00e9 \u00ab\u00a0\u00c0 titre pr\u00e9ventif <strong>assainissement<\/strong>\u00ab\u00a0.<\/p>\n<p>Les activit\u00e9s de structures gonflables ludiques sur l\u2019eau sont \u00e9galement interdites. Cette interdiction concerne l\u2019Aquapark de la Digue Sud.<\/p>\n<p><strong>\u00ab\u00a0La plage de Landsberg est interdite \u00e0 la baignade depuis 2020 et celle de Cousteau depuis 2023\u00a0\u00bb<\/strong><\/p>\n<p>La plage des Vespins, de l\u2019autre c\u00f4t\u00e9 du port de Saint-Laurent-du-Var, reste ouverte.<\/p>\n<p>Les plages Cousteau et Landsberg, proches de Cap 3000, sont interdites \u00e0 la baignade toute l\u2019ann\u00e9e 2025. Une cons\u00e9quence du \u00ab\u00a0classement annuel de fin de saison 2024\u00a0\u00bb, invoque l\u2019Agence r\u00e9gionale de sant\u00e9.<\/p>\n<p>\u00ab\u00a0Si une zone de baignade est class\u00e9e insuffisante cinq ann\u00e9es cons\u00e9cutives, la commune doit alors interdire la baignade pour au moins la saison suivante et dans l\u2019attente de l\u2019am\u00e9lioration du classement annuel\u00a0\u00bb, pr\u00e9cise l\u2019\u00e9tablissement public.<\/p>\n<p>Qui conclut: \u00ab\u00a0La plage de Landsberg est interdite \u00e0 la baignade depuis la saison 2020 et celle de Cousteau depuis la saison 2023.\u00a0\u00bb<\/p>\n<p>1. Appellation locale des Flots bleus.<\/p>\n<p>2. Appellation locale du Beach club.<\/p>\n","protected":false},"excerpt":{"rendered":"Pas de signalement sur les r\u00e9seaux sociaux de la Ville de Saint-Laurent-du-Var, pas de communiqu\u00e9 de presse\u2026 L\u2019annonce&hellip;\n","protected":false},"author":2,"featured_media":330972,"comment_status":"","ping_status":"","sticky":false,"template":"","format":"standard","meta":{"footnotes":""},"categories":[2819],"tags":[1111,11,436,1777,674,1011,27,12,2401,882,25],"class_list":{"0":"post-330971","1":"post","2":"type-post","3":"status-publish","4":"format-standard","5":"has-post-thumbnail","7":"category-nice","8":"tag-actu","9":"tag-actualites","10":"tag-environnement","11":"tag-eu","12":"tag-europe","13":"tag-fr","14":"tag-france","15":"tag-news","16":"tag-nice","17":"tag-provence-alpes-cote-dazur","18":"tag-republique-francaise"},"share_on_mastodon":{"url":"https:\/\/pubeurope.com\/@fr\/115059653535605654","error":""},"_links":{"self":[{"href":"https:\/\/www.europesays.com\/fr\/wp-json\/wp\/v2\/posts\/330971","targetHints":{"allow":["GET"]}}],"collection":[{"href":"https:\/\/www.europesays.com\/fr\/wp-json\/wp\/v2\/posts"}],"about":[{"href":"https:\/\/www.europesays.com\/fr\/wp-json\/wp\/v2\/types\/post"}],"author":[{"embeddable":true,"href":"https:\/\/www.europesays.com\/fr\/wp-json\/wp\/v2\/users\/2"}],"replies":[{"embeddable":true,"href":"https:\/\/www.europesays.com\/fr\/wp-json\/wp\/v2\/comments?post=330971"}],"version-history":[{"count":0,"href":"https:\/\/www.europesays.com\/fr\/wp-json\/wp\/v2\/posts\/330971\/revisions"}],"wp:featuredmedia":[{"embeddable":true,"href":"https:\/\/www.europesays.com\/fr\/wp-json\/wp\/v2\/media\/330972"}],"wp:attachment":[{"href":"https:\/\/www.europesays.com\/fr\/wp-json\/wp\/v2\/media?parent=330971"}],"wp:term":[{"taxonomy":"category","embeddable":true,"href":"https:\/\/www.europesays.com\/fr\/wp-json\/wp\/v2\/categories?post=330971"},{"taxonomy":"post_tag","embeddable":true,"href":"https:\/\/www.europesays.com\/fr\/wp-json\/wp\/v2\/tags?post=330971"}],"curies":[{"name":"wp","href":"https:\/\/api.w.org\/{rel}","templated":true}]}}