{"id":330973,"date":"2025-08-20T06:23:16","date_gmt":"2025-08-20T06:23:16","guid":{"rendered":"https:\/\/www.europesays.com\/fr\/330973\/"},"modified":"2025-08-20T06:23:16","modified_gmt":"2025-08-20T06:23:16","slug":"nous-aurions-voulu-quil-y-ait-plus-dinternes-formes-a-nice-linquietude-persiste-face-a-la-faible-dotation-en-postes-dinternes","status":"publish","type":"post","link":"https:\/\/www.europesays.com\/fr\/330973\/","title":{"rendered":"\u00ab\u00a0Nous aurions voulu qu\u2019il y ait plus d\u2019internes form\u00e9s \u00e0 Nice\u00a0\u00bb: l\u2019inqui\u00e9tude persiste face \u00e0 la faible dotation en postes d\u2019internes"},"content":{"rendered":"<p>\u00ab\u00a0On manque d\u2019internes \u00e0 Nice, c\u2019est une \u00e9vidence\u00a0\u00bb, regrette Marc-Hadrien Veaute. Le pr\u00e9sident du bureau des internes d\u00e9plore le fait que leur nombre n\u2019ait pas \u00e9t\u00e9 revu significativement \u00e0 la hausse. Il partage ainsi la position du<a href=\"https:\/\/www.nicematin.com\/education\/-nous-devons-former-plus-d-internes-a-nice-le-doyen-de-la-faculte-de-medecine-de-nice-plaide-pour-augmenter-le-nombre-de-postes-996835\" rel=\"nofollow noopener\" target=\"_blank\"> doyen de la facult\u00e9 de m\u00e9decine, le Pr Jean Dellamonica<\/a>.<\/p>\n<p>Car la promotion 2025 s\u2019\u00e9l\u00e8vera \u00e0 177 internes. Certes, c\u2019est quinze de plus que l\u2019an dernier mais seulement deux de plus par rapport \u00e0 2023 alors que l\u2019objectif \u00e9tait d\u2019atteindre 280 en 2027.<\/p>\n<p>Marc-Hadrien Veaute, 26 ans, a choisi de se sp\u00e9cialiser en m\u00e9decine intensive et r\u00e9animation. Il a \u00e9chang\u00e9 avec d\u2019autres internes comme lui. \u00ab\u00a0Nous aurions voulu qu\u2019il y ait plus d\u2019internes form\u00e9s \u00e0 Nice. Non que l\u2019on consid\u00e8re que les autres subdivisions m\u00e9ritent d\u2019en avoir moins mais parce que c\u2019est une n\u00e9cessit\u00e9. On entend parfois qu\u2019\u00e0 Nice, beaucoup de m\u00e9decins viennent s\u2019installer, qu\u2019il n\u2019y a pas de probl\u00e8me mais ce n\u2019est pas le cas. N\u2019oublions pas qu\u2019il y a un probl\u00e8me syst\u00e9mique li\u00e9 au fait que l\u2019on n\u2019a pas form\u00e9 suffisamment de professionnels pendant des ann\u00e9es\u00a0\u00bb.<\/p>\n<p><strong>Une surcharge de travail<\/strong><\/p>\n<p>\u00ab\u00a0Dans notre secteur, la population est multipli\u00e9e durant l\u2019\u00e9t\u00e9. Entre la densit\u00e9 de population, son vieillissement et les pathologies de plus en plus lourdes, il y a un r\u00e9el besoin. Par ailleurs, j\u2019ai discut\u00e9 avec des jeunes qui venaient de passer le concours. Beaucoup s\u2019inqui\u00e8tent de ne pas pouvoir faire leur internat \u00e0 Nice\u00a0\u00bb.<\/p>\n<p>Pour lui, un autre aspect est \u00e0 prendre en compte: \u00ab\u00a0La charge de travail des internes. On travaille \u00e9norm\u00e9ment. Parfois jusqu\u2019\u00e0 90 voire 100 heures par semaine. La limite maximum est port\u00e9e \u00e0 48 heures hebdomadaires mais c\u2019est totalement utopique. Or si l\u2019on \u00e9tait plus nombreux, les conditions d\u2019exercices seraient peut-\u00eatre moins compliqu\u00e9es.\u00a0\u00bb <\/p>\n<p>Le probl\u00e8me soulev\u00e9 n\u2019est pas nouveau. Des internes ni\u00e7ois ont d\u2019ailleurs <a href=\"https:\/\/www.nicematin.com\/greve-mouvements-sociaux\/-nous-voulons-avoir-la-liberte-de-nous-installer-la-ou-nous-le-souhaitons-500-medecins-et-internes-ont-manifeste-a-nice-983889\" rel=\"nofollow noopener\" target=\"_blank\">particip\u00e9 \u00e0 une gr\u00e8ve nationale le 29 avril dernier<\/a>.<\/p>\n","protected":false},"excerpt":{"rendered":"\u00ab\u00a0On manque d\u2019internes \u00e0 Nice, c\u2019est une \u00e9vidence\u00a0\u00bb, regrette Marc-Hadrien Veaute. Le pr\u00e9sident du bureau des internes d\u00e9plore&hellip;\n","protected":false},"author":2,"featured_media":330974,"comment_status":"","ping_status":"","sticky":false,"template":"","format":"standard","meta":{"footnotes":""},"categories":[2819],"tags":[1111,11,1777,674,1011,27,12,2401,882,25,71,3366],"class_list":{"0":"post-330973","1":"post","2":"type-post","3":"status-publish","4":"format-standard","5":"has-post-thumbnail","7":"category-nice","8":"tag-actu","9":"tag-actualites","10":"tag-eu","11":"tag-europe","12":"tag-fr","13":"tag-france","14":"tag-news","15":"tag-nice","16":"tag-provence-alpes-cote-dazur","17":"tag-republique-francaise","18":"tag-sante","19":"tag-vie-locale"},"share_on_mastodon":{"url":"https:\/\/pubeurope.com\/@fr\/115059661421777078","error":""},"_links":{"self":[{"href":"https:\/\/www.europesays.com\/fr\/wp-json\/wp\/v2\/posts\/330973","targetHints":{"allow":["GET"]}}],"collection":[{"href":"https:\/\/www.europesays.com\/fr\/wp-json\/wp\/v2\/posts"}],"about":[{"href":"https:\/\/www.europesays.com\/fr\/wp-json\/wp\/v2\/types\/post"}],"author":[{"embeddable":true,"href":"https:\/\/www.europesays.com\/fr\/wp-json\/wp\/v2\/users\/2"}],"replies":[{"embeddable":true,"href":"https:\/\/www.europesays.com\/fr\/wp-json\/wp\/v2\/comments?post=330973"}],"version-history":[{"count":0,"href":"https:\/\/www.europesays.com\/fr\/wp-json\/wp\/v2\/posts\/330973\/revisions"}],"wp:featuredmedia":[{"embeddable":true,"href":"https:\/\/www.europesays.com\/fr\/wp-json\/wp\/v2\/media\/330974"}],"wp:attachment":[{"href":"https:\/\/www.europesays.com\/fr\/wp-json\/wp\/v2\/media?parent=330973"}],"wp:term":[{"taxonomy":"category","embeddable":true,"href":"https:\/\/www.europesays.com\/fr\/wp-json\/wp\/v2\/categories?post=330973"},{"taxonomy":"post_tag","embeddable":true,"href":"https:\/\/www.europesays.com\/fr\/wp-json\/wp\/v2\/tags?post=330973"}],"curies":[{"name":"wp","href":"https:\/\/api.w.org\/{rel}","templated":true}]}}