{"id":330977,"date":"2025-08-20T06:28:19","date_gmt":"2025-08-20T06:28:19","guid":{"rendered":"https:\/\/www.europesays.com\/fr\/330977\/"},"modified":"2025-08-20T06:28:19","modified_gmt":"2025-08-20T06:28:19","slug":"ce-vin-historique-de-bordeaux-refait-surface-pour-dynamiser-la-region","status":"publish","type":"post","link":"https:\/\/www.europesays.com\/fr\/330977\/","title":{"rendered":"ce vin historique de Bordeaux refait surface pour dynamiser la r\u00e9gion"},"content":{"rendered":"<p>                             Par Le Figaro Vin avec AFP<\/p>\n<p>                Le 20 ao\u00fbt 2025 \u00e0 07h30<\/p>\n<p>    Bordeaux s\u2019adapte aux nouvelles tendances.<br \/>\n                AdobeStock<\/p>\n<p>En mal de consommateurs, le vignoble bordelais poursuit sa diversification en relan\u00e7ant le claret, un rouge clair pris\u00e9 des Anglais au Moyen-\u00c2ge qui se veut aujourd\u2019hui un vin \u00abd\u2019ap\u00e9ro, frais et l\u00e9ger\u00bb.<\/p>\n<p class=\"fig-paragraph\">Les acteurs de la fili\u00e8re esp\u00e8rent faire \u00abde ce premier vin rouge l\u00e9ger d\u2019appellation\u00bb la vedette de l\u2019\u00e9t\u00e9 2026, avance Christophe Chateau, directeur de la communication de l\u2019interprofession locale. Le claret \u2013 qui se prononce \u00abclarette\u00bb \u2013 dispose en effet, depuis sa validation au mois de juin par l\u2019Institut national de l\u2019origine et de la qualit\u00e9 (INAO), de son propre cahier des charges au sein de l\u2019<a href=\"https:\/\/avis-vin.lefigaro.fr\/connaitre-deguster\/tout-savoir-sur-le-vin\/guide-des-regions-et-des-appellations\/bordeaux\/appellation-bordeaux\" target=\"_blank\" rel=\"noopener nofollow\" data-gtm-custom-categorie=\"navigation\" data-gtm-custom-action=\"crossclick\" data-gtm-custom-label=\"Contextuel\" data-gtm-event=\"customEventSPE\">AOC Bordeaux<\/a>, o\u00f9 il \u00e9tait mentionn\u00e9 jusque-l\u00e0 sans que ses caract\u00e9ristiques soient d\u00e9finies. Le premier vignoble d\u2019appellation de France, qui produit \u00e0 85% des rouges, subit de plein fouet la\u00a0<a href=\"http:\/\/avis-vin.lefigaro.fr\/economie-du-vin\/une-baisse-generationnelle-la-consommation-mondiale-de-vin-au-plus-bas-depuis-1961-20250416\" target=\"_blank\" data-fig-type=\"NewsFlash\" rel=\"noopener nofollow\" data-gtm-custom-categorie=\"navigation\" data-gtm-custom-action=\"crossclick\" data-gtm-custom-label=\"Contextuel\" data-gtm-event=\"customEventSPE\" data-fig-domain=\"AVIS_VIN\">chute de la consommation de vin<\/a>, \u00e0 l\u2019\u00e9chelle mondiale comme dans l\u2019Hexagone.<\/p>\n<p class=\"fig-paragraph\">Pour reconqu\u00e9rir le public, en particulier les jeunes buveurs, le\u00a0<a href=\"https:\/\/avis-vin.lefigaro.fr\/connaitre-deguster\/tout-savoir-sur-le-vin\/guide-des-regions-et-des-appellations\/bordeaux\" target=\"_blank\" rel=\"noopener nofollow\" data-gtm-custom-categorie=\"navigation\" data-gtm-custom-action=\"crossclick\" data-gtm-custom-label=\"Contextuel\" data-gtm-event=\"customEventSPE\">Bordelais<\/a>\u00a0promeut depuis deux ans des vins \u00abfrais\u00bb \u2013 blancs, ros\u00e9s, doux, effervescents \u2013 qui ne sont pas destin\u00e9s \u00e0 accompagner les repas mais \u00e0 concurrencer bi\u00e8res et autres ap\u00e9ritifs. Il en va de m\u00eame pour le claret, destin\u00e9 \u00e0 \u00eatre bu \u00abdirectement sorti du frigo\u00bb, \u00abavec moins de tanins, des ar\u00f4mes fruit\u00e9s et de la gourmandise\u00bb, il veut correspondre \u00abaux modes de consommations qui changent\u00bb, explique St\u00e9phane Gabard, pr\u00e9sident du syndicat des Bordeaux et Bordeaux sup\u00e9rieurs.<\/p>\n<p>                                    <a class=\"fig-a11y-skip a11y-hidden\" href=\"#fig-a11y-skip-main-inarticle\"><br \/>\n        Passer la publicit\u00e9<br \/>\n    <\/a><\/p>\n<p>Appr\u00e9ci\u00e9 des Anglais<\/p>\n<p class=\"fig-paragraph\">Ce rouge l\u00e9ger \u2013 \u00e0 ne pas confondre avec\u00a0<a href=\"http:\/\/avis-vin.lefigaro.fr\/terroir-viticulture\/l-accueil-est-bon-sauf-par-les-negociants-de-bordeaux-pourquoi-le-clairet-peine-a-percer-malgre-un-renouveau-20240831\" target=\"_blank\" data-fig-type=\"Article\" rel=\"noopener nofollow\" data-gtm-custom-categorie=\"navigation\" data-gtm-custom-action=\"crossclick\" data-gtm-custom-label=\"Contextuel\" data-gtm-event=\"customEventSPE\" data-fig-domain=\"AVIS_VIN\">le clairet<\/a>, un ros\u00e9 fonc\u00e9 du Bordelais \u2013 est encore m\u00e9connu mais du 13e au 16e si\u00e8cle, son anc\u00eatre coulait \u00e0 flots dans la r\u00e9gion, son principal lieu de production. \u00abC\u2019\u00e9tait un vin nourricier, facile \u00e0 produire et \u00e0 consommer, bu comme on mange du pain\u00bb, \u00e9voque Sandrine Lavaud, sp\u00e9cialiste du vignoble bordelais m\u00e9di\u00e9val. Produit sans pressoir, estim\u00e9 pour sa clart\u00e9 et son faible taux d\u2019alcool, il \u00e9tait tr\u00e8s appr\u00e9ci\u00e9 par les Anglais qui ont r\u00e9gn\u00e9 durant trois si\u00e8cles sur la r\u00e9gion apr\u00e8s le mariage en 1152 de la duchesse d\u2019Aquitaine, Ali\u00e9nor, avec Henri II Plantagen\u00eat, devenu roi d\u2019Angleterre deux ans plus tard.<\/p>\n<p class=\"fig-paragraph\">Au d\u00e9but du 14e si\u00e8cle, \u00abenviron 800.000 hectolitres sont export\u00e9s chaque ann\u00e9e en Angleterre\u00bb, poursuit l\u2019historienne. Le claret est ensuite tomb\u00e9 aux oubliettes au profit des grands vins de garde rouges, apparus \u00e0 partir du 17e si\u00e8cle. Mais le lien a perdur\u00e9 avec la Grande-Bretagne: 10.000 \u00e0 15.000 hectolitres sont toujours commercialis\u00e9s aujourd\u2019hui, \u00abprincipalement au Royaume-Uni, o\u00f9 il d\u00e9signe souvent un rouge classique\u00bb, souligne St\u00e9phane Gabard.<\/p>\n<p>Plus de sucre<\/p>\n<p class=\"fig-paragraph\">Le vigneron Jo\u00ebl Duffau, dans l\u2019<a href=\"https:\/\/avis-vin.lefigaro.fr\/connaitre-deguster\/tout-savoir-sur-le-vin\/guide-des-regions-et-des-appellations\/bordeaux\/entre-deux-mers\/appellation-entre-deux-mers\" target=\"_blank\" rel=\"noopener nofollow\" data-gtm-custom-categorie=\"navigation\" data-gtm-custom-action=\"crossclick\" data-gtm-custom-label=\"Contextuel\" data-gtm-event=\"customEventSPE\">Entre-Deux-Mers<\/a>, a d\u00e9j\u00e0 pari\u00e9 sur le rouge l\u00e9ger il y a deux ans en produisant un \u00abFrench Claret\u00bb, dans lequel il \u00abcroit vraiment\u00bb m\u00eame si la production reste pour l\u2019heure modeste, avec un hectare d\u00e9di\u00e9 sur les 24 de son vignoble. \u00abCe qui est amusant dans cette histoire, c\u2019est qu\u2019on se sert d\u2019une d\u00e9nomination historique pour faire un produit hyper moderne\u00bb, r\u00e9sume Christophe Chateau. Les m\u00eames c\u00e9pages (<a href=\"https:\/\/avis-vin.lefigaro.fr\/connaitre-deguster\/tout-savoir-sur-le-vin\/guide-des-cepages\/cabernet-sauvignon\" target=\"_blank\" rel=\"noopener nofollow\" data-gtm-custom-categorie=\"navigation\" data-gtm-custom-action=\"crossclick\" data-gtm-custom-label=\"Contextuel\" data-gtm-event=\"customEventSPE\">cabernet sauvignon<\/a>\u00a0et\u00a0<a href=\"https:\/\/avis-vin.lefigaro.fr\/connaitre-deguster\/tout-savoir-sur-le-vin\/guide-des-cepages\/merlot\" target=\"_blank\" rel=\"noopener nofollow\" data-gtm-custom-categorie=\"navigation\" data-gtm-custom-action=\"crossclick\" data-gtm-custom-label=\"Contextuel\" data-gtm-event=\"customEventSPE\">merlot<\/a>\u00a0principalement) sont utilis\u00e9s, c\u2019est le mode de vinification qui diff\u00e8re pour obtenir \u00abun vin avec une structure l\u00e9g\u00e8re, souple, gourmande\u00bb, explique St\u00e9phane Gabard.<\/p>\n<p class=\"fig-body-link\">\n            \u00c0 lire aussi<br \/>\n        <a class=\"fig-body-link__link\" href=\"http:\/\/avis-vin.lefigaro.fr\/terroir-viticulture\/l-accueil-est-bon-sauf-par-les-negociants-de-bordeaux-pourquoi-le-clairet-peine-a-percer-malgre-un-renouveau-20240831\" target=\"_blank\" data-fig-type=\"Article\" rel=\"noopener nofollow\" data-gtm-custom-categorie=\"navigation\" data-gtm-custom-action=\"crossclick\" data-gtm-custom-label=\"Contextuel\" data-gtm-event=\"customEventSPE\" data-fig-domain=\"AVIS_VIN\">\u00abL&rsquo;accueil est bon, sauf par les n\u00e9gociants de Bordeaux\u00bb\u00a0: pourquoi le clairet peine \u00e0 percer malgr\u00e9 un renouveau<br \/>\n    <\/a>\n<\/p>\n<p class=\"fig-paragraph\">Gage d\u2019une plus grande \u00abbuvabilit\u00e9\u00bb, jusqu\u2019\u00e0 sept grammes de sucres r\u00e9siduels par litre ont \u00e9t\u00e9 autoris\u00e9s par l\u2019INAO, contre trois pour un bordeaux rouge traditionnel. L\u2019\u00e9dulcoration que r\u00e9clamaient les Bordelais \u2013 ajout de mo\u00fbts de raisin, avant la mise en bouteille, pour adoucir le vin \u2013 a cependant \u00e9t\u00e9 \u00e9cart\u00e9e. Le degr\u00e9 d\u2019alcool n\u2019est pas pr\u00e9cis\u00e9 mais il devrait avoisiner 12 degr\u00e9s. Dans un vignoble ramen\u00e9 \u00e0 95.000 hectares par des plans d\u2019arrachage destin\u00e9s \u00e0 r\u00e9duire une production exc\u00e9dentaire, le claret ne devrait repr\u00e9senter initialement qu\u2019un 1 \u00e0 2% des surfaces cultiv\u00e9es, indique le pr\u00e9sident du syndicat des Bordeaux et Bordeaux sup\u00e9rieurs. En esp\u00e9rant que ce march\u00e9 de niche se d\u00e9veloppera\u00a0: \u00abatteindre 10% d\u2019ici une quinzaine d\u2019ann\u00e9es serait une tr\u00e8s belle r\u00e9ussite\u00bb, consid\u00e8re St\u00e9phane Gabard.<\/p>\n","protected":false},"excerpt":{"rendered":"Par Le Figaro Vin avec AFP Le 20 ao\u00fbt 2025 \u00e0 07h30 Bordeaux s\u2019adapte aux nouvelles tendances. AdobeStock&hellip;\n","protected":false},"author":2,"featured_media":330978,"comment_status":"","ping_status":"","sticky":false,"template":"","format":"standard","meta":{"footnotes":""},"categories":[2817],"tags":[1111,11,1997,1777,674,1011,27,12,2219,25],"class_list":{"0":"post-330977","1":"post","2":"type-post","3":"status-publish","4":"format-standard","5":"has-post-thumbnail","7":"category-bordeaux","8":"tag-actu","9":"tag-actualites","10":"tag-bordeaux","11":"tag-eu","12":"tag-europe","13":"tag-fr","14":"tag-france","15":"tag-news","16":"tag-nouvelle-aquitaine","17":"tag-republique-francaise"},"share_on_mastodon":{"url":"https:\/\/pubeurope.com\/@fr\/115059681040581356","error":""},"_links":{"self":[{"href":"https:\/\/www.europesays.com\/fr\/wp-json\/wp\/v2\/posts\/330977","targetHints":{"allow":["GET"]}}],"collection":[{"href":"https:\/\/www.europesays.com\/fr\/wp-json\/wp\/v2\/posts"}],"about":[{"href":"https:\/\/www.europesays.com\/fr\/wp-json\/wp\/v2\/types\/post"}],"author":[{"embeddable":true,"href":"https:\/\/www.europesays.com\/fr\/wp-json\/wp\/v2\/users\/2"}],"replies":[{"embeddable":true,"href":"https:\/\/www.europesays.com\/fr\/wp-json\/wp\/v2\/comments?post=330977"}],"version-history":[{"count":0,"href":"https:\/\/www.europesays.com\/fr\/wp-json\/wp\/v2\/posts\/330977\/revisions"}],"wp:featuredmedia":[{"embeddable":true,"href":"https:\/\/www.europesays.com\/fr\/wp-json\/wp\/v2\/media\/330978"}],"wp:attachment":[{"href":"https:\/\/www.europesays.com\/fr\/wp-json\/wp\/v2\/media?parent=330977"}],"wp:term":[{"taxonomy":"category","embeddable":true,"href":"https:\/\/www.europesays.com\/fr\/wp-json\/wp\/v2\/categories?post=330977"},{"taxonomy":"post_tag","embeddable":true,"href":"https:\/\/www.europesays.com\/fr\/wp-json\/wp\/v2\/tags?post=330977"}],"curies":[{"name":"wp","href":"https:\/\/api.w.org\/{rel}","templated":true}]}}