{"id":330979,"date":"2025-08-20T06:30:20","date_gmt":"2025-08-20T06:30:20","guid":{"rendered":"https:\/\/www.europesays.com\/fr\/330979\/"},"modified":"2025-08-20T06:30:20","modified_gmt":"2025-08-20T06:30:20","slug":"tous-les-jours-un-nouveau-probleme-des-habitants-dun-immeuble-du-belvedere-a-bordeaux-remontes-contre-le-bailleur","status":"publish","type":"post","link":"https:\/\/www.europesays.com\/fr\/330979\/","title":{"rendered":"\u00ab\u00a0Tous les jours, un nouveau probl\u00e8me\u00a0\u00bb : des habitants d&rsquo;un immeuble du Belv\u00e9d\u00e8re \u00e0 Bordeaux remont\u00e9s contre le bailleur"},"content":{"rendered":"<p>\u00c0 peine livr\u00e9, plusieurs habitants signalent de nombreux probl\u00e8mes dans l&rsquo;un des immeubles du nouveau quartier du Belv\u00e9d\u00e8re, \u00e0 Bordeaux. Poubelles entass\u00e9es, fuites d&rsquo;eau, volets roulants bloqu\u00e9s, etc. Le bailleur, Clairsienne, assure que ces soucis vont \u00eatre vite r\u00e9gl\u00e9s. <\/p>\n<p>D\u00e8s l&rsquo;ext\u00e9rieur, dans la cour de la r\u00e9sidence, des locataires d\u00e9signent le local poubelle. Il est ouvert, les sacs emp\u00eachent la porte de se fermer, l&rsquo;odeur est forte\u00a0: le bac \u00e0 poubelle a disparu. Dans cet immeuble de la rue de la Garonne, quartier du Belv\u00e9d\u00e8re \u00e0 Bordeaux, des habitants signalent plusieurs probl\u00e8mes, un peu plus d&rsquo;un mois apr\u00e8s avoir emm\u00e9nag\u00e9. C&rsquo;est le bailleur Clairsienne qui est en charge du b\u00e2timent.<\/p>\n<p>Un ascenseur d\u00e9j\u00e0 en panne<\/p>\n<p>Outre les probl\u00e8mes de poubelles (dont les bacs ont \u00e9t\u00e9 livr\u00e9s en quantit\u00e9 insuffisantes, selon le bailleur), une fuite d&rsquo;eau a touch\u00e9 les parties communes au mois de juillet. \u00ab\u00a0L\u00e0, on est dans le hall d&rsquo;entr\u00e9e, l&rsquo;eau fuyait depuis un logement inoccup\u00e9 au premier \u00e9tage\u00a0\u00bb, t\u00e9moigne Franck, un locataire de l&rsquo;immeuble. Le hall d&rsquo;entr\u00e9e est sale, il y a des traces par terre. L&rsquo;un des deux ascenseurs ne fonctionne plus, en panne depuis une dizaine de jours. La pi\u00e8ce hors-service doit \u00eatre chang\u00e9e, le bailleur \u00e9tudie les possibilit\u00e9s.<\/p>\n<p>Dans l&rsquo;appartement de Franck, plusieurs probl\u00e8mes sont signal\u00e9s. Pendant trois semaines, il n&rsquo;y a pas eu d&rsquo;eau chaude. Difficile de faire face alors que Franck a un b\u00e9b\u00e9 de quelques mois seulement\u00a0: \u00ab\u00a0On s&rsquo;est retrouv\u00e9 sans eau chaude, on faisait que des allers-retours chez mes parents qui habitent \u00e0 quinze minutes d&rsquo;ici. Tous les jours on faisait la navette, mais nous on paye pour ici, je trouve pas normal qu&rsquo;on doive aller se doucher ailleurs. Tous les jours on voit un nouveau probl\u00e8me\u00a0\u00bb, t\u00e9moigne-t-il, comme les stores cass\u00e9s, bloqu\u00e9s en position ouverte en plein \u00e9t\u00e9 alors que le soleil frappe la fa\u00e7ade. C&rsquo;est un probl\u00e8me de chaleur, selon Clairsienne, et comme les fen\u00eatres qui ferment mal, tous les dispositifs vont \u00eatre r\u00e9vis\u00e9s \u00e0 partir du 25 ao\u00fbt par une entreprise sp\u00e9cialis\u00e9e.<\/p>\n<p>\u00ab\u00a0C&rsquo;est que des gal\u00e8res\u00a0\u00bb<\/p>\n<p>La femme de Franck, M\u00e9lissa, regrette d&rsquo;avoir emm\u00e9nag\u00e9 ici\u00a0: \u00ab\u00a0on \u00e9tait content d&#8217;emm\u00e9nager, d&rsquo;avoir une chambre en plus. Mais au final on est arriv\u00e9, c&rsquo;\u00e9tait que des gal\u00e8res. Le bailleur n&rsquo;intervient pas, les b\u00e2timents vont s&rsquo;abimer, et \u00e7a va \u00eatre contraignant de payer 1000 euros et quelques pour un logement qui ne sera plus d\u00e9cent, au final.\u00a0\u00bb<\/p>\n<p>En bas de l&rsquo;immeuble, plusieurs nouveaux locataires se pressent. Ils r\u00e9cup\u00e8rent leurs cl\u00e9s et vont pouvoir emm\u00e9nager. Paco est inquiet lorsqu&rsquo;il d\u00e9couvre les probl\u00e9matiques list\u00e9es\u00a0: \u00ab\u00a0on a d\u00e9j\u00e0 averti l&rsquo;ancien bailleur qu&rsquo;on quitte les lieux. On a deux b\u00e9b\u00e9s, on sait pas comment on va g\u00e9rer la situation, \u00e7a va \u00eatre compliqu\u00e9\u00a0\u00bb, dit-il.<\/p>\n<p>L&rsquo;immeuble est\u00a0livrable et habitable assure le bailleur<\/p>\n<p>Les locataires rencontr\u00e9s reprochent au bailleur d&rsquo;avoir mis en location trop vite. Il ne faut pas trop s&rsquo;inqui\u00e9ter, tente de rassurer Clairsienne. Fabrice Abrantes est conducteur d&rsquo;op\u00e9rations pour le bailleur\u00a0: \u00ab\u00a0la p\u00e9riode estivale est d\u00e9licate car on\u00a0 est confront\u00e9 aux entreprises qui sont absentes. Pour nous, il n&rsquo;y avait pas de signe alarmant. Apr\u00e8s le produit parfait, il peut bien y avoir des petites choses [qui ne vont pas].\u00a0\u00bb Il assure et rassure\u00a0: \u00ab\u00a0on consid\u00e8re le logement [comme] livrable et habitable.\u00a0\u00bb<\/p>\n","protected":false},"excerpt":{"rendered":"\u00c0 peine livr\u00e9, plusieurs habitants signalent de nombreux probl\u00e8mes dans l&rsquo;un des immeubles du nouveau quartier du Belv\u00e9d\u00e8re,&hellip;\n","protected":false},"author":2,"featured_media":330980,"comment_status":"","ping_status":"","sticky":false,"template":"","format":"standard","meta":{"footnotes":""},"categories":[2817],"tags":[1111,11,1997,1777,674,1011,27,12,2219,25],"class_list":{"0":"post-330979","1":"post","2":"type-post","3":"status-publish","4":"format-standard","5":"has-post-thumbnail","7":"category-bordeaux","8":"tag-actu","9":"tag-actualites","10":"tag-bordeaux","11":"tag-eu","12":"tag-europe","13":"tag-fr","14":"tag-france","15":"tag-news","16":"tag-nouvelle-aquitaine","17":"tag-republique-francaise"},"share_on_mastodon":{"url":"https:\/\/pubeurope.com\/@fr\/115059688908311698","error":""},"_links":{"self":[{"href":"https:\/\/www.europesays.com\/fr\/wp-json\/wp\/v2\/posts\/330979","targetHints":{"allow":["GET"]}}],"collection":[{"href":"https:\/\/www.europesays.com\/fr\/wp-json\/wp\/v2\/posts"}],"about":[{"href":"https:\/\/www.europesays.com\/fr\/wp-json\/wp\/v2\/types\/post"}],"author":[{"embeddable":true,"href":"https:\/\/www.europesays.com\/fr\/wp-json\/wp\/v2\/users\/2"}],"replies":[{"embeddable":true,"href":"https:\/\/www.europesays.com\/fr\/wp-json\/wp\/v2\/comments?post=330979"}],"version-history":[{"count":0,"href":"https:\/\/www.europesays.com\/fr\/wp-json\/wp\/v2\/posts\/330979\/revisions"}],"wp:featuredmedia":[{"embeddable":true,"href":"https:\/\/www.europesays.com\/fr\/wp-json\/wp\/v2\/media\/330980"}],"wp:attachment":[{"href":"https:\/\/www.europesays.com\/fr\/wp-json\/wp\/v2\/media?parent=330979"}],"wp:term":[{"taxonomy":"category","embeddable":true,"href":"https:\/\/www.europesays.com\/fr\/wp-json\/wp\/v2\/categories?post=330979"},{"taxonomy":"post_tag","embeddable":true,"href":"https:\/\/www.europesays.com\/fr\/wp-json\/wp\/v2\/tags?post=330979"}],"curies":[{"name":"wp","href":"https:\/\/api.w.org\/{rel}","templated":true}]}}