{"id":330981,"date":"2025-08-20T06:33:30","date_gmt":"2025-08-20T06:33:30","guid":{"rendered":"https:\/\/www.europesays.com\/fr\/330981\/"},"modified":"2025-08-20T06:33:30","modified_gmt":"2025-08-20T06:33:30","slug":"14-000-arbres-sont-particulierement-touches-a-toulouse","status":"publish","type":"post","link":"https:\/\/www.europesays.com\/fr\/330981\/","title":{"rendered":"14 000 arbres sont particuli\u00e8rement touch\u00e9s \u00e0 Toulouse"},"content":{"rendered":"<p>            Par<br \/>\n        <strong><br \/>\n            <a href=\"https:\/\/actu.fr\/auteur\/enzo-legros\" title=\"Consulter tous les articles de Enzo Legros\" target=\"_blank\" rel=\"noopener\">Enzo Legros<\/a><br \/>\n        <\/strong><\/p>\n<p>        Publi\u00e9 le<\/p>\n<p>            20 ao\u00fbt 2025 \u00e0 6h42        <\/p>\n<p>Dans de nombreux parcs et zones v\u00e9g\u00e9talis\u00e9es de Toulouse, les pas des habitants en balade s\u2019accompagnent d\u2019un craquement indiscret en ce mois d\u2019ao\u00fbt 2025. Sous leurs pieds, des feuilles mortes assoiff\u00e9es ornent le sol, laissant pour horizon <strong>un paysage typique de l\u2019automne<\/strong>. Ce cadre serait on ne peut plus banal s\u2019il n\u2019avait pas fait son apparition au beau milieu de l\u2019\u00e9t\u00e9, <a href=\"https:\/\/actu.fr\/occitanie\/toulouse_31555\/toulouse-pourquoi-cette-canicule-a-ete-l-un-des-episodes-meteo-les-plus-extremes-depuis-100-ans_63046935.html\" target=\"_blank\" rel=\"noopener\">\u00e0 la conclusion d\u2019un \u00e9pisode caniculaire historique long d\u2019une dizaine de jours<\/a> \u00e0 Toulouse. En plein mois d\u2019ao\u00fbt, il s\u2019agit bien d\u2019un ph\u00e9nom\u00e8ne caus\u00e9 par la s\u00e9cheresse.<\/p>\n<p>Les 14\u2009000 platanes de Toulouse sont les plus touch\u00e9s<\/p>\n<p class=\" wall-content\">Peu de Toulousains l\u2019ont loup\u00e9, de tr\u00e8s nombreux arbres ont endur\u00e9 la canicule et se retrouvent compl\u00e8tement d\u00e9munis de leur feuillage. Les plus observateurs ont m\u00eame remarqu\u00e9 qu\u2019une essence d\u2019arbre est particuli\u00e8rement victime de la s\u00e9cheresse \u00e0 Toulouse\u2009: <strong>le platane<\/strong>. Sensible au stress hydrique, autrement dit au manque d\u2019eau, cet arbre est l\u2019un des principaux responsables du changement de couleur des espaces verts de la ville.<\/p>\n<p class=\" wall-content\">\n<p class=\" wall-content\">Il s\u2019agit (de loin) de l\u2019essence la plus pr\u00e9sente <a href=\"https:\/\/actu.fr\/toulouse\/\" target=\"_blank\" rel=\"noopener\">\u00e0 Toulouse,<\/a> avec 14\u2009000 platanes plant\u00e9s dans la commune. Alors lorsque la s\u00e9cheresse a frapp\u00e9 la Ville rose, nombre d\u2019entre eux ont \u00e9t\u00e9 touch\u00e9s et le constat ne peut \u00eatre que flagrant d\u00e9sormais. <strong>\u00ab\u2009C\u2019est vrai que cela se voit beaucoup\u2009\u00bb<\/strong>, confirme <strong>Cl\u00e9ment Riquet<\/strong>, \u00e9lu en charge de la biodiversit\u00e9 \u00e0 la mairie de Toulouse.<\/p>\n<p>    <img   decoding=\"async\" loading=\"lazy\" src=\"https:\/\/www.europesays.com\/fr\/wp-content\/uploads\/2025\/08\/20250819-083834-960x640.jpg\" alt=\"Des feuilles mortes comme \u00e0 l'automne... en plein \u00e9t\u00e9. La canicule a laiss\u00e9 des traces dans les espaces verts de Toulouse.\" width=\"960\" height=\"640\"\/><br \/>\n    Des feuilles mortes comme \u00e0 l\u2019automne\u2026 en plein \u00e9t\u00e9. La canicule a laiss\u00e9 des traces dans les espaces verts de Toulouse. (\u00a9actu Toulouse\/Enzo Legros)\u00ab\u2009Rien d\u2019inqui\u00e9tant\u2009\u00bb d\u2019apr\u00e8s la mairie<\/p>\n<p class=\" wall-content\">M\u00eame si les apparences sont impressionnantes, Cl\u00e9ment Riquet <strong>se veut n\u00e9anmoins rassurant<\/strong>. \u00ab\u2009Il n\u2019y a rien de vraiment inqui\u00e9tant\u2009\u00bb, estime-t-il, m\u00eame s\u2019il observe que le ph\u00e9nom\u00e8ne intervient \u00ab\u2009plus t\u00f4t\u2009\u00bb que lors des derni\u00e8res ann\u00e9es caniculaires.<\/p>\n<p>Vid\u00e9os : en ce moment sur Actu<\/p>\n<p class=\" wall-content\">Il ajoute que toutes les chutes de feuilles ne sont pas forc\u00e9ment caus\u00e9es par la canicule. \u00ab\u2009D\u2019autres arbres souffrent en raison de champignons\u2009\u00bb, explique l\u2019\u00e9lu.<\/p>\n<p class=\" wall-content\">Les agents de la municipalit\u00e9 \u00ab\u2009sont \u00e0 l\u2019\u0153uvre\u2009\u00bb pour d\u00e9gager certaines zones extr\u00eamement touch\u00e9es, comme des <a href=\"https:\/\/actu.fr\/occitanie\/toulouse_31555\/securite-praticite-rapidite-ce-que-le-nouveau-reseau-express-velo-change-pour-les-cyclistes-a-toulouse_63030823.html\" target=\"_blank\" rel=\"noopener\">pistes cyclables<\/a>. Pour l\u2019heure, la mairie confie ne pas avoir de certitudes sur les impacts \u00e0 long terme de cette chute pr\u00e9coce.<\/p>\n<p>Votre r\u00e9gion, votre actu !<\/p>\n<p>Recevez chaque jour les infos qui comptent pour vous.<\/p>\n<p>\t<a href=\"https:\/\/actu.fr\/newsletter\" class=\"ac-btn ac-btn--corner ac-btn--medium ac-btn--blue800\" target=\"_blank\" rel=\"noopener\">S&rsquo;incrire<\/a><br \/>\nLes \u00eelots de fra\u00eecheur affaiblis\u2009?<\/p>\n<p class=\" wall-content\">Qui dit moins de feuilles dit moins de rafra\u00eechissement. En effet, elles<strong>\u00a0d\u00e9gagent de l\u2019air frais<\/strong> lors de la \u00ab\u2009transpiration v\u00e9g\u00e9tale\u2009\u00bb, une \u00e9tape de la photosynth\u00e8se.<\/p>\n<p class=\" wall-content\">Les arbres sont aussi connus pour former les <a href=\"http:\/\/actu.fr\/occitanie\/toulouse_31555\/bus-navette-velo-tisseo-adaptera-t-il-son-offre-pour-desservir-le-futur-poumon-vert-de-toulouse_62994962.html\" target=\"_blank\" rel=\"noopener\">\u00ab\u2009poumons verts\u2009\u00bb<\/a> des villes, puisqu\u2019ils transforment \u00e0 l\u2019aide de leurs feuilles du CO2 en dioxyg\u00e8ne lors de la photosynth\u00e8se. Mais la qualit\u00e9 des \u00eelots de fra\u00eecheur en \u00e9t\u00e9 est-elle directement impact\u00e9e lors des s\u00e9cheresses\u2009?<\/p>\n<p class=\" wall-content\">D\u2019apr\u00e8s Cl\u00e9ment Riquet, il n\u2019y a pas de quoi s\u2019affoler. \u00ab\u2009Le plus gros de la chute intervient quand m\u00eame \u00e0 l\u2019automne, il n\u2019y a pas d\u2019impact sur l\u2019ombrage pendant l\u2019\u00e9t\u00e9\u2009\u00bb, argumente-t-il.<\/p>\n<p>Un ph\u00e9nom\u00e8ne qui devrait se r\u00e9p\u00e9ter<\/p>\n<p class=\" wall-content\">Pour ce qui est de l\u2019avenir, la municipalit\u00e9 indique choisir les essences des nouveaux espaces v\u00e9g\u00e9talis\u00e9s en fonction de leur r\u00e9sistance aux fortes chaleurs. <strong>\u00ab\u2009On plante de moins en moins de platanes\u2009\u00bb<\/strong>, illustre le responsable des espaces verts. \u00c0 l\u2019inverse, des arbres comme les micocouliers de Provence sont privil\u00e9gi\u00e9s pour les nouvelles plantations.<\/p>\n<p class=\" wall-content\">Malgr\u00e9 tout, les chutes de feuilles importantes devraient devenir un ph\u00e9nom\u00e8ne habituel dans les prochaines d\u00e9cennies. En suivant les projections climatiques estim\u00e9es sur la zone de Toulouse, <a href=\"https:\/\/actu.fr\/planete\/climat\/cinq-fois-plus-de-canicules-a-toulouse-d-ici-2050-l-inquietant-resultat-de-cette-etude-en-haute-garonne_63021226.html\" target=\"_blank\" rel=\"noopener\">il y aura <strong>cinq fois plus de canicules en 2050<\/strong><\/a> par rapport \u00e0 aujourd\u2019hui. Hormis pendant l\u2019\u00e9t\u00e9 2024, les platanes toulousains avaient d\u00e9j\u00e0 perdu de leur superbe lors des \u00e9t\u00e9s\u00a02023 et\u00a02022.<\/p>\n<p class=\" wall-content\">Personnalisez votre actualit\u00e9 en ajoutant vos villes et m\u00e9dias en favori avec <a href=\"https:\/\/moncompte.actu.fr\" title=\"D\u00e9couvez Mon Actu\" rel=\"nofollow noopener\" data-trk=\"{&quot;cta&quot;:{&quot;action&quot;:&quot;https:\\\/\\\/moncompte.actu.fr&quot;,&quot;category&quot;:&quot;mon compte&quot;,&quot;from&quot;:&quot;article footer&quot;,&quot;name&quot;:&quot;Mon actu&quot;,&quot;type&quot;:&quot;cta&quot;}}\" target=\"_blank\">Mon Actu<\/a>.<\/p>\n","protected":false},"excerpt":{"rendered":"Par Enzo Legros Publi\u00e9 le 20 ao\u00fbt 2025 \u00e0 6h42 Dans de nombreux parcs et zones v\u00e9g\u00e9talis\u00e9es de&hellip;\n","protected":false},"author":2,"featured_media":330982,"comment_status":"","ping_status":"","sticky":false,"template":"","format":"standard","meta":{"footnotes":""},"categories":[2816],"tags":[1111,11,1130,6698,1777,674,1011,27,12,2680,52,25,12817,2312],"class_list":{"0":"post-330981","1":"post","2":"type-post","3":"status-publish","4":"format-standard","5":"has-post-thumbnail","7":"category-toulouse","8":"tag-actu","9":"tag-actualites","10":"tag-biodiversite","11":"tag-canicule","12":"tag-eu","13":"tag-europe","14":"tag-fr","15":"tag-france","16":"tag-news","17":"tag-occitanie","18":"tag-planete","19":"tag-republique-francaise","20":"tag-secheresse","21":"tag-toulouse"},"share_on_mastodon":{"url":"https:\/\/pubeurope.com\/@fr\/115059701937164561","error":""},"_links":{"self":[{"href":"https:\/\/www.europesays.com\/fr\/wp-json\/wp\/v2\/posts\/330981","targetHints":{"allow":["GET"]}}],"collection":[{"href":"https:\/\/www.europesays.com\/fr\/wp-json\/wp\/v2\/posts"}],"about":[{"href":"https:\/\/www.europesays.com\/fr\/wp-json\/wp\/v2\/types\/post"}],"author":[{"embeddable":true,"href":"https:\/\/www.europesays.com\/fr\/wp-json\/wp\/v2\/users\/2"}],"replies":[{"embeddable":true,"href":"https:\/\/www.europesays.com\/fr\/wp-json\/wp\/v2\/comments?post=330981"}],"version-history":[{"count":0,"href":"https:\/\/www.europesays.com\/fr\/wp-json\/wp\/v2\/posts\/330981\/revisions"}],"wp:featuredmedia":[{"embeddable":true,"href":"https:\/\/www.europesays.com\/fr\/wp-json\/wp\/v2\/media\/330982"}],"wp:attachment":[{"href":"https:\/\/www.europesays.com\/fr\/wp-json\/wp\/v2\/media?parent=330981"}],"wp:term":[{"taxonomy":"category","embeddable":true,"href":"https:\/\/www.europesays.com\/fr\/wp-json\/wp\/v2\/categories?post=330981"},{"taxonomy":"post_tag","embeddable":true,"href":"https:\/\/www.europesays.com\/fr\/wp-json\/wp\/v2\/tags?post=330981"}],"curies":[{"name":"wp","href":"https:\/\/api.w.org\/{rel}","templated":true}]}}