{"id":330987,"date":"2025-08-20T06:42:10","date_gmt":"2025-08-20T06:42:10","guid":{"rendered":"https:\/\/www.europesays.com\/fr\/330987\/"},"modified":"2025-08-20T06:42:10","modified_gmt":"2025-08-20T06:42:10","slug":"aix-marseille-avignon-en-provence-quelles-sont-les-villes-les-plus-cheres-pour-etudier-en-2025","status":"publish","type":"post","link":"https:\/\/www.europesays.com\/fr\/330987\/","title":{"rendered":"Aix, Marseille, Avignon\u2026 En Provence, quelles sont les villes les plus ch\u00e8res pour \u00e9tudier en\u00a02025\u00a0?"},"content":{"rendered":"<p>La vie co\u00fbte de plus en plus cher, pour les \u00e9tudiants. C\u2019est le constat d\u2019une \u00e9tude publi\u00e9e par l\u2019Union nationale des \u00e9tudiants de France (Unef), mercredi 20\u00a0ao\u00fbt. Ce <a href=\"https:\/\/www.laprovence.com\/article\/region\/27225322018241\/la-boite-de-thon-cest-trop-cher-quand-l-inflation-pousse-les-etudiants-a-sauter-des-repas\" target=\"_blank\" rel=\"nofollow noopener\">classement<\/a> place Aix-en-Provence 12e\u00a0des villes les plus ch\u00e8res pour \u00e9tudier, avec un co\u00fbt mensuel moyen de 1\u00a0291,48\u00a0euros en\u00a02025. Derri\u00e8re, \u00e0 la 16e place, pointe Marseille avec un co\u00fbt mensuel de 1\u00a0256,48\u00a0euros, tandis qu\u2019Avignon arrive \u00e0 la 27e place, avec un co\u00fbt mensuel de 1\u00a0165,81\u00a0euros, en moyenne pour un \u00e9tudiant.<\/p>\n","protected":false},"excerpt":{"rendered":"La vie co\u00fbte de plus en plus cher, pour les \u00e9tudiants. C\u2019est le constat d\u2019une \u00e9tude publi\u00e9e par&hellip;\n","protected":false},"author":2,"featured_media":330988,"comment_status":"","ping_status":"","sticky":false,"template":"","format":"standard","meta":{"footnotes":""},"categories":[2814],"tags":[17,1111,11,2835,6184,1777,674,1011,27,151,884,12,1186,882,4022,16,25,3333],"class_list":{"0":"post-330987","1":"post","2":"type-post","3":"status-publish","4":"format-standard","5":"has-post-thumbnail","7":"category-marseille","8":"tag-17","9":"tag-actu","10":"tag-actualites","11":"tag-aix","12":"tag-avignon","13":"tag-eu","14":"tag-europe","15":"tag-fr","16":"tag-france","17":"tag-les","18":"tag-marseille","19":"tag-news","20":"tag-provence","21":"tag-provence-alpes-cote-dazur","22":"tag-quelles","23":"tag-region","24":"tag-republique-francaise","25":"tag-sont"},"share_on_mastodon":{"url":"https:\/\/pubeurope.com\/@fr\/115059736168360521","error":""},"_links":{"self":[{"href":"https:\/\/www.europesays.com\/fr\/wp-json\/wp\/v2\/posts\/330987","targetHints":{"allow":["GET"]}}],"collection":[{"href":"https:\/\/www.europesays.com\/fr\/wp-json\/wp\/v2\/posts"}],"about":[{"href":"https:\/\/www.europesays.com\/fr\/wp-json\/wp\/v2\/types\/post"}],"author":[{"embeddable":true,"href":"https:\/\/www.europesays.com\/fr\/wp-json\/wp\/v2\/users\/2"}],"replies":[{"embeddable":true,"href":"https:\/\/www.europesays.com\/fr\/wp-json\/wp\/v2\/comments?post=330987"}],"version-history":[{"count":0,"href":"https:\/\/www.europesays.com\/fr\/wp-json\/wp\/v2\/posts\/330987\/revisions"}],"wp:featuredmedia":[{"embeddable":true,"href":"https:\/\/www.europesays.com\/fr\/wp-json\/wp\/v2\/media\/330988"}],"wp:attachment":[{"href":"https:\/\/www.europesays.com\/fr\/wp-json\/wp\/v2\/media?parent=330987"}],"wp:term":[{"taxonomy":"category","embeddable":true,"href":"https:\/\/www.europesays.com\/fr\/wp-json\/wp\/v2\/categories?post=330987"},{"taxonomy":"post_tag","embeddable":true,"href":"https:\/\/www.europesays.com\/fr\/wp-json\/wp\/v2\/tags?post=330987"}],"curies":[{"name":"wp","href":"https:\/\/api.w.org\/{rel}","templated":true}]}}