{"id":330989,"date":"2025-08-20T06:43:21","date_gmt":"2025-08-20T06:43:21","guid":{"rendered":"https:\/\/www.europesays.com\/fr\/330989\/"},"modified":"2025-08-20T06:43:21","modified_gmt":"2025-08-20T06:43:21","slug":"retards-mauvaise-gestion-des-pannes-les-debuts-tres-chaotiques-de-transdev-sur-la-ligne-marseille-nice","status":"publish","type":"post","link":"https:\/\/www.europesays.com\/fr\/330989\/","title":{"rendered":"Retards, mauvaise gestion des pannes&#8230; Les d\u00e9buts tr\u00e8s chaotiques de Transdev sur la ligne Marseille-Nice"},"content":{"rendered":"<p>Deux mois apr\u00e8s son lancement, l&rsquo;offre de Transdev qui remplace celle de la SNCF sur cette ligne TER tr\u00e8s fr\u00e9quent\u00e9e multiplie les dysfonctionnements et suscite la col\u00e8re des usagers.<\/p>\n<p>C&rsquo;est un lancement compliqu\u00e9 pour Transdev sur la tr\u00e8s fr\u00e9quent\u00e9e ligne de TER entre Marseille et Nice. <a href=\"https:\/\/www.bfmtv.com\/economie\/entreprises\/transports\/la-sncf-attaquee-de-front-en-region-transdev-lance-ce-dimanche-ses-ter-sur-la-pire-ligne-de-france-entre-marseille-et-nice_AV-202506280133.html\" title=\"La SNCF attaqu\u00e9e de front en r\u00e9gion: Transdev lance ce dimanche ses TER sur la &quot;pire&quot; ligne de France entre Marseille et Nice\" class=\"internal_link\" rel=\"nofollow noopener\" target=\"_blank\">Rappelons que depuis le 29 juin dernier,<\/a> l&rsquo;op\u00e9rateur qui vient de passer sous pavillon allemand, fait rouler ses trains flambant neufs Zou en lieu et place de SNCF Voyageurs, suite \u00e0 l&rsquo;ouverture \u00e0 la concurrence dans le rail. C&rsquo;est une premi\u00e8re sur une ligne de cette importance.<\/p>\n<p>La promesse faite par Transdev, qui a convaincu la R\u00e9gion, est de doubler le nombre d&rsquo;allers-retours quotidiens sur la ligne avec un taux de r\u00e9gularit\u00e9 de 97% (hors probl\u00e8mes d&rsquo;infrastructure), notamment gr\u00e2ce \u00e0 16 rames neuves Omneo Premium, command\u00e9es \u00e0 Alstom pour 250 millions d&rsquo;euros et un tout nouveau centre de maintenance pr\u00e8s de Nice (financ\u00e9s par la R\u00e9gion). Quatorze allers-retours quotidiens sont donc assur\u00e9s contre sept avec SNCF Voyageurs, soit un train toutes les heures, et m\u00eame 16 liaisons par jour le week-end.<\/p>\n<p>Beaucoup de retards et de trains annul\u00e9s pendant l&rsquo;\u00e9t\u00e9<\/p>\n<p>Mais les choses ne se passent pas aussi bien que pr\u00e9vu et le compte n&rsquo;y est pas. Evidemment, il y a des trains <a href=\"https:\/\/www.bfmtv.com\/economie\/entreprises\/transports\/ter-marseille-nice-les-syndicats-montent-au-creneau-contre-transdev-et-epinglent-deja-des-retards_AV-202506300469.html\" title=\"TER Marseille-Nice: les syndicats montent au cr\u00e9neau contre Transdev et \u00e9pinglent d\u00e9j\u00e0 des retards\" class=\"internal_link\" rel=\"nofollow noopener\" target=\"_blank\">en retard<\/a> ou annul\u00e9s, Transdev est soumis aux m\u00eames al\u00e9as r\u00e9seau que SNCF Voyageurs avec une voie ancienne et fragile, notamment en p\u00e9riode de canicule. Il n&rsquo;est donc pas responsable de tous les retards mais il y a aussi les pannes mat\u00e9rielles. Et pour beaucoup d&rsquo;utilisateurs, l&rsquo;op\u00e9rateur ne fait pas mieux que son pr\u00e9d\u00e9cesseur.<\/p>\n<blockquote class=\"embed embed_quote\"><p>\u00ab\u00a0Et si on parlait des retards depuis que Transdev a repris la ligne. Pas un jour sans retard! Honteux pire que la SNCF\u00a0\u00bb, d\u00e9nonce un usager sur un <a href=\"https:\/\/www.facebook.com\/groups\/572741849469507\" target=\"_blank\" class=\"external_link\" rel=\"nofollow noopener\">groupe Facebook d\u00e9di\u00e9<\/a>.<\/p><\/blockquote>\n<p>Ces retards et annulations ont des cons\u00e9quences sur la qualit\u00e9 de service avec des trains parfois bond\u00e9s, exactement ce que voulait \u00e9viter Transdev. \u00ab\u00a0Les rames dimensionn\u00e9es chez Transdev c&rsquo;est vraiment en option. Ce matin, aux Arcs, impossible de monter \u00e0 bord du train de 6h41. Oblig\u00e9 d&rsquo;attendre celui d&rsquo;apr\u00e8s. Agr\u00e9able pour ceux qui bossent&#8230;\u00a0\u00bb, d\u00e9nonce un autre membre de ce groupe. D&rsquo;ailleurs, il suffit de se pencher sur les canaux officiels de communication de Zou pour observer le volume de ces retards et annulations qui se sont multipli\u00e9s en juillet et en ao\u00fbt.<\/p>\n<p>Des prix parfois plus chers qu&rsquo;en TGV<\/p>\n<p>Outre les retards, les prix sont \u00e9galement \u00e9pingl\u00e9s. Dans certains cas, prendre <a href=\"https:\/\/www.bfmtv.com\/cote-d-azur\/provence-alpes-cote-d-azur-la-region-veut-revoir-les-avantages-de-la-carte-zou-pour-les-ter_AV-202205310404.html\" title=\"Provence-Alpes-C\u00f4te d&#039;Azur: la r\u00e9gion veut revoir les avantages de la carte ZOU pour les TER\" class=\"internal_link\" rel=\"nofollow noopener\" target=\"_blank\">un TER Zou<\/a> de Transdev peut \u00eatre plus cher que de monter dans un TGV. Exemple avec un Marseille-Nice ce mercredi 20 ao\u00fbt : avec le TER, le prix est de 40,80 euros, en TGV, le prix le moins cher propos\u00e9 par la SNCF est de 36 euros, pour le m\u00eame temps de parcours (comparaison faite sur Trainline).<\/p>\n<p><img decoding=\"async\" loading=\"lazy\" width=\"1267\" height=\"515\" src=\"https:\/\/www.europesays.com\/fr\/wp-content\/uploads\/2025\/08\/Marseille-Nice-en-TER-Zou-de-Transdev-et-en-TGV-SNCF-2124484.jpg\"  alt=\"Marseille-Nice en TER Zou de Transdev et en TGV SNCF\" title=\"Marseille-Nice en TER Zou de Transdev et en TGV SNCF\"\/>Marseille-Nice en TER Zou de Transdev et en TGV SNCF \u00a9 BFM Business<\/p>\n<p>Mais ce sont les incidents d&rsquo;exploitation et leur gestion qui inqui\u00e8tent le plus. En cause, une flotte de trains neufs \u00e0 \u00ab\u00a0d\u00e9verminer\u00a0\u00bb (d\u00e9fauts de jeunesse in\u00e9vitables), des jeunes conducteurs inexp\u00e9riment\u00e9s et une flotte h\u00e9t\u00e9rog\u00e8ne avec des rames plus anciennes pr\u00eat\u00e9es par d&rsquo;autres r\u00e9gions pour compenser les retards de livraison d&rsquo;Alstom.<\/p>\n<p>Le 3 ao\u00fbt dernier par exemple vers 21h, une rame essuie une panne au niveau de la gare des Arcs. Selon le rapport d&rsquo;incident que nous nous sommes procur\u00e9s, une heure et demie plus tard, aucune demande de secours n&rsquo;est faite par le conducteur, en contradiction avec la r\u00e9glementation. \u00ab\u00a0Aucune information\u00a0\u00bb n&rsquo;est transmise, indique le rapport de SNCF R\u00e9seau, l&rsquo;entit\u00e9 de la SNCF qui g\u00e8re l&rsquo;exploitation sur les voies.<\/p>\n<p>Le conducteur semble vouloir se d\u00e9brouiller seul mais finit par faire une demande de secours vers 2h du matin et arr\u00eate les frais \u00e0 3h. La rame reste toujours fig\u00e9e aux Arcs, bloquant purement et simplement une voie principale de circulation. Ce qui n&rsquo;est pas anodin pour les autres trains. SNCF R\u00e9seau est ensuite inform\u00e9 qu&rsquo;un autre conducteur de Transdev viendra sur place le lendemain \u00e0 6h pour \u00ab\u00a0essayer un d\u00e9pannage\u00a0\u00bb. Il arrive en r\u00e9alit\u00e9 \u00e0 7h00, et il faut alors attendre 10h pour que les deux rames qui composaient ce train puissent \u00eatre s\u00e9par\u00e9es. A 11h30, les rames sont enfin d\u00e9gag\u00e9es et la voie lib\u00e9r\u00e9e. Au total, l&rsquo;incident aura dur\u00e9 pas moins de 14 heures.<\/p>\n<p>Une gestion des pannes hasardeuse<\/p>\n<p>La gestion de l&rsquo;incident interroge. Selon un conducteur de la SNCF, \u00ab\u00a0la r\u00e9glementation impose que, d\u00e8s 15 minutes de d\u00e9pannage, une demande de secours soit effectu\u00e9e, leur conducteur a mis 5 heures\u00a0\u00bb. Visiblement, l&rsquo;inexp\u00e9rience des conducteurs recrut\u00e9s par Transdev (tr\u00e8s peu d&rsquo;agents de la SNCF ont accept\u00e9 de rejoindre le nouvel exploitant suite au changement d&rsquo;op\u00e9rateur) est en cause.<\/p>\n<blockquote class=\"embed embed_quote\"><p>\u00ab\u00a0Les conducteurs SNCF qui effectuaient cette liaison avaient au moins dix ans de route, (chez Transdev) ils ont en majorit\u00e9 des d\u00e9butants et ont d&rsquo;ailleurs embauch\u00e9 des gars ayant \u00e9t\u00e9 recal\u00e9s \u00e0 l&rsquo;examen \u00e0 la SNCF\u00a0\u00bb, raille ce conducteur.<\/p><\/blockquote>\n<p>Un autre cheminot pointe \u00ab\u00a0une formation de six mois pour \u00eatre conducteur\u00a0\u00bb chez Transdev. \u00ab\u00a0Il fallait s\u2019y attendre\u00a0\u00bb, ajoute-t-il, pointant \u00ab\u00a0un festival\u00a0\u00bb d&rsquo;incidents.<\/p>\n<p>L&rsquo;autre facteur expliquant la complexit\u00e9 de la gestion des pannes est l&rsquo;h\u00e9t\u00e9rog\u00e9n\u00e9it\u00e9 du mat\u00e9riel roulant. Il semble impossible de tracter un train neuf en panne par une rame lou\u00e9e. Un sc\u00e9nario qui ne semble pas avoir \u00e9t\u00e9 anticip\u00e9. Pourtant, ces rames, si elles sont diff\u00e9rentes, sont de la m\u00eame famille et sont fabriqu\u00e9es par le m\u00eame constructeur. \u00ab\u00a0Ce qui complique toute op\u00e9ration de secours\u00a0\u00bb, nous explique un conducteur. X<\/p>\n<p>Sollicit\u00e9 \u00e0 plusieurs reprises par BFM Business, Transdev n&rsquo;a pas encore retourn\u00e9 nos demandes de pr\u00e9cisions.<\/p>\n<p>Olivier Chicheportiche Journaliste BFM Business<\/p>\n","protected":false},"excerpt":{"rendered":"Deux mois apr\u00e8s son lancement, l&rsquo;offre de Transdev qui remplace celle de la SNCF sur cette ligne TER&hellip;\n","protected":false},"author":2,"featured_media":212957,"comment_status":"","ping_status":"","sticky":false,"template":"","format":"standard","meta":{"footnotes":""},"categories":[2814],"tags":[1111,11,1777,674,1011,27,884,12,882,25],"class_list":{"0":"post-330989","1":"post","2":"type-post","3":"status-publish","4":"format-standard","5":"has-post-thumbnail","7":"category-marseille","8":"tag-actu","9":"tag-actualites","10":"tag-eu","11":"tag-europe","12":"tag-fr","13":"tag-france","14":"tag-marseille","15":"tag-news","16":"tag-provence-alpes-cote-dazur","17":"tag-republique-francaise"},"share_on_mastodon":{"url":"https:\/\/pubeurope.com\/@fr\/115059740410548808","error":""},"_links":{"self":[{"href":"https:\/\/www.europesays.com\/fr\/wp-json\/wp\/v2\/posts\/330989","targetHints":{"allow":["GET"]}}],"collection":[{"href":"https:\/\/www.europesays.com\/fr\/wp-json\/wp\/v2\/posts"}],"about":[{"href":"https:\/\/www.europesays.com\/fr\/wp-json\/wp\/v2\/types\/post"}],"author":[{"embeddable":true,"href":"https:\/\/www.europesays.com\/fr\/wp-json\/wp\/v2\/users\/2"}],"replies":[{"embeddable":true,"href":"https:\/\/www.europesays.com\/fr\/wp-json\/wp\/v2\/comments?post=330989"}],"version-history":[{"count":0,"href":"https:\/\/www.europesays.com\/fr\/wp-json\/wp\/v2\/posts\/330989\/revisions"}],"wp:featuredmedia":[{"embeddable":true,"href":"https:\/\/www.europesays.com\/fr\/wp-json\/wp\/v2\/media\/212957"}],"wp:attachment":[{"href":"https:\/\/www.europesays.com\/fr\/wp-json\/wp\/v2\/media?parent=330989"}],"wp:term":[{"taxonomy":"category","embeddable":true,"href":"https:\/\/www.europesays.com\/fr\/wp-json\/wp\/v2\/categories?post=330989"},{"taxonomy":"post_tag","embeddable":true,"href":"https:\/\/www.europesays.com\/fr\/wp-json\/wp\/v2\/tags?post=330989"}],"curies":[{"name":"wp","href":"https:\/\/api.w.org\/{rel}","templated":true}]}}