{"id":330994,"date":"2025-08-20T06:48:10","date_gmt":"2025-08-20T06:48:10","guid":{"rendered":"https:\/\/www.europesays.com\/fr\/330994\/"},"modified":"2025-08-20T06:48:10","modified_gmt":"2025-08-20T06:48:10","slug":"loyers-transports-cout-de-la-vie-paris-reste-la-ville-etudiante-la-plus-chere-de-france-en-2025","status":"publish","type":"post","link":"https:\/\/www.europesays.com\/fr\/330994\/","title":{"rendered":"Loyers, transports, co\u00fbt de la vie&#8230; Paris reste la ville \u00e9tudiante la plus ch\u00e8re de France en 2025"},"content":{"rendered":"<p>            Par<br \/>\n        <strong><br \/>\n            <a href=\"https:\/\/actu.fr\/auteur\/emilie-salabelle\" title=\"Consulter tous les articles de Emilie Salabelle\" target=\"_blank\" rel=\"noopener\">Emilie Salabelle<\/a><br \/>\n        <\/strong><\/p>\n<p>        Publi\u00e9 le<\/p>\n<p>            20 ao\u00fbt 2025 \u00e0 8h04        <\/p>\n<p>Co\u00fbt de la vie, logement, transports\u2026 <a href=\"https:\/\/actu.fr\/ile-de-france\/paris_75056\/plus-de-1-300-euros-par-mois-paris-est-la-ville-etudiante-la-plus-chere-de-france_53288845.html\" target=\"_blank\" rel=\"noopener\">Encore une fois<\/a>, la capitale bat tous les records pour le pouvoir d\u2019achat des \u00e9tudiants. <a href=\"https:\/\/actu.fr\/ile-de-france\/paris_75056\/rentree-etudiante-ces-neuf-villes-d-ile-de-france-sont-parmi-les-dix-plus-cheres_59997909.html\" target=\"_blank\" rel=\"noopener\">Comme chaque ann\u00e9e<\/a>, l\u2019Unef a sorti son classement des <strong>villes universitaires <a href=\"https:\/\/actu.fr\/ile-de-france\/paris_75056\/rentree-2023-selon-l-unef-jamais-le-cout-de-la-vie-etudiante-n-a-ete-aussi-eleve-a-paris_59963716.html\" target=\"_blank\" rel=\"noopener\">les plus ch\u00e8res de France<\/a><\/strong>. En 2025, tous les postes de d\u00e9pense ont augment\u00e9 par rapport \u00e0 l\u2019ann\u00e9e derni\u00e8re. Le syndicat \u00e9tudiant alerte sur une accentuation dangereuse de l\u2019\u00e9cart entre les territoires. Alors, combien paye en moyenne un \u00e9tudiant \u00e0 <a href=\"https:\/\/actu.fr\/ile-de-france\/paris_75056\" target=\"_blank\" rel=\"noopener\">Paris<\/a> pour se loger, se nourrir, se d\u00e9placer\u2009?<\/p>\n<p>Des d\u00e9penses toujours plus importantes<\/p>\n<p class=\" wall-content\">\u00c0 Paris en 2025, le loyer moyen atteint le podium des plus \u00e9lev\u00e9s en France. Il est fix\u00e9 \u00e0 <strong>915\u00a0euros,<\/strong> soit pr\u00e8s de 100\u00a0euros de plus que la <a href=\"https:\/\/actu.fr\/ile-de-france\/saint-cloud_92064\/horaires-acces-programmation-ce-qu-il-faut-savoir-sur-l-edition-2025-du-festival-rock-en-seine_63050017.html\" target=\"_blank\" rel=\"noopener\">seconde ville la plus ch\u00e8re pour se loger, Nanterre<\/a> (816 euros), qui enregistre la plus forte augmentation en un an. La r\u00e9gion parisienne est sans conteste<a href=\"https:\/\/actu.fr\/societe\/en-coloc-chez-leurs-parents-comment-se-logent-les-etudiants-du-grand-paris_60776000.html\" target=\"_blank\" rel=\"noopener\"> la plus co\u00fbteuse en mati\u00e8re de logement<\/a>, puisque le top 6 des loyers les plus \u00e9lev\u00e9s sont tous situ\u00e9s en \u00cele-de-France, \u00e0 l\u2019exception de <a href=\"https:\/\/actu.fr\/nice\/\" target=\"_blank\" rel=\"noopener\">Nice<\/a> (en 5e).<\/p>\n<p class=\" wall-content\">Mais le co\u00fbt du logement n\u2019est pas le seul \u00e0 grever le budget des \u00e9tudiants parisiens. Celui des <strong>transports<\/strong>, qui a augment\u00e9 de 2,59\u2009%, repr\u00e9sente une d\u00e9pense moyenne de <strong>392,30\u00a0euros<\/strong> par mois. \u00ab\u2009Le<a href=\"https:\/\/actu.fr\/societe\/une-nouvelle-augmentation-du-pass-navigo-actee-dans-le-budget-2025-d-ile-de-france-mobilites_61991062.html\" target=\"_blank\" rel=\"noopener\"> prix du pass Imagin\u2019R ne cesse d\u2019augmenter<\/a>, ce qui aggrave la situation des \u00e9tudiants qui sont tous contraints d\u2019utiliser les transports en commun au quotidien pour se rendre sur leurs lieux d\u2019\u00e9tudes\u2009\u00bb, d\u00e9taille l\u2019Unef. Les transports franciliens sont les plus chers de France, et enregistrent la troisi\u00e8me hausse la plus importante apr\u00e8s <a href=\"https:\/\/actu.fr\/toulouse\/\" target=\"_blank\" rel=\"noopener\">Toulouse<\/a> et <a href=\"https:\/\/actu.fr\/normandie\/rouen_76540\" target=\"_blank\" rel=\"noopener\">Rouen<\/a>. Autant d\u2019argent que les jeunes Montpelli\u00e9rain, qui b\u00e9n\u00e9ficient de la gratuit\u00e9 dans les transports, n\u2019ont pas \u00e0 prendre en compte.<\/p>\n<p class=\" wall-content\">Enfin, le <strong>co\u00fbt global de la vie<\/strong> \u2013 notamment les frais d\u2019inscription, de restauration et d\u2019alimentation, l\u2019\u00e9lectricit\u00e9, les produits d\u2019hygi\u00e8ne et d\u2019entretien, l\u2019habillement, les livres et loisirs\u2026 \u2013 ne cesse d\u2019augmenter en France. Paris ne fait pas exception \u00e0 la r\u00e8gle, avec une \u00e9volution globale de <strong>+\u00a04,13\u2009%<\/strong> en un an. Une inflation certes plus contenue par rapport \u00e0 d\u2019autres villes, mais qui n\u2019emp\u00eache pas la capitale de se placer au sommet des villes o\u00f9 le co\u00fbt de la vie \u00e9tudiante est la plus ch\u00e8re\u2009: <strong>1626,76 euros<\/strong> sont ainsi d\u00e9bours\u00e9s en moyenne tous les mois. \u00ab\u2009Les \u00e9tudiants de r\u00e9gion parisienne font face \u00e0 de plus en plus de difficult\u00e9s au quotidien pour se loger, se transporter et se nourrir\u2009\u00bb, r\u00e9sume ainsi l\u2019Unef.<\/p>\n<p class=\" wall-content\">Personnalisez votre actualit\u00e9 en ajoutant vos villes et m\u00e9dias en favori avec <a href=\"https:\/\/moncompte.actu.fr\" title=\"D\u00e9couvez Mon Actu\" rel=\"nofollow noopener\" data-trk=\"{&quot;cta&quot;:{&quot;action&quot;:&quot;https:\\\/\\\/moncompte.actu.fr&quot;,&quot;category&quot;:&quot;mon compte&quot;,&quot;from&quot;:&quot;article footer&quot;,&quot;name&quot;:&quot;Mon actu&quot;,&quot;type&quot;:&quot;cta&quot;}}\" target=\"_blank\">Mon Actu<\/a>.<\/p>\n","protected":false},"excerpt":{"rendered":"Par Emilie Salabelle Publi\u00e9 le 20 ao\u00fbt 2025 \u00e0 8h04 Co\u00fbt de la vie, logement, transports\u2026 Encore une&hellip;\n","protected":false},"author":2,"featured_media":330995,"comment_status":"","ping_status":"","sticky":false,"template":"","format":"standard","meta":{"footnotes":""},"categories":[1888],"tags":[1111,1928,11,1927,1064,1777,674,1011,27,12,1926,626,1925,2922,11090,25,104],"class_list":{"0":"post-330994","1":"post","2":"type-post","3":"status-publish","4":"format-standard","5":"has-post-thumbnail","7":"category-paris","8":"tag-actu","9":"tag-actu-paris","10":"tag-actualites","11":"tag-actualites-paris","12":"tag-etudiantses","13":"tag-eu","14":"tag-europe","15":"tag-fr","16":"tag-france","17":"tag-news","18":"tag-news-paris","19":"tag-paris","20":"tag-paris-news","21":"tag-pouvoir-dachat","22":"tag-precarite-etudiante","23":"tag-republique-francaise","24":"tag-societe"},"share_on_mastodon":{"url":"https:\/\/pubeurope.com\/@fr\/115059759740033510","error":""},"_links":{"self":[{"href":"https:\/\/www.europesays.com\/fr\/wp-json\/wp\/v2\/posts\/330994","targetHints":{"allow":["GET"]}}],"collection":[{"href":"https:\/\/www.europesays.com\/fr\/wp-json\/wp\/v2\/posts"}],"about":[{"href":"https:\/\/www.europesays.com\/fr\/wp-json\/wp\/v2\/types\/post"}],"author":[{"embeddable":true,"href":"https:\/\/www.europesays.com\/fr\/wp-json\/wp\/v2\/users\/2"}],"replies":[{"embeddable":true,"href":"https:\/\/www.europesays.com\/fr\/wp-json\/wp\/v2\/comments?post=330994"}],"version-history":[{"count":0,"href":"https:\/\/www.europesays.com\/fr\/wp-json\/wp\/v2\/posts\/330994\/revisions"}],"wp:featuredmedia":[{"embeddable":true,"href":"https:\/\/www.europesays.com\/fr\/wp-json\/wp\/v2\/media\/330995"}],"wp:attachment":[{"href":"https:\/\/www.europesays.com\/fr\/wp-json\/wp\/v2\/media?parent=330994"}],"wp:term":[{"taxonomy":"category","embeddable":true,"href":"https:\/\/www.europesays.com\/fr\/wp-json\/wp\/v2\/categories?post=330994"},{"taxonomy":"post_tag","embeddable":true,"href":"https:\/\/www.europesays.com\/fr\/wp-json\/wp\/v2\/tags?post=330994"}],"curies":[{"name":"wp","href":"https:\/\/api.w.org\/{rel}","templated":true}]}}