{"id":331000,"date":"2025-08-20T06:51:11","date_gmt":"2025-08-20T06:51:11","guid":{"rendered":"https:\/\/www.europesays.com\/fr\/331000\/"},"modified":"2025-08-20T06:51:11","modified_gmt":"2025-08-20T06:51:11","slug":"40-000-enfants-attendus-au-pied-de-la-tour-effeil-pour-la-journee-des-oublies-des-vacances","status":"publish","type":"post","link":"https:\/\/www.europesays.com\/fr\/331000\/","title":{"rendered":"40.000 enfants attendus au pied de la Tour Effeil pour la \u00ab\u00a0Journ\u00e9e des oubli\u00e9s des vacances\u00a0\u00bb"},"content":{"rendered":"<p>Comme chaque ann\u00e9e, de nombreux enfants n\u2019ont pas la chance de partir en vacances dans l\u2019Hexagone. C\u2019est pourquoi le<a target=\"_self\" href=\"https:\/\/www.lanouvellerepublique.fr\/blois\/le-secours-populaire-pense-aux-enfants-blesois-pour-la-journee-de-ouf-1755621635\" rel=\"noopener\"> Secours populaire<\/a> permet \u00e0 quarante mille d\u2019entre eux, venus de toute la France et de l\u2019\u00e9tranger, de se r\u00e9unir ce mercredi 20\u00a0ao\u00fbt 2025 sur le Champ-de-Mars \u00e0 Paris, dans le cadre d\u2019une journ\u00e9e d\u2019activit\u00e9s organis\u00e9e expr\u00e8s.<\/p>\n<p>Croisi\u00e8re sur la Seine, visite de mus\u00e9es et concert au pied de la Tour Eiffel\u00a0: toute une panoplie d\u2019activit\u00e9s est pr\u00e9vue mercredi dans la capitale pour ces milliers d\u2019enfants. \u00ab\u00a0C\u2019est important pour nous qu\u2019un enfant ait quelque chose \u00e0 raconter \u00e0 la rentr\u00e9e \u00e0 ses petits camarades, pour ne pas se sentir diff\u00e9rent\u00a0\u00bb, souligne Thierry Robert, le secr\u00e9taire national du Secours populaire. \u00ab\u00a0Certains enfants vont aller voir la vasque olympique aux Tuileries, d\u2019autres vont aller au centre aquatique olympique \u00e0 Saint-Denis, et puis d\u2019autres vont faire une balade fluviale (sur la Seine), symbole de la c\u00e9r\u00e9monie d\u2019ouverture des Jeux olympiques\u00a0\u00bb, d\u00e9taille-t-il.<\/p>\n<p>10\u00a0% des enfants ne partent pas en vacances<\/p>\n<p>Pour cette 46e\u00a0\u00e9dition organis\u00e9e autour de la \u00ab\u00a0c\u00e9l\u00e9bration du premier anniversaire des Jeux de Paris 2024\u00a0\u00bb, six cents bus ont \u00e9t\u00e9 affr\u00e9t\u00e9s par le Secours populaire, qui f\u00eate aussi ces 80\u00a0ans cette ann\u00e9e, pour faire venir des enfants de toute la France.\u00a0Les enfants seront ensuite accueillis sur le Champ-de-Mars, au pied de la Tour Eiffel, pour un pique-nique g\u00e9ant le midi et un concert, dont les artistes n\u2019ont pas encore \u00e9t\u00e9 r\u00e9v\u00e9l\u00e9s. Selon une \u00e9tude de l<a target=\"_self\" href=\"https:\/\/www.insee.fr\/fr\/statistiques\/6964508#:~:text=En%25202021%252C%2520un%2520enfant%2520%25C3%25A2g%25C3%25A9,dont%2520dix%2520propres%2520aux%2520enfants.\" rel=\"noopener\">\u2019Insee<\/a> (Institut national de la statistique et des \u00e9tudes \u00e9conomiques) de 2021, 10\u00a0% des moins de 16\u00a0ans ne partent pas en vacances au moins une semaine par an pour des raisons financi\u00e8res.<\/p>\n<p>Mascottes des JO, ateliers sur le sport, et athl\u00e8tes seront sur place. La journ\u00e9e est aussi co-parrain\u00e9e par Tony Estanguet, le pr\u00e9sident du Comit\u00e9 d\u2019organisation des JO 2024. Autre particularit\u00e9, cette ann\u00e9e, pr\u00e8s de \u00ab\u00a01.000 enfants\u00a0\u00bb de l\u2019\u00e9tranger seront pr\u00e9sents, un bond \u00ab\u00a0par rapport aux ann\u00e9es pr\u00e9c\u00e9dentes\u00a0\u00bb, pr\u00e9cise le directeur g\u00e9n\u00e9ral du Secours populaire. L\u2019association compte aussi profiter de cette \u00e9dition \u00ab\u00a0internationale\u00a0\u00bb, pour alerter sur la hausse de la pr\u00e9carit\u00e9. \u00ab\u00a0Le nombre de personnes ne va pas en diminuant. On le constate notamment aussi chez les jeunes qui sont de plus en plus nombreux\u00a0\u00bb, alerte Thierry Robert.<\/p>\n","protected":false},"excerpt":{"rendered":"Comme chaque ann\u00e9e, de nombreux enfants n\u2019ont pas la chance de partir en vacances dans l\u2019Hexagone. C\u2019est pourquoi&hellip;\n","protected":false},"author":2,"featured_media":331001,"comment_status":"","ping_status":"","sticky":false,"template":"","format":"standard","meta":{"footnotes":""},"categories":[1888],"tags":[328,11,1777,674,1011,27,329,12,626,25,3400],"class_list":{"0":"post-331000","1":"post","2":"type-post","3":"status-publish","4":"format-standard","5":"has-post-thumbnail","7":"category-paris","8":"tag-a-la-une","9":"tag-actualites","10":"tag-eu","11":"tag-europe","12":"tag-fr","13":"tag-france","14":"tag-france-monde","15":"tag-news","16":"tag-paris","17":"tag-republique-francaise","18":"tag-solidarite"},"share_on_mastodon":{"url":"https:\/\/pubeurope.com\/@fr\/115059771565734377","error":""},"_links":{"self":[{"href":"https:\/\/www.europesays.com\/fr\/wp-json\/wp\/v2\/posts\/331000","targetHints":{"allow":["GET"]}}],"collection":[{"href":"https:\/\/www.europesays.com\/fr\/wp-json\/wp\/v2\/posts"}],"about":[{"href":"https:\/\/www.europesays.com\/fr\/wp-json\/wp\/v2\/types\/post"}],"author":[{"embeddable":true,"href":"https:\/\/www.europesays.com\/fr\/wp-json\/wp\/v2\/users\/2"}],"replies":[{"embeddable":true,"href":"https:\/\/www.europesays.com\/fr\/wp-json\/wp\/v2\/comments?post=331000"}],"version-history":[{"count":0,"href":"https:\/\/www.europesays.com\/fr\/wp-json\/wp\/v2\/posts\/331000\/revisions"}],"wp:featuredmedia":[{"embeddable":true,"href":"https:\/\/www.europesays.com\/fr\/wp-json\/wp\/v2\/media\/331001"}],"wp:attachment":[{"href":"https:\/\/www.europesays.com\/fr\/wp-json\/wp\/v2\/media?parent=331000"}],"wp:term":[{"taxonomy":"category","embeddable":true,"href":"https:\/\/www.europesays.com\/fr\/wp-json\/wp\/v2\/categories?post=331000"},{"taxonomy":"post_tag","embeddable":true,"href":"https:\/\/www.europesays.com\/fr\/wp-json\/wp\/v2\/tags?post=331000"}],"curies":[{"name":"wp","href":"https:\/\/api.w.org\/{rel}","templated":true}]}}