{"id":331026,"date":"2025-08-20T07:03:15","date_gmt":"2025-08-20T07:03:15","guid":{"rendered":"https:\/\/www.europesays.com\/fr\/331026\/"},"modified":"2025-08-20T07:03:15","modified_gmt":"2025-08-20T07:03:15","slug":"une-renaissance-et-une-rentree-pour-le-centre-de-formation-de-lalterna-stade-poitevin","status":"publish","type":"post","link":"https:\/\/www.europesays.com\/fr\/331026\/","title":{"rendered":"une renaissance et une rentr\u00e9e pour le centre de formation de l\u2019Alterna Stade Poitevin"},"content":{"rendered":"<p>Le rendez-vous \u00e9tait fix\u00e9 \u00e0 10\u00a0h, mardi 19\u00a0ao\u00fbt. Et la date n\u2019est pas superflue car elle est historique. Un peu plus de treize ans apr\u00e8s la disparition du centre de formation du Stade Poitevin Volley Ball suite \u00e0 la liquidation judiciaire du club, celui de l\u2019Alterna Stade Poitevin a officiellement ouvert ses portes. Pour accueillir cinq premiers pensionnaires conventionn\u00e9s\u00a0: Ewen Renevot (CNVB) et Nathan Pierrot (CNVB), qui seront \u00e9galement int\u00e9gr\u00e9s au groupe professionnel, Lucas Fabre (Avignon), Sidoine Gosselin ainsi qu\u2019Arthur Gomme (Alterna Stade Poitevin) excus\u00e9 pour cette premi\u00e8re matin\u00e9e&#8230;. <\/p>\n<p>    Cet article a \u00e9t\u00e9 tronqu\u00e9. Abonnez-vous pour lire l&rsquo;article complet sur notre site.<\/p>\n<p style=\"margin: 0 !important; padding: 0 !important; font-size: 12px !important;\">Cet article a \u00e9t\u00e9 tronqu\u00e9. Abonnez-vous pour lire l&rsquo;article complet.<\/p>\n<p>    <a href=\"https:\/\/www.lanouvellerepublique.fr\/abonnements\" style=\"display: inline-block; margin-top: 5px !important; padding: 6px 12px !important; background: #cb1c27; color: white; text-decoration: none; border-radius: 4px; font-size: 12px !important;\" target=\"_blank\" rel=\"noopener\"><br \/>\n      S&rsquo;abonner<br \/>\n    <\/a><\/p>\n","protected":false},"excerpt":{"rendered":"Le rendez-vous \u00e9tait fix\u00e9 \u00e0 10\u00a0h, mardi 19\u00a0ao\u00fbt. Et la date n\u2019est pas superflue car elle est historique.&hellip;\n","protected":false},"author":2,"featured_media":331027,"comment_status":"","ping_status":"","sticky":false,"template":"","format":"standard","meta":{"footnotes":""},"categories":[1417],"tags":[1392,1654,1011,27,1655,1653,60,1584,1470,1469],"class_list":{"0":"post-331026","1":"post","2":"type-post","3":"status-publish","4":"format-standard","5":"has-post-thumbnail","7":"category-volley","8":"tag-a-la-une-local","9":"tag-alterna-stade-poitevin-volley-ball","10":"tag-fr","11":"tag-france","12":"tag-ligue-a","13":"tag-poitiers","14":"tag-sports","15":"tag-vienne","16":"tag-volley","17":"tag-volleyball"},"share_on_mastodon":{"url":"https:\/\/pubeurope.com\/@fr\/115059818747954753","error":""},"_links":{"self":[{"href":"https:\/\/www.europesays.com\/fr\/wp-json\/wp\/v2\/posts\/331026","targetHints":{"allow":["GET"]}}],"collection":[{"href":"https:\/\/www.europesays.com\/fr\/wp-json\/wp\/v2\/posts"}],"about":[{"href":"https:\/\/www.europesays.com\/fr\/wp-json\/wp\/v2\/types\/post"}],"author":[{"embeddable":true,"href":"https:\/\/www.europesays.com\/fr\/wp-json\/wp\/v2\/users\/2"}],"replies":[{"embeddable":true,"href":"https:\/\/www.europesays.com\/fr\/wp-json\/wp\/v2\/comments?post=331026"}],"version-history":[{"count":0,"href":"https:\/\/www.europesays.com\/fr\/wp-json\/wp\/v2\/posts\/331026\/revisions"}],"wp:featuredmedia":[{"embeddable":true,"href":"https:\/\/www.europesays.com\/fr\/wp-json\/wp\/v2\/media\/331027"}],"wp:attachment":[{"href":"https:\/\/www.europesays.com\/fr\/wp-json\/wp\/v2\/media?parent=331026"}],"wp:term":[{"taxonomy":"category","embeddable":true,"href":"https:\/\/www.europesays.com\/fr\/wp-json\/wp\/v2\/categories?post=331026"},{"taxonomy":"post_tag","embeddable":true,"href":"https:\/\/www.europesays.com\/fr\/wp-json\/wp\/v2\/tags?post=331026"}],"curies":[{"name":"wp","href":"https:\/\/api.w.org\/{rel}","templated":true}]}}