{"id":331028,"date":"2025-08-20T07:04:15","date_gmt":"2025-08-20T07:04:15","guid":{"rendered":"https:\/\/www.europesays.com\/fr\/331028\/"},"modified":"2025-08-20T07:04:15","modified_gmt":"2025-08-20T07:04:15","slug":"on-ne-peut-pas-avancer-cache-a-quelques-jours-du-debut-du-championnat-le-rugbyman-thibaud-rey-se-confie-sur-la-saison-qui-attend-nissa-rugby","status":"publish","type":"post","link":"https:\/\/www.europesays.com\/fr\/331028\/","title":{"rendered":"\u00ab\u00a0On ne peut pas avancer cach\u00e9\u00a0\u00bb: \u00e0 quelques jours du d\u00e9but du championnat, le rugbyman Thibaud Rey se confie sur la saison qui attend Nissa Rugby"},"content":{"rendered":"<p>Alors que le championnat de Nationale d\u00e9bute vendredi 22 ao\u00fbt pour les Ni\u00e7ois, qui entreront en piste du c\u00f4t\u00e9 de Tarbes, le deuxi\u00e8me ligne <strong>Thibaud Rey<\/strong> se livre sur la saison \u00e0 venir.<\/p>\n<p><strong>Thibaud, que retenez-vous de cette saison pass\u00e9e en Pro D2?<\/strong><\/p>\n<p>Plut\u00f4t la fin! C\u2019est l\u00e0 que j\u2019en ai le plus profit\u00e9 et que nous avons le mieux perform\u00e9. Nous avions tous \u00e0 c\u0153ur de bien finir, notamment les anciens qui avaient remport\u00e9 le titre de Nationale en 2024 et qui \u00e9taient annonc\u00e9s partants.<\/p>\n<p>D\u00e9sormais, il y a un nouveau projet, une r\u00e9organisation en interne. La coupure a fait du bien : je suis parti en Is\u00e8re et j\u2019ai pu vraiment d\u00e9connecter, sans trop penser au rugby.<\/p>\n<p><strong>La descente n\u2019a-t-elle pas laiss\u00e9 trop de traces mentalement et physiquement?<\/strong><\/p>\n<p>Avec du recul, ce fut une saison tr\u00e8s compliqu\u00e9e. Nous n\u2019avions pas trop mal d\u00e9marr\u00e9, puis est arriv\u00e9 ce gros trou d\u2019air avec cette s\u00e9rie de quatorze d\u00e9faites cons\u00e9cutives. C\u2019\u00e9tait tr\u00e8s dur de se motiver \u00e0 chaque nouvelle rencontre. Mentalement, le sursaut de la fin de saison a fait du bien.<\/p>\n<p>Nous sommes descendus, certes, mais la t\u00eate haute. Je garderai tout de m\u00eame de bons souvenirs, notamment la victoire face \u00e0 Provence Rugby (13-12). On est sorti du vestiaire la peur au ventre, et on n\u2019a rien l\u00e2ch\u00e9. Ce fut le match parfait.<\/p>\n<p><strong>Apr\u00e8s toutes ces \u00e9motions, le retour en Nationale n\u2019est-il pas une forme de d\u00e9ception?<\/strong><\/p>\n<p>Pour nous, c\u2019est un nouveau challenge, avec un groupe renouvel\u00e9 et des joueurs qui ne se connaissent pas encore. C\u2019est un beau d\u00e9fi collectif \u00e0 relever.<\/p>\n<p>Il faut que l\u2019osmose prenne, et nous avons, en tant qu\u2019anciens, le r\u00f4le d\u2019int\u00e9grer et de transmettre aux nouveaux, qui poss\u00e8dent de gros CV et beaucoup d\u2019exp\u00e9rience. Tout se passe bien car ce sont des joueurs humbles et \u00e0 l\u2019\u00e9coute.<\/p>\n<p><strong>L\u2019\u00e9tiquette d\u2019ultra-favori sera-t-elle lourde \u00e0 porter?<\/strong><\/p>\n<p>Je n\u2019aime pas trop cette expression d\u2019\u00a0\u00bbultra-favori\u00a0\u00bb. Certes, on ne peut pas avancer cach\u00e9. Favori ou pas, cela importe peu. L\u2019essentiel est de mettre notre jeu en place rapidement et de progresser constamment.<\/p>\n<p>Ce championnat est long &#8211; il dure dix mois &#8211; et tout peut vite \u00eatre remis en question. L\u2019important, c\u2019est de travailler dur physiquement.<\/p>\n<p><strong>Comment se passe le quotidien avec vos nouveaux entra\u00eeneurs?<\/strong><\/p>\n<p>Il n\u2019y a pas de grandes r\u00e9volutions. \u00c7a reste simple, on reste dans le rugby! Chaque entra\u00eeneur a sa propre approche. La diff\u00e9rence notable, c\u2019est que la communication se fait en anglais, et le plus difficile est de s\u2019adapter aux diff\u00e9rents accents.<\/p>\n<p><strong>La concurrence \u00e0 votre poste vous effraie-t-elle ?<\/strong><\/p>\n<p>C\u2019est vrai que le club a fait venir de belles recrues. Cela va nous pousser, tous, \u00e0 \u00e9lever notre niveau. J\u2019ai appris qu\u2019il fallait travailler avant tout sur ses qualit\u00e9s pour se rendre indispensable. La concurrence ne me d\u00e9range pas, tant qu\u2019elle reste saine.<\/p>\n<p>La saison est longue, et un groupe \u00e9largi nous permettra de mieux appr\u00e9hender l\u2019objectif d\u2019atteindre les phases finales. Il faudra de la fra\u00eecheur jusqu\u2019au bout.<\/p>\n","protected":false},"excerpt":{"rendered":"Alors que le championnat de Nationale d\u00e9bute vendredi 22 ao\u00fbt pour les Ni\u00e7ois, qui entreront en piste du&hellip;\n","protected":false},"author":2,"featured_media":331029,"comment_status":"","ping_status":"","sticky":false,"template":"","format":"standard","meta":{"footnotes":""},"categories":[1416],"tags":[1011,27,479,1468,60],"class_list":{"0":"post-331028","1":"post","2":"type-post","3":"status-publish","4":"format-standard","5":"has-post-thumbnail","7":"category-rugby","8":"tag-fr","9":"tag-france","10":"tag-rugby","11":"tag-rugby-football","12":"tag-sports"},"share_on_mastodon":{"url":"https:\/\/pubeurope.com\/@fr\/115059822740793004","error":""},"_links":{"self":[{"href":"https:\/\/www.europesays.com\/fr\/wp-json\/wp\/v2\/posts\/331028","targetHints":{"allow":["GET"]}}],"collection":[{"href":"https:\/\/www.europesays.com\/fr\/wp-json\/wp\/v2\/posts"}],"about":[{"href":"https:\/\/www.europesays.com\/fr\/wp-json\/wp\/v2\/types\/post"}],"author":[{"embeddable":true,"href":"https:\/\/www.europesays.com\/fr\/wp-json\/wp\/v2\/users\/2"}],"replies":[{"embeddable":true,"href":"https:\/\/www.europesays.com\/fr\/wp-json\/wp\/v2\/comments?post=331028"}],"version-history":[{"count":0,"href":"https:\/\/www.europesays.com\/fr\/wp-json\/wp\/v2\/posts\/331028\/revisions"}],"wp:featuredmedia":[{"embeddable":true,"href":"https:\/\/www.europesays.com\/fr\/wp-json\/wp\/v2\/media\/331029"}],"wp:attachment":[{"href":"https:\/\/www.europesays.com\/fr\/wp-json\/wp\/v2\/media?parent=331028"}],"wp:term":[{"taxonomy":"category","embeddable":true,"href":"https:\/\/www.europesays.com\/fr\/wp-json\/wp\/v2\/categories?post=331028"},{"taxonomy":"post_tag","embeddable":true,"href":"https:\/\/www.europesays.com\/fr\/wp-json\/wp\/v2\/tags?post=331028"}],"curies":[{"name":"wp","href":"https:\/\/api.w.org\/{rel}","templated":true}]}}