{"id":331030,"date":"2025-08-20T07:05:10","date_gmt":"2025-08-20T07:05:10","guid":{"rendered":"https:\/\/www.europesays.com\/fr\/331030\/"},"modified":"2025-08-20T07:05:10","modified_gmt":"2025-08-20T07:05:10","slug":"malgre-son-forfait-pour-lus-open-terence-atmane-recoit-un-beau-cadeau-des-organisateurs","status":"publish","type":"post","link":"https:\/\/www.europesays.com\/fr\/331030\/","title":{"rendered":"malgr\u00e9 son forfait pour l&rsquo;US Open, Terence Atmane re\u00e7oit un beau cadeau des organisateurs"},"content":{"rendered":"<p>Collectionneur de cartes Pok\u00e9mon, le Fran\u00e7ais Terence Atmane en a re\u00e7u une \u00e0 son effigie ce mardi, r\u00e9alis\u00e9e et envoy\u00e9e par les organisateurs de l&rsquo;US Open.<\/p>\n<p>Un beau cadeau pour un passionn\u00e9. Sensation du Masters 1 000 de Cincinnati, o\u00f9 il a \u00e9chou\u00e9 lors des demi-finales face \u00e0<a href=\"https:\/\/rmcsport.bfmtv.com\/tennis\/us-open\/tennis-sinner-assure-qu-il-jouera-l-us-open-apres-son-abandon-a-cincinnati_AV-202508190138.html\" title=\"Tennis: Sinner assure qu&#039;il jouera l&#039;US Open apr\u00e8s son abandon \u00e0 Cincinnati\" class=\"internal_link\" rel=\"nofollow noopener\" target=\"_blank\"> Jannik Sinner<\/a>, Terence Atmane a \u00e9t\u00e9 contraint de d\u00e9clarer forfait lundi pour l&rsquo;US Open. Avant les qualifications, le Fran\u00e7ais s&rsquo;est retir\u00e9 pour cause de blessure. Pour autant, le joueur de 23 ans a partag\u00e9 sur ses r\u00e9seaux sociaux le cadeau envoy\u00e9 par les organisateurs du dernier tournoi du Grand Chelem de la saison.<\/p>\n<p>\u00ab\u00a0Bienvenue \u00e0 New York\u00a0\u00bb<\/p>\n<p>L&rsquo;US Open a envoy\u00e9 une<a href=\"https:\/\/rmcsport.bfmtv.com\/tennis\/masters-1000\/tennis-j-avais-un-tres-beau-pikachu-terence-atmane-explique-pourquoi-il-a-offert-une-carte-pokemon-a-jannik-sinner-a-cincinnati_AV-202508170212.html\" title=\"Tennis: &quot;J\u2019avais un tr\u00e8s beau Pikachu&quot;, T\u00e9rence Atmane explique pourquoi il a offert une carte Pok\u00e9mon \u00e0 Jannik Sinner \u00e0 Cincinnati\" class=\"internal_link\" rel=\"nofollow noopener\" target=\"_blank\"> carte Pok\u00e9mon \u00e0 Terence Atmane<\/a>, \u00e0 son effigie. \u00ab\u00a0Bienvenue \u00e0 New York, Terence! Attrapez-les tous!\u00a0\u00bb, peut-on lire sur le message fourni. En marge de sa demi-finale face \u00e0 Sinner dans l&rsquo;Ohio, le Fran\u00e7ais avait lui-m\u00eame offert une carte Pok\u00e9mon de sa grande collection \u00e0 l&rsquo;Italien, afin de c\u00e9l\u00e9brer l&rsquo;anniversaire de son adversaire.<\/p>\n<p>Ce mardi, Terence Atmane a expliqu\u00e9 par ailleurs qu&rsquo;il souffrait de trois blessures, l&rsquo;obligeant \u00e0 d\u00e9clarer forfait pour l&rsquo;US Open : \u00ab\u00a0Apr\u00e8s une IRM du pied hier (lundi) \u00e0 New York, nous avons d\u00e9tect\u00e9 une d\u00e9chirure partielle de grade interm\u00e9diaire du ligament collat\u00e9ral m\u00e9dial de l&rsquo;articulation MTP du premier orteil, une l\u00e9sion musculaire de grade 2 touchant la t\u00eate m\u00e9diale du muscle court fl\u00e9chisseur de l&rsquo;hallux (le gros orteil), une d\u00e9chirure partielle de faible grade du ligament phalangien s\u00e9samo\u00efdien m\u00e9dial (\u00e0 proximit\u00e9 du gros orteil).\u00a0\u00bb<\/p>\n<p>68e mondial \u00e0 l&rsquo;issue du Masters 1 000 de Cincinnati, Terence Atmane donne d\u00e9sormais rendez-vous pour la tourn\u00e9e asiatique. \u00ab\u00a0On se retrouve \u00e0 Chengdu\u00a0\u00bb, a lanc\u00e9 le Boulonnais. Ce tournoi ATP 250, en Chine, se tiendra du 17 au 23 septembre.<\/p>\n","protected":false},"excerpt":{"rendered":"Collectionneur de cartes Pok\u00e9mon, le Fran\u00e7ais Terence Atmane en a re\u00e7u une \u00e0 son effigie ce mardi, r\u00e9alis\u00e9e&hellip;\n","protected":false},"author":2,"featured_media":319330,"comment_status":"","ping_status":"","sticky":false,"template":"","format":"standard","meta":{"footnotes":""},"categories":[1415],"tags":[1011,27,60,1467],"class_list":{"0":"post-331030","1":"post","2":"type-post","3":"status-publish","4":"format-standard","5":"has-post-thumbnail","7":"category-tennis","8":"tag-fr","9":"tag-france","10":"tag-sports","11":"tag-tennis"},"share_on_mastodon":{"url":"https:\/\/pubeurope.com\/@fr\/115059826569235426","error":""},"_links":{"self":[{"href":"https:\/\/www.europesays.com\/fr\/wp-json\/wp\/v2\/posts\/331030","targetHints":{"allow":["GET"]}}],"collection":[{"href":"https:\/\/www.europesays.com\/fr\/wp-json\/wp\/v2\/posts"}],"about":[{"href":"https:\/\/www.europesays.com\/fr\/wp-json\/wp\/v2\/types\/post"}],"author":[{"embeddable":true,"href":"https:\/\/www.europesays.com\/fr\/wp-json\/wp\/v2\/users\/2"}],"replies":[{"embeddable":true,"href":"https:\/\/www.europesays.com\/fr\/wp-json\/wp\/v2\/comments?post=331030"}],"version-history":[{"count":0,"href":"https:\/\/www.europesays.com\/fr\/wp-json\/wp\/v2\/posts\/331030\/revisions"}],"wp:featuredmedia":[{"embeddable":true,"href":"https:\/\/www.europesays.com\/fr\/wp-json\/wp\/v2\/media\/319330"}],"wp:attachment":[{"href":"https:\/\/www.europesays.com\/fr\/wp-json\/wp\/v2\/media?parent=331030"}],"wp:term":[{"taxonomy":"category","embeddable":true,"href":"https:\/\/www.europesays.com\/fr\/wp-json\/wp\/v2\/categories?post=331030"},{"taxonomy":"post_tag","embeddable":true,"href":"https:\/\/www.europesays.com\/fr\/wp-json\/wp\/v2\/tags?post=331030"}],"curies":[{"name":"wp","href":"https:\/\/api.w.org\/{rel}","templated":true}]}}