{"id":331037,"date":"2025-08-20T07:10:16","date_gmt":"2025-08-20T07:10:16","guid":{"rendered":"https:\/\/www.europesays.com\/fr\/331037\/"},"modified":"2025-08-20T07:10:16","modified_gmt":"2025-08-20T07:10:16","slug":"adieux-au-real-madrid-le-geste-fort-de-kylian-mbappe","status":"publish","type":"post","link":"https:\/\/www.europesays.com\/fr\/331037\/","title":{"rendered":"Adieux au Real Madrid\u00a0: Le geste fort de Kylian Mbapp\u00e9"},"content":{"rendered":"<p>                    Bernard Colas<br \/>\n                        &#8211;<\/p>\n<p>Journaliste<\/p>\n<p>Passionn\u00e9 de sport, de cin\u00e9ma et de t\u00e9l\u00e9vision (\u00e0 l\u2019\u00e9cran comme derri\u00e8re) depuis son enfance, Bernard est journaliste pour le 10 Sport depuis 2018. Plus habile clavier en main que ballon au pied, il d\u00e9cide de couvrir principalement un sport adul\u00e9, critiqu\u00e9 et d\u00e9test\u00e9 \u00e0 la fois (le football) et un sport qui n\u2019en est pas un (le catch).<\/p>\n<p class=\"heading\">Durant le mois de juillet, quelques jours apr\u00e8s la fin de la Coupe du monde des clubs, le Real Madrid a rendu hommage \u00e0 Lucas Vazquez, quittant le club apr\u00e8s avoir disput\u00e9 402 matches sous les couleurs merengue. Une c\u00e9r\u00e9monie \u00e0 laquelle assista Kylian Mbapp\u00e9, pourtant en vacances. Un geste appr\u00e9ci\u00e9 par la Casa Blanca.<\/p>\n<p>L\u2019intersaison du <strong>Real Madrid<\/strong> fut notamment marqu\u00e9e par le d\u00e9part de <strong>Luka Modric<\/strong>, quittant la Casa Blanca apr\u00e8s 13 ans de bons et loyaux services. Mais le club a \u00e9galement vu partir une autre de ses figures en la personne de <strong>Lucas Vazquez<\/strong>, arriv\u00e9 en 2007 \u00e0 l\u2019\u00e2ge de 16 ans. Une c\u00e9r\u00e9monie d\u2019hommage en son honneur fut organis\u00e9e durant l\u2019\u00e9t\u00e9, avec la pr\u00e9sence deux joueurs du <strong>Real Madrid<\/strong>, dont <a href=\"https:\/\/le10sport.com\/football\/kylian-mbappe-la-rencontre-qui-la-fait-mourir-de-rire-754705\" rel=\"nofollow noopener\" target=\"_blank\">Kylian Mbapp\u00e9<\/a>.<\/p>\n<p>                                            Mbapp\u00e9 pr\u00e9sent pour Vazquez<\/p>\n<p>L\u2019ancienne star du <strong>PSG <\/strong>a bri\u00e8vement interrompu ses vacances pour assister \u00e0 la c\u00e9r\u00e9monie organis\u00e9e par le <strong>Real Madrid<\/strong>, un joli geste qui fut appr\u00e9ci\u00e9 en interne comme l\u2019explique Le Parisien ce mardi. <strong>Andriy Lunin<\/strong> fut l\u2019autre Madril\u00e8ne pr\u00e9sent ce jour-l\u00e0 \u00e0 Valdebebas.<\/p>\n<p>                                            \u00ab L\u2019exemple parfait d&rsquo;un joueur issu du centre de formation\u00a0\u00bb<\/p>\n<p>\u00ab\u00a0Lucas V\u00e1zquez repr\u00e9sente le miroir dans lequel tous les jeunes joueurs form\u00e9s au club doivent se regarder, avait salu\u00e9 le pr\u00e9sident <strong>Florentino P\u00e9rez<\/strong>. Tu es l&rsquo;exemple parfait d&rsquo;un joueur issu du centre de formation du Real Madrid. Et tu le m\u00e9rites, cher Lucas, pour ton professionnalisme, pour ton r\u00f4le dans l&rsquo;int\u00e9gration des jeunes et des nouveaux joueurs qui arrivaient dans notre club. Pour ta loyaut\u00e9 et ton respect envers tes co\u00e9quipiers et tes entra\u00eeneurs, et pour ton d\u00e9vouement envers notre club et nos supporters qui ne t&rsquo;oublieront jamais\u00a0\u00bb.<\/p>\n","protected":false},"excerpt":{"rendered":"Bernard Colas &#8211; Journaliste Passionn\u00e9 de sport, de cin\u00e9ma et de t\u00e9l\u00e9vision (\u00e0 l\u2019\u00e9cran comme derri\u00e8re) depuis son&hellip;\n","protected":false},"author":2,"featured_media":331038,"comment_status":"","ping_status":"","sticky":false,"template":"","format":"standard","meta":{"footnotes":""},"categories":[1410],"tags":[63,1011,27,60],"class_list":{"0":"post-331037","1":"post","2":"type-post","3":"status-publish","4":"format-standard","5":"has-post-thumbnail","7":"category-football","8":"tag-football","9":"tag-fr","10":"tag-france","11":"tag-sports"},"share_on_mastodon":{"url":"https:\/\/pubeurope.com\/@fr\/115059846344632961","error":""},"_links":{"self":[{"href":"https:\/\/www.europesays.com\/fr\/wp-json\/wp\/v2\/posts\/331037","targetHints":{"allow":["GET"]}}],"collection":[{"href":"https:\/\/www.europesays.com\/fr\/wp-json\/wp\/v2\/posts"}],"about":[{"href":"https:\/\/www.europesays.com\/fr\/wp-json\/wp\/v2\/types\/post"}],"author":[{"embeddable":true,"href":"https:\/\/www.europesays.com\/fr\/wp-json\/wp\/v2\/users\/2"}],"replies":[{"embeddable":true,"href":"https:\/\/www.europesays.com\/fr\/wp-json\/wp\/v2\/comments?post=331037"}],"version-history":[{"count":0,"href":"https:\/\/www.europesays.com\/fr\/wp-json\/wp\/v2\/posts\/331037\/revisions"}],"wp:featuredmedia":[{"embeddable":true,"href":"https:\/\/www.europesays.com\/fr\/wp-json\/wp\/v2\/media\/331038"}],"wp:attachment":[{"href":"https:\/\/www.europesays.com\/fr\/wp-json\/wp\/v2\/media?parent=331037"}],"wp:term":[{"taxonomy":"category","embeddable":true,"href":"https:\/\/www.europesays.com\/fr\/wp-json\/wp\/v2\/categories?post=331037"},{"taxonomy":"post_tag","embeddable":true,"href":"https:\/\/www.europesays.com\/fr\/wp-json\/wp\/v2\/tags?post=331037"}],"curies":[{"name":"wp","href":"https:\/\/api.w.org\/{rel}","templated":true}]}}