{"id":331043,"date":"2025-08-20T07:13:12","date_gmt":"2025-08-20T07:13:12","guid":{"rendered":"https:\/\/www.europesays.com\/fr\/331043\/"},"modified":"2025-08-20T07:13:12","modified_gmt":"2025-08-20T07:13:12","slug":"quest-ce-qui-vous-fait-rever-ledito-de-carole-boinet","status":"publish","type":"post","link":"https:\/\/www.europesays.com\/fr\/331043\/","title":{"rendered":"Qu\u2019est-ce qui vous fait r\u00eaver ?, l\u2019\u00e9dito de\u00a0Carole Boinet"},"content":{"rendered":"<p>La rentr\u00e9e litt\u00e9raire nous permet de d\u00e9couvrir une nouvelle g\u00e9n\u00e9ration d\u2019auteur\u00b7rices enthousiasmant\u00b7es, d\u2019\u00e9tablir de nouvelles connexions et de r\u00e9pondre \u00e0 de nombreux questionnements.<\/p>\n<p>Ce qu\u2019il y a d\u2019enthousiasmant, c\u2019est de voir autant de nouveaux r\u00e9cits, de nouvelles signatures d\u00e9mentes en cette rentr\u00e9e litt\u00e9raire. C\u2019est tr\u00e8s enthousiasmant, puisqu\u2019on aurait pu partir du principe qu\u2019avec l\u2019explosion des r\u00e9seaux sociaux, des nouveaux modes de consommation de \u201ccontenus\u201d, les\u00a0livres dispara\u00eetraient. Comme si les uns s\u2019opposaient aux\u00a0autres.<\/p>\n<p>Alors oui, la\u00a0lecture tend \u00e0\u00a0d\u00e9cro\u00eetre, c\u2019est\u00a0certain. Mais l\u2019app\u00e9tence des auteurs et\u00a0autrices, elle, ne\u00a0faiblit pas. Des jeunes gens se disent toujours, aujourd\u2019hui, que la\u00a0forme litt\u00e9raire est la\u00a0mieux \u00e0\u00a0m\u00eame d\u2019exprimer ce qu\u2019ils et elles souhaitent dire, crier, hurler. Qu\u2019il n\u2019y a qu\u2019\u00e0 cet endroit-l\u00e0 qu\u2019ils et\u00a0elles peuvent le faire. \u00c7a, c\u2019est enthousiasmant. Non\u00a0pas qu\u2019il s\u2019agisse de pr\u00e9server une forme pour\u00a0laisser un monde ancien intact, dans un mouvement nostalgique, voire conservateur. Non, il ne s\u2019agit pas de \u00e7a, du tout. Mais plut\u00f4t de d\u00e9fendre un espace aux fronti\u00e8res tr\u00e8s troubles, tr\u00e8s poreuses, qui permet \u00e0\u00a0l\u2019\u00e9criture et donc \u00e0 la lecture de surgir.<\/p>\n<p>Personnellement, je ne connais pas beaucoup de sensations aussi fortes que celle de la lecture. Que ces mots sur une page qui me plongent instantan\u00e9ment dans la peau de quelqu\u2019un\u00b7e, dans sa fa\u00e7on de r\u00e9fl\u00e9chir, de respirer, d\u2019aimer, de souffrir, de voir. Ces mots sur une page qui me donnent \u00e0 voir l\u2019autre, enfin. Cette connexion avec un\u00b7e inconnu\u00b7e qui se cr\u00e9e, quasi instantan\u00e9ment, avec la langue qui n\u2019est jamais la m\u00eame, qui se d\u00e9ploie \u00e0 des rythmes profond\u00e9ment diff\u00e9rents.<\/p>\n<p>Duras aimait Proust, car il lui permettait d\u2019\u00eatre Proust en lisant ses livres\u00a0: \u201cProust, c\u2019est moi lorsque je lis \u00c0 l\u2019ombre des jeunes filles en fleurs. C\u2019est en cela qu\u2019on pourrait dire que\u00a0quand on lit Proust, on l\u2019\u00e9crit, on a le sentiment de l\u2019\u00e9criture, on participe, en somme, et au monde de Proust\u00a0et \u00e0 sa mise en \u0153uvre. On rentre dans l\u2019univers par les portes laiss\u00e9es ouvertes par lui.\u201d\u2009* Rien \u00e0 ajouter.<\/p>\n<p>En cette rentr\u00e9e litt\u00e9raire, l\u2019enthousiasme est donc l\u00e0, foudroyant. C\u2019est pourquoi nous avons choisi de mettre en avant une \u201cnouvelle vague\u201d d\u2019auteurs et d\u2019autrices, dont les premiers ou second livres bousculent la\u00a0mati\u00e8re, la\u00a0pens\u00e9e, le\u00a0regard sur le\u00a0monde que nous habitons. Des livres qui bien souvent sont des autofictions, la\u00a0fiction permettant d\u00e9sormais d\u2019emmener le r\u00e9cit de soi plus loin, plus fort. Comme le dit Rebeka\u00a0Warrior, qui publie son premier livre\u00a0: \u201cLe\u00a0r\u00e9el n\u2019existe pas quand on \u00e9crit. C\u2019est\u00a0impossible de r\u00e9\u00e9crire le r\u00e9el. Il est de facto d\u00e9form\u00e9.\u201d Autant de regards corrosifs, d\u00e9cal\u00e9s, novateurs. Car, ne l\u2019oublions jamais, la litt\u00e9rature est \u2013\u00a0tout autant que l\u2019intime\u00a0\u2013 politique.<\/p>\n<p>C\u2019est pr\u00e9cis\u00e9ment ce qui m\u2019a plu chez Salom\u00e9 Lahoche, jeune autrice de\u00a0BD d\u00e9couverte au d\u00e9tour de son compte Instagram avant que je ne d\u00e9vore ses livres. En se racontant, Salom\u00e9 Lahoche raconte une\u00a0\u00e9poque, avec ses paradoxes, sa violence politique\u2026 Je\u00a0suis ravie qu\u2019elle rejoigne ces pages avec une chronique mensuelle sous forme d\u2019ab\u00e9c\u00e9daire piquant et touchant.<\/p>\n<p>De politique, il est question dans notre grand entretien avec l\u2019humoriste Malik Bentalha, qui s\u2019oppose au\u00a0syst\u00e8me Bollor\u00e9, au\u00a0tout-capitalisme, et\u00a0d\u00e9fend avec ferveur la\u00a0libert\u00e9 d\u2019expression. Interrog\u00e9 sur le titre de son ouvrage Tu cherches quoi\u2009?, Adrien\u00a0Le\u00a0Bot, l\u2019un des auteurs de\u00a0la\u00a0rentr\u00e9e, r\u00e9pond\u00a0: \u201cOn cherche, je\u00a0cherche, quelque chose, mais quoi\u2009? C\u2019est aussi une question dont j\u2019aimerais qu\u2019elle se retourne vers mon lectorat. Qu\u2019est-ce qui alimente votre curiosit\u00e9\u2009? Qu\u2019est-ce qui vous d\u00e9range dans toutes ces histoires, qu\u2019est-ce qui vous fait r\u00eaver\u2009?\u201d Je me joins \u00e0 lui pour vous adresser ces questions, \u00e0 deux ans de la prochaine \u00e9lection pr\u00e9sidentielle.<\/p>\n<p>* dans Le\u00a0Dernier des m\u00e9tiers \u2013\u00a0Entretiens (1962-1991) de Marguerite Duras (Seuil).<\/p>\n","protected":false},"excerpt":{"rendered":"La rentr\u00e9e litt\u00e9raire nous permet de d\u00e9couvrir une nouvelle g\u00e9n\u00e9ration d\u2019auteur\u00b7rices enthousiasmant\u00b7es, d\u2019\u00e9tablir de nouvelles connexions et de&hellip;\n","protected":false},"author":2,"featured_media":331044,"comment_status":"","ping_status":"","sticky":false,"template":"","format":"standard","meta":{"footnotes":""},"categories":[1357],"tags":[1379,8716,58,59,1011,27,1380],"class_list":{"0":"post-331043","1":"post","2":"type-post","3":"status-publish","4":"format-standard","5":"has-post-thumbnail","7":"category-livres","8":"tag-books","9":"tag-cafeyn","10":"tag-divertissement","11":"tag-entertainment","12":"tag-fr","13":"tag-france","14":"tag-livres"},"share_on_mastodon":{"url":"https:\/\/pubeurope.com\/@fr\/115059858302875636","error":""},"_links":{"self":[{"href":"https:\/\/www.europesays.com\/fr\/wp-json\/wp\/v2\/posts\/331043","targetHints":{"allow":["GET"]}}],"collection":[{"href":"https:\/\/www.europesays.com\/fr\/wp-json\/wp\/v2\/posts"}],"about":[{"href":"https:\/\/www.europesays.com\/fr\/wp-json\/wp\/v2\/types\/post"}],"author":[{"embeddable":true,"href":"https:\/\/www.europesays.com\/fr\/wp-json\/wp\/v2\/users\/2"}],"replies":[{"embeddable":true,"href":"https:\/\/www.europesays.com\/fr\/wp-json\/wp\/v2\/comments?post=331043"}],"version-history":[{"count":0,"href":"https:\/\/www.europesays.com\/fr\/wp-json\/wp\/v2\/posts\/331043\/revisions"}],"wp:featuredmedia":[{"embeddable":true,"href":"https:\/\/www.europesays.com\/fr\/wp-json\/wp\/v2\/media\/331044"}],"wp:attachment":[{"href":"https:\/\/www.europesays.com\/fr\/wp-json\/wp\/v2\/media?parent=331043"}],"wp:term":[{"taxonomy":"category","embeddable":true,"href":"https:\/\/www.europesays.com\/fr\/wp-json\/wp\/v2\/categories?post=331043"},{"taxonomy":"post_tag","embeddable":true,"href":"https:\/\/www.europesays.com\/fr\/wp-json\/wp\/v2\/tags?post=331043"}],"curies":[{"name":"wp","href":"https:\/\/api.w.org\/{rel}","templated":true}]}}