{"id":331047,"date":"2025-08-20T07:15:26","date_gmt":"2025-08-20T07:15:26","guid":{"rendered":"https:\/\/www.europesays.com\/fr\/331047\/"},"modified":"2025-08-20T07:15:26","modified_gmt":"2025-08-20T07:15:26","slug":"joakim-broden-explique-linspiration-derriere-lalbum-legends-de-sabaton","status":"publish","type":"post","link":"https:\/\/www.europesays.com\/fr\/331047\/","title":{"rendered":"Joakim Brod\u00e9n explique l\u2019inspiration derri\u00e8re l\u2019album Legends de Sabaton"},"content":{"rendered":"<p><strong>Joakim Brod\u00e9n a d\u00e9voil\u00e9 les sources d\u2019inspiration derri\u00e8re les paroles de l\u2019album Legends, attendu le 17 octobre, marquant une nouvelle \u00e9tape dans l\u2019histoire de <a href=\"https:\/\/www.metalzone.fr\/sabaton\/\" rel=\"nofollow noopener\" target=\"_blank\">Sabaton<\/a>.<\/strong><\/p>\n<p>Joakim Brod\u00e9n parle de l\u2019\u00e9criture de Legends<\/p>\n<p>Dans une interview accord\u00e9e \u00e0 <a href=\"https:\/\/www.youtube.com\/watch?v=7Cjevl2TJZM\" target=\"_blank\" rel=\"nofollow noopener\">Jai That Aussie Metal Guy<\/a>, le chanteur a expliqu\u00e9 que le groupe souhaitait s\u2019\u00e9loigner de la Premi\u00e8re Guerre mondiale, th\u00e9matique explor\u00e9e en profondeur sur ses derniers disques : \u201cNous voulions faire quelque chose de diff\u00e9rent. Nous avons d\u00e9j\u00e0 couvert des conflits modernes, il \u00e9tait temps d\u2019\u00e9largir notre r\u00e9pertoire et de nous tourner vers d\u2019autres \u00e9poques\u201d, a-t-il d\u00e9clar\u00e9. Brod\u00e9n a ajout\u00e9 que cette orientation offrait plus de libert\u00e9 cr\u00e9ative et permettait d\u2019int\u00e9grer des figures historiques moins connues dans la culture scandinave, telles que le ma\u00eetre d\u2019armes japonais Miyamoto Musashi.<\/p>\n<p>Le chanteur a \u00e9galement confi\u00e9 que, pour la premi\u00e8re fois, chaque membre du groupe avait contribu\u00e9 \u00e0 l\u2019\u00e9criture. Une dynamique qui, selon lui, a surtout eu pour effet de r\u00e9duire le temps pass\u00e9 \u00e0 composer seul.<\/p>\n<p>Un hommage aux grandes figures de l\u2019Histoire<\/p>\n<p>Avec Legends, Sabaton retrace le parcours de personnages embl\u00e9matiques tels que Jeanne d\u2019Arc, Napol\u00e9on Bonaparte, Jules C\u00e9sar ou encore Hannibal. L\u2019album, qui succ\u00e8de \u00e0 The War To End All Wars, se veut une fresque musicale o\u00f9 r\u00e9cits historiques et puissance \u00e9pique se rejoignent. Comme d\u00e9taill\u00e9 <a href=\"https:\/\/www.metalzone.fr\/news\/218059-sabaton-nouvel-album-legends-deux-singles\/\" target=\"_blank\" rel=\"noopener nofollow\">dans cet article<\/a>, chaque \u00e9dition vinyle mettra en avant une figure l\u00e9gendaire, \u00e0 l\u2019image de la Miyamoto Musashi Edition ou de la Hannibal Edition.<\/p>\n<p>Les pr\u00e9commandes sont ouvertes, tandis que Sabaton pr\u00e9pare The Legendary Tour, qui passera notamment par Paris et Lyon \u00e0 la fin novembre, ainsi que par la Suisse, la Belgique et le Luxembourg.<\/p><\/p>\n","protected":false},"excerpt":{"rendered":"Joakim Brod\u00e9n a d\u00e9voil\u00e9 les sources d\u2019inspiration derri\u00e8re les paroles de l\u2019album Legends, attendu le 17 octobre, marquant&hellip;\n","protected":false},"author":2,"featured_media":331048,"comment_status":"","ping_status":"","sticky":false,"template":"","format":"standard","meta":{"footnotes":""},"categories":[1355],"tags":[58,59,1011,27,1361,873],"class_list":{"0":"post-331047","1":"post","2":"type-post","3":"status-publish","4":"format-standard","5":"has-post-thumbnail","7":"category-musique","8":"tag-divertissement","9":"tag-entertainment","10":"tag-fr","11":"tag-france","12":"tag-music","13":"tag-musique"},"share_on_mastodon":{"url":"https:\/\/pubeurope.com\/@fr\/115059866037168747","error":""},"_links":{"self":[{"href":"https:\/\/www.europesays.com\/fr\/wp-json\/wp\/v2\/posts\/331047","targetHints":{"allow":["GET"]}}],"collection":[{"href":"https:\/\/www.europesays.com\/fr\/wp-json\/wp\/v2\/posts"}],"about":[{"href":"https:\/\/www.europesays.com\/fr\/wp-json\/wp\/v2\/types\/post"}],"author":[{"embeddable":true,"href":"https:\/\/www.europesays.com\/fr\/wp-json\/wp\/v2\/users\/2"}],"replies":[{"embeddable":true,"href":"https:\/\/www.europesays.com\/fr\/wp-json\/wp\/v2\/comments?post=331047"}],"version-history":[{"count":0,"href":"https:\/\/www.europesays.com\/fr\/wp-json\/wp\/v2\/posts\/331047\/revisions"}],"wp:featuredmedia":[{"embeddable":true,"href":"https:\/\/www.europesays.com\/fr\/wp-json\/wp\/v2\/media\/331048"}],"wp:attachment":[{"href":"https:\/\/www.europesays.com\/fr\/wp-json\/wp\/v2\/media?parent=331047"}],"wp:term":[{"taxonomy":"category","embeddable":true,"href":"https:\/\/www.europesays.com\/fr\/wp-json\/wp\/v2\/categories?post=331047"},{"taxonomy":"post_tag","embeddable":true,"href":"https:\/\/www.europesays.com\/fr\/wp-json\/wp\/v2\/tags?post=331047"}],"curies":[{"name":"wp","href":"https:\/\/api.w.org\/{rel}","templated":true}]}}