{"id":331055,"date":"2025-08-20T07:19:21","date_gmt":"2025-08-20T07:19:21","guid":{"rendered":"https:\/\/www.europesays.com\/fr\/331055\/"},"modified":"2025-08-20T07:19:21","modified_gmt":"2025-08-20T07:19:21","slug":"linfluenceuse-emma-paris-trompee-avec-une-detenue-fichee-s-gerald-darmanin-lance-une-enquete","status":"publish","type":"post","link":"https:\/\/www.europesays.com\/fr\/331055\/","title":{"rendered":"L\u2019influenceuse Emma Paris tromp\u00e9e avec une d\u00e9tenue fich\u00e9e S\u00a0? G\u00e9rald Darmanin lance une enqu\u00eate"},"content":{"rendered":"<p>        <img decoding=\"async\" loading=\"lazy\" src=\"https:\/\/www.europesays.com\/fr\/wp-content\/uploads\/2025\/08\/e63c37f_upload-1-wzwuzqdhwsc5-emma-paris.png\"  width=\"728\" height=\"410\" alt=\"L\u2019influenceuse Emma Paris accuse son ex-fianc\u00e9e, Clara, d\u2019avoir une relation avec une d\u00e9tenue \u00ab\u00a0radicalis\u00e9e\u00a0\u00bb et \u00ab\u00a0fich\u00e9e S\u00a0\u00bb, rencontr\u00e9e en prison.\"\/>  <\/p>\n<p>Capture d\u2019\u00e9cran &#8211; Instagram<\/p>\n<p>L\u2019influenceuse Emma Paris accuse son ex-fianc\u00e9e, Clara, d\u2019avoir une relation avec une d\u00e9tenue \u00ab\u00a0radicalis\u00e9e\u00a0\u00bb et \u00ab\u00a0fich\u00e9e S\u00a0\u00bb, rencontr\u00e9e en prison.<\/p>\n<p class=\"asset asset-text\">FRANCE &#8211; Ce qui ressemblait \u00e0 une simple histoire people en deux <a href=\"https:\/\/www.huffingtonpost.fr\/divertissement\/article\/lena-situations-n-a-pas-fait-appel-a-n-importe-qui-pour-lancer-ses-vlogs-d-aouts-qui-cartonnent-chaque-ete_253235.html\" target=\"_blank\" rel=\"noopener\">influenceuses<\/a> est en train de prendre un tour bien plus s\u00e9rieux. Alors que l\u2019influenceuse Emma Paris, anciennement connue sous le pseudonyme Emma CakeCup et de son vrai nom Emma Charatz, accuse sa fianc\u00e9e de l\u2019avoir tromp\u00e9e avec une d\u00e9tenue \u00ab\u00a0fich\u00e9e S\u00a0\u00bb et \u00ab\u00a0radicalis\u00e9e\u00a0\u00bb, le garde des Sceaux, <a href=\"https:\/\/www.huffingtonpost.fr\/politique\/article\/on-va-dans-le-mur-le-projet-de-big-bang-judiciaire-de-darmanin-critique-par-les-magistrats_253094.html\" target=\"_blank\" rel=\"noopener\">G\u00e9rald Darmanin<\/a>, a r\u00e9agi en personne \u00e0 cette affaire.<\/p>\n<p class=\"asset asset-text\">S\u2019il a invit\u00e9 \u00e0 faire \u00ab\u00a0attention aux rumeurs\u00a0\u00bb, le ministre de la Justice a annonc\u00e9 mardi 19\u00a0ao\u00fbt en marge d\u2019un d\u00e9placement qu\u2019il avait \u00ab\u00a0demand\u00e9 une enqu\u00eate administrative pour savoir si les faits sont vrais\u00a0\u00bb, tout en pr\u00e9cisant que celle-ci sera rendue \u00ab\u00a0publique\u00a0\u00bb.<\/p>\n<p class=\"asset asset-text\">Tout est parti d\u2019une vid\u00e9o publi\u00e9e sur les r\u00e9seaux sociaux d\u2019Emma Paris le 17\u00a0ao\u00fbt, \u00e0 propos de sa fianc\u00e9e, Clara, \u00e9galement tr\u00e8s suivie sur les r\u00e9seaux sociaux sous le pseudonyme de JustPyramid. \u00ab\u00a0Je d\u00e9cide de faire cette vid\u00e9o pour que tout le monde voie son vrai visage\u00a0\u00bb, explique-t-elle, avant de raconter plus en d\u00e9tail sa rupture.<\/p>\n<p> La lecture de ce contenu est susceptible d\u2019entra\u00eener un d\u00e9p\u00f4t de cookies de la part de l\u2019op\u00e9rateur tiers qui l\u2019h\u00e9berge. Compte-tenu des choix que vous avez exprim\u00e9s en mati\u00e8re de d\u00e9p\u00f4t de cookies, nous avons bloqu\u00e9 l\u2019affichage de ce contenu. Si vous souhaitez y acc\u00e9der, vous devez accepter la cat\u00e9gorie de cookies \u201cContenus tiers\u201d en cliquant sur le bouton ci-dessous. <\/p>\n<p> Lire la Vid\u00e9o        <\/p>\n<p class=\"asset asset-text\">Elle raconte alors l\u2019interpellation de son ex-fianc\u00e9e dans leur domicile, puis son incarc\u00e9ration en janvier dernier \u00e0 la prison de Carquefou (Loire-Atlantique) pour trafic de stup\u00e9fiants et blanchiment d\u2019argent. Selon son r\u00e9cit, elle explique se rendre de fa\u00e7on hebdomadaire au parloir. \u00ab\u00a0Je ne pensais jamais vivre \u00e7a de ma vie, mais j\u2019\u00e9tais pr\u00eate \u00e0 le faire pour Clara parce que je l\u2019aime plus que tout\u00a0\u00bb, raconte-t-elle dans sa vid\u00e9o.<\/p>\n<p>                     Des conditions de d\u00e9tention qui posent question    <\/p>\n<p class=\"asset asset-text\">Mais tout vole en \u00e9clat lors de la remise en libert\u00e9 de Clara, le 14\u00a0ao\u00fbt dernier. Car si elle avait d\u00e9j\u00e0 eu des soup\u00e7ons durant les sept mois d\u2019incarc\u00e9ration, Emma Charatz est d\u00e9sormais convaincue que sa fianc\u00e9e l\u2019a tromp\u00e9e avec une autre d\u00e9tenue&#8230; ayant \u00ab\u00a0pass\u00e9 10\u00a0ans en Syrie\u00a0\u00bb pour suivre un homme, et qui serait \u00ab\u00a0radicalis\u00e9e et fich\u00e9e S\u00a0\u00bb, selon ses dires.<\/p>\n<p class=\"asset asset-text\">Cette derni\u00e8re, \u00ab\u00a0Lise\u00a0\u00bb, avait \u00e9t\u00e9 interpell\u00e9e \u00e0 son retour en France, puis incarc\u00e9r\u00e9e. Mais l\u2019histoire entre JustPyramid et cette d\u00e9tenue aurait continu\u00e9 \u00e0 la sortie de l\u2019influenceuse de prison. \u00ab\u00a0M\u00eame pas 12\u00a0heures apr\u00e8s sa sortie, Clara a pris contact avec elle. Jeudi 14\u00a0ao\u00fbt \u00e0 minuit, elle discutait d\u00e9j\u00e0 avec.\u00a0\u00bb Ce qui signifie donc que la d\u00e9tenue avait alors acc\u00e8s \u00e0 un t\u00e9l\u00e9phone.<\/p>\n<p class=\"asset asset-text\">De son c\u00f4t\u00e9, JustPyramid a \u00e9galement publi\u00e9 une vid\u00e9o de deux minutes <a href=\"https:\/\/www.tiktok.com\/@justpyramidofficiel\/video\/7540064611790277910?lang=fr\" target=\"_blank\" rel=\"noopener\" title=\"Nouvelle fen\u00eatre\">sur ses r\u00e9seaux sociaux<\/a>, dans laquelle elle d\u00e9nonce les mensonges et l\u2019infid\u00e9lit\u00e9 d\u2019Emma Paris et la mani\u00e8re dont elle la \u00ab\u00a0salit\u00a0\u00bb en public, affirmant que \u00ab\u00a0la partie\u00a0\u00bb ne fait que d\u00e9buter.<\/p>\n<p class=\"asset asset-text\">Mais bien au-del\u00e0 de cette histoire de rupture affich\u00e9e en public et du parole contre parole &#8211; dont on commence \u00e0 prendre l\u2019habitude avec les r\u00e9seaux sociaux -, de nombreuses questions sont ouvertes apr\u00e8s cette histoire. Comment une d\u00e9tenue suppos\u00e9e radicalis\u00e9e, et en principe mise \u00e0 l\u2019isolement, peut-elle entretenir une relation amoureuse en prison\u00a0? Comment a-t-elle eu acc\u00e8s \u00e0 un t\u00e9l\u00e9phone pour pouvoir continuer \u00e0 \u00e9changer apr\u00e8s la sortie de JustPyramid de prison\u00a0? A-t-elle continu\u00e9 \u00e0 communiquer avec d\u2019autres personnes, notamment des profils radicalis\u00e9s\u00a0?<\/p>\n<p class=\"asset asset-text\">Des probl\u00e9matiques qui n\u2019\u00e9taient vraisemblablement pas au c\u0153ur de la vid\u00e9o d\u2019Emma Paris qui fait le tour des r\u00e9seaux sociaux depuis dimanche dernier, mais qui devraient \u00eatre \u00e9tudi\u00e9es dans l\u2019enqu\u00eate administrative r\u00e9clam\u00e9e par G\u00e9rald Darmanin.<\/p>\n<p>      <script async src=\"\/\/www.tiktok.com\/embed.js\"><\/script><\/p>\n","protected":false},"excerpt":{"rendered":"Capture d\u2019\u00e9cran &#8211; Instagram L\u2019influenceuse Emma Paris accuse son ex-fianc\u00e9e, Clara, d\u2019avoir une relation avec une d\u00e9tenue \u00ab\u00a0radicalis\u00e9e\u00a0\u00bb&hellip;\n","protected":false},"author":2,"featured_media":331056,"comment_status":"","ping_status":"","sticky":false,"template":"","format":"standard","meta":{"footnotes":""},"categories":[8],"tags":[58,59,1011,27,432,2480,46860,806],"class_list":{"0":"post-331055","1":"post","2":"type-post","3":"status-publish","4":"format-standard","5":"has-post-thumbnail","7":"category-divertissement","8":"tag-divertissement","9":"tag-entertainment","10":"tag-fr","11":"tag-france","12":"tag-gerald-darmanin","13":"tag-influenceurs","14":"tag-islam-radical","15":"tag-prison"},"share_on_mastodon":{"url":"https:\/\/pubeurope.com\/@fr\/115059881992870085","error":""},"_links":{"self":[{"href":"https:\/\/www.europesays.com\/fr\/wp-json\/wp\/v2\/posts\/331055","targetHints":{"allow":["GET"]}}],"collection":[{"href":"https:\/\/www.europesays.com\/fr\/wp-json\/wp\/v2\/posts"}],"about":[{"href":"https:\/\/www.europesays.com\/fr\/wp-json\/wp\/v2\/types\/post"}],"author":[{"embeddable":true,"href":"https:\/\/www.europesays.com\/fr\/wp-json\/wp\/v2\/users\/2"}],"replies":[{"embeddable":true,"href":"https:\/\/www.europesays.com\/fr\/wp-json\/wp\/v2\/comments?post=331055"}],"version-history":[{"count":0,"href":"https:\/\/www.europesays.com\/fr\/wp-json\/wp\/v2\/posts\/331055\/revisions"}],"wp:featuredmedia":[{"embeddable":true,"href":"https:\/\/www.europesays.com\/fr\/wp-json\/wp\/v2\/media\/331056"}],"wp:attachment":[{"href":"https:\/\/www.europesays.com\/fr\/wp-json\/wp\/v2\/media?parent=331055"}],"wp:term":[{"taxonomy":"category","embeddable":true,"href":"https:\/\/www.europesays.com\/fr\/wp-json\/wp\/v2\/categories?post=331055"},{"taxonomy":"post_tag","embeddable":true,"href":"https:\/\/www.europesays.com\/fr\/wp-json\/wp\/v2\/tags?post=331055"}],"curies":[{"name":"wp","href":"https:\/\/api.w.org\/{rel}","templated":true}]}}