{"id":331057,"date":"2025-08-20T07:20:14","date_gmt":"2025-08-20T07:20:14","guid":{"rendered":"https:\/\/www.europesays.com\/fr\/331057\/"},"modified":"2025-08-20T07:20:14","modified_gmt":"2025-08-20T07:20:14","slug":"le-plus-ancien-fossile-humain-hybride-mis-au-jour-sur-le-mont-carmel","status":"publish","type":"post","link":"https:\/\/www.europesays.com\/fr\/331057\/","title":{"rendered":"Le Plus Ancien Fossile Humain Hybride Mis Au Jour Sur Le Mont Carmel"},"content":{"rendered":"<p class=\"\" data-is=\"component-paragraph\">Une d\u00e9couverte arch\u00e9ologique majeure vient de bouleverser notre compr\u00e9hension de l&rsquo;\u00e9volution humaine. Des chercheurs de l&rsquo;Universit\u00e9 de Tel Aviv, en collaboration avec le Centre national fran\u00e7ais de la recherche scientifique (CNRS), ont annonc\u00e9 mercredi la mise au jour du plus ancien fossile humain au monde pr\u00e9sentant des caract\u00e9ristiques hybrides entre N\u00e9andertaliens et Homo sapiens.<\/p>\n<p class=\"\" data-is=\"component-paragraph\">Le squelette, appartenant \u00e0 un enfant de cinq ans ayant v\u00e9cu il y a 140 000 ans, a \u00e9t\u00e9 d\u00e9couvert dans la \u00ab\u00a0grotte du Chevreau\u00a0\u00bb sur le mont Carmel. Cette trouvaille constitue la premi\u00e8re preuve physique d&rsquo;hybridation entre ces deux groupes humains ancestraux, longtemps consid\u00e9r\u00e9s comme des esp\u00e8ces distinctes.<\/p>\n<p>Des preuves anatomiques r\u00e9v\u00e9latrices<\/p>\n<p class=\"\" data-is=\"component-paragraph\">L&rsquo;analyse d\u00e9taill\u00e9e du cr\u00e2ne de l&rsquo;enfant a r\u00e9v\u00e9l\u00e9 des caract\u00e9ristiques fascinantes. Selon le professeur Isra\u00ebl Hershkovitz, qui dirige l&rsquo;\u00e9tude, \u00ab\u00a0le cr\u00e2ne pr\u00e9sente une forme g\u00e9n\u00e9rale rappelant l&rsquo;Homo sapiens, particuli\u00e8rement au niveau de la vo\u00fbte cr\u00e2nienne, mais poss\u00e8de un syst\u00e8me vasculaire intracr\u00e2nien, une m\u00e2choire inf\u00e9rieure et une structure d&rsquo;oreille interne typiques des N\u00e9andertaliens\u00a0\u00bb.<\/p>\n<p class=\"\" data-is=\"component-paragraph\">Les recherches g\u00e9n\u00e9tiques r\u00e9centes avaient d\u00e9j\u00e0 montr\u00e9 que 2 \u00e0 6% de notre g\u00e9nome actuel provient de croisements avec les N\u00e9andertaliens, mais ces \u00e9changes g\u00e9n\u00e9tiques \u00e9taient dat\u00e9s d&rsquo;une p\u00e9riode bien plus tardive, entre 40 000 et 60 000 ans. Cette nouvelle d\u00e9couverte repousse cette chronologie de pr\u00e8s de 100 000 ans.<\/p>\n<p>Une r\u00e9\u00e9criture de l&rsquo;histoire humaine<\/p>\n<p class=\"\" data-is=\"component-paragraph\">Cette d\u00e9couverte remet en question la chronologie \u00e9tablie de l&rsquo;\u00e9volution humaine au Proche-Orient. Les chercheurs avaient pr\u00e9c\u00e9demment d\u00e9montr\u00e9 en 2021 que des N\u00e9andertaliens primitifs, baptis\u00e9s \u00ab\u00a0Hommes de Nesher Ramla\u00a0\u00bb, vivaient d\u00e9j\u00e0 en terre d&rsquo;Isra\u00ebl il y a 400 000 ans, bien avant l&rsquo;arriv\u00e9e suppos\u00e9e de cette esp\u00e8ce depuis l&rsquo;Europe.<\/p>\n<p class=\"\" data-is=\"component-paragraph\">L&rsquo;enfant du Carmel repr\u00e9sente donc la preuve tangible que ces populations se sont rencontr\u00e9es, ont cohabit\u00e9 et se sont reproduites pendant des mill\u00e9naires. Cette coexistence a finalement abouti \u00e0 l&rsquo;absorption des N\u00e9andertaliens locaux dans la population d&rsquo;Homo sapiens, un processus similaire \u00e0 celui observ\u00e9 plus tard en Europe.<\/p>\n<p class=\"\" data-is=\"component-paragraph\">Les techniques d&rsquo;imagerie micro-CT ont permis de cr\u00e9er un mod\u00e8le tridimensionnel pr\u00e9cis du fossile, ouvrant de nouvelles perspectives sur l&rsquo;\u00e9tude de nos anc\u00eatres et confirmant que l&rsquo;histoire de l&rsquo;humanit\u00e9 est bien plus complexe et interconnect\u00e9e qu&rsquo;on ne l&rsquo;imaginait.<\/p>\n","protected":false},"excerpt":{"rendered":"Une d\u00e9couverte arch\u00e9ologique majeure vient de bouleverser notre compr\u00e9hension de l&rsquo;\u00e9volution humaine. Des chercheurs de l&rsquo;Universit\u00e9 de Tel&hellip;\n","protected":false},"author":2,"featured_media":331058,"comment_status":"","ping_status":"","sticky":false,"template":"","format":"standard","meta":{"footnotes":""},"categories":[7],"tags":[1011,27,43,40,41,39,42,44],"class_list":{"0":"post-331057","1":"post","2":"type-post","3":"status-publish","4":"format-standard","5":"has-post-thumbnail","7":"category-sciences-et-technologies","8":"tag-fr","9":"tag-france","10":"tag-science","11":"tag-science-and-technology","12":"tag-sciences","13":"tag-sciences-et-technologies","14":"tag-technologies","15":"tag-technology"},"share_on_mastodon":{"url":"https:\/\/pubeurope.com\/@fr\/115059885657945691","error":""},"_links":{"self":[{"href":"https:\/\/www.europesays.com\/fr\/wp-json\/wp\/v2\/posts\/331057","targetHints":{"allow":["GET"]}}],"collection":[{"href":"https:\/\/www.europesays.com\/fr\/wp-json\/wp\/v2\/posts"}],"about":[{"href":"https:\/\/www.europesays.com\/fr\/wp-json\/wp\/v2\/types\/post"}],"author":[{"embeddable":true,"href":"https:\/\/www.europesays.com\/fr\/wp-json\/wp\/v2\/users\/2"}],"replies":[{"embeddable":true,"href":"https:\/\/www.europesays.com\/fr\/wp-json\/wp\/v2\/comments?post=331057"}],"version-history":[{"count":0,"href":"https:\/\/www.europesays.com\/fr\/wp-json\/wp\/v2\/posts\/331057\/revisions"}],"wp:featuredmedia":[{"embeddable":true,"href":"https:\/\/www.europesays.com\/fr\/wp-json\/wp\/v2\/media\/331058"}],"wp:attachment":[{"href":"https:\/\/www.europesays.com\/fr\/wp-json\/wp\/v2\/media?parent=331057"}],"wp:term":[{"taxonomy":"category","embeddable":true,"href":"https:\/\/www.europesays.com\/fr\/wp-json\/wp\/v2\/categories?post=331057"},{"taxonomy":"post_tag","embeddable":true,"href":"https:\/\/www.europesays.com\/fr\/wp-json\/wp\/v2\/tags?post=331057"}],"curies":[{"name":"wp","href":"https:\/\/api.w.org\/{rel}","templated":true}]}}