{"id":331059,"date":"2025-08-20T07:21:16","date_gmt":"2025-08-20T07:21:16","guid":{"rendered":"https:\/\/www.europesays.com\/fr\/331059\/"},"modified":"2025-08-20T07:21:16","modified_gmt":"2025-08-20T07:21:16","slug":"ukraine-gaza-la-perspective-dun-arret-des-combats-fait-derailler-les-valeurs-de-la-defense-en-bourse-les-echos","status":"publish","type":"post","link":"https:\/\/www.europesays.com\/fr\/331059\/","title":{"rendered":"Ukraine, Gaza : la perspective d&#039;un arr\u00eat des combats fait d\u00e9railler les valeurs de la d\u00e9fense en Bourse &#8211; Les Echos"},"content":{"rendered":"<ol>\n<li><a href=\"https:\/\/news.google.com\/rss\/articles\/CBMi-wFBVV95cUxQX1JFRFdBYi10SjRKRWl5Q1ZtTGF6RUl2TnFDbFFRalJMcDNMMjRPd0x0bnpCU2ZmMmI1S0JZVlJTNWxJQkQ2a0ZmVzR0UFZtVWE0RXh3OTJ1WXRUSmExRDc4d3pVVXp1eVBNX21DRlpiSThjYTdKNDZkODVPbEwyS1ZOUFR5WGFmTjdxdFl6MGZ3OXRTTE5uZFhnckNULUNYUVlPNW9mYU9SdE0wX2ZzcV92dTMyUkRSaC02VmQ0eFBlNm5GNWF5WVhEdGR6bHVGOXVQYmpYVDFFT255UUhwVlpheWNsaGpidHhDMGpvS0VKbmNPTl90dldUVQ?oc=5\" target=\"_blank\" rel=\"nofollow noopener\">Ukraine, Gaza : la perspective d&rsquo;un arr\u00eat des combats fait d\u00e9railler les valeurs de la d\u00e9fense en Bourse<\/a>&nbsp;&nbsp;Les Echos<\/li>\n<li><a href=\"https:\/\/news.google.com\/rss\/articles\/CBMi1AFBVV95cUxPWUtIUDhFa3hNdkFsQVM0Q3htSEphS0s3YUF3M01mNGlXZVQxRFFzYU5tMmJFbV9KMkUwVUpGemFBbkNNSWVWMDYza1F5M3ppcEtoREJxWFg5eXZYRXNsaWlIeGdoV0pLMElfUVhYWllmOW1QVnVyQUhveHlYWEk3YVhJQl9TbUFhWUdBeVFXbjFWRE10Y3pEVE5mX01DdEpvVFdoTFhyYXFEd0JRRTFHUkxDeDViWWVvZGg1N21jQU9kS1Z3MmthLWtoQVp1ZWtNTGVLOA?oc=5\" target=\"_blank\" rel=\"nofollow noopener\">March\u00e9s: une tendance baissi\u00e8re attendue, les investisseurs restent sur la r\u00e9serve<\/a>&nbsp;&nbsp;BFMTV<\/li>\n<li><a href=\"https:\/\/news.google.com\/rss\/articles\/CBMivgFBVV95cUxOR1ZRRmhkX2thOWF3WVBNMHFsSFBDczdGQW8wZzV2NXNKd3E0NXpJUGJQN3g1VFhBcERnNHQweHlUVmFNVGJ4UjFlaDYyLVZMVkYxWVdXMUFoWndOR3V2U3hoTWplRVdpSVozdTg2SFpySzdZSkYtTXkzZUEtODJ3ZTMwRDZUMmhpVlA2aFc1QUN5bnhnb2JaS0VkYlk4LTJ6dmhzWDF0UGJkTmNQWGRYNDlRTzZpS25iMXFDZDNn0gHDAUFVX3lxTE41djlQOTZGZXZ0eVBXeXRrOFBNbXhzUE5SWlVjTUxUQXdxQU04OVJqTzAxbjNkZmY5M0lLOFdlSXQyU0FHMzJJVWd6WFA0emtWUi1Vb2dJZUlhOXZqamNSWmFfMTlHN3dvVGVfWndBR0NuQ2hVQmN3UGxXWHlGZHNHbGhkSXY0bUNsZTRUUkNjQjB5UGJTOExVYnJaR1lBSjNUMGhzanZjc2R5bHByZnJMMXhTd0tDanBTYldkUmpfcXlacw?oc=5\" target=\"_blank\" rel=\"nofollow noopener\">Les Bourses europ\u00e9ennes terminent en hausse<\/a>&nbsp;&nbsp;Boursorama<\/li>\n<li><a href=\"https:\/\/news.google.com\/rss\/articles\/CBMioAFBVV95cUxNbldsMHFPWWdUY19aZTEyemRpb0tyY0FpR3NHSWQ5SERNLWhQR3FvcHVBcURwbDV4ZFlmU2c1SkNwYVp2T3BNZ0xBeEJ4Rjh1aWhQQUlFSm5heGJNWWtzNjcwbk5pV2JvUmFGeFMyemJGYWdRa1AwTFprbFR2b19GaGFPbHRFVmJsWjJuLUozRE1fMW5sbEtoRm1CMTFvaVRO0gGmAUFVX3lxTE1hY1VIMWtrOXpZOWxFY29VUm9ORmZweV95N3lCajFTLWp2b05jU0tiRDFRMHUzR1BKdmFLVFhBM1czalFKU0JidHBKUC1kWWlmeXJZenQ3b2RnbWRnWDhkcklZVkJxVDFhZWFKSk5odDBXWG5oWVBEUW1EaEltc0VsNXlKV01ZS3BHYmh2dGtyTHRPSXNkWWdZQkpKWmgtQzVXalpkaHc?oc=5\" target=\"_blank\" rel=\"nofollow noopener\">March\u00e9: plut\u00f4t rassur\u00e9 par la rencontre Trump-Zelensky&#8230;<\/a>&nbsp;&nbsp;Fortuneo<\/li>\n<li><a href=\"https:\/\/news.google.com\/rss\/articles\/CBMisgFBVV95cUxPMDRGbmlIVEprU1RtVkdPQ3JaWFpvVVRfM3pRLTFFSTh0MkR6WEQ2b0ZzV3pmNXU1ZXExUU5SYU9NWUhIckVZcDRIblhQQ1EzbEtlWmZIY1Y4VzlIMXFNYnZGZFJRX3NidXc1NDRzUnVhVzJwZ3g1Q1ZIdVRWSWE3aWQwQk9PRUZMMGREejhLbzZVckQ3ZlE0WG51OXQ5TTU1VnhJUkFXaTEtN0xfUkdEYm5B?oc=5\" target=\"_blank\" rel=\"nofollow noopener\">Bourses asiatiques : prudence avant des annonces de politique mon\u00e9taire<\/a>&nbsp;&nbsp;Le Figaro<\/li>\n<\/ol>\n","protected":false},"excerpt":{"rendered":"Ukraine, Gaza : la perspective d&rsquo;un arr\u00eat des combats fait d\u00e9railler les valeurs de la d\u00e9fense en Bourse&nbsp;&nbsp;Les&hellip;\n","protected":false},"author":2,"featured_media":1445,"comment_status":"","ping_status":"","sticky":false,"template":"","format":"standard","meta":{"footnotes":""},"categories":[6],"tags":[35,33,34,1011,27],"class_list":{"0":"post-331059","1":"post","2":"type-post","3":"status-publish","4":"format-standard","5":"has-post-thumbnail","7":"category-economie","8":"tag-business","9":"tag-economie","10":"tag-economy","11":"tag-fr","12":"tag-france"},"share_on_mastodon":{"url":"https:\/\/pubeurope.com\/@fr\/115059889558250689","error":""},"_links":{"self":[{"href":"https:\/\/www.europesays.com\/fr\/wp-json\/wp\/v2\/posts\/331059","targetHints":{"allow":["GET"]}}],"collection":[{"href":"https:\/\/www.europesays.com\/fr\/wp-json\/wp\/v2\/posts"}],"about":[{"href":"https:\/\/www.europesays.com\/fr\/wp-json\/wp\/v2\/types\/post"}],"author":[{"embeddable":true,"href":"https:\/\/www.europesays.com\/fr\/wp-json\/wp\/v2\/users\/2"}],"replies":[{"embeddable":true,"href":"https:\/\/www.europesays.com\/fr\/wp-json\/wp\/v2\/comments?post=331059"}],"version-history":[{"count":0,"href":"https:\/\/www.europesays.com\/fr\/wp-json\/wp\/v2\/posts\/331059\/revisions"}],"wp:featuredmedia":[{"embeddable":true,"href":"https:\/\/www.europesays.com\/fr\/wp-json\/wp\/v2\/media\/1445"}],"wp:attachment":[{"href":"https:\/\/www.europesays.com\/fr\/wp-json\/wp\/v2\/media?parent=331059"}],"wp:term":[{"taxonomy":"category","embeddable":true,"href":"https:\/\/www.europesays.com\/fr\/wp-json\/wp\/v2\/categories?post=331059"},{"taxonomy":"post_tag","embeddable":true,"href":"https:\/\/www.europesays.com\/fr\/wp-json\/wp\/v2\/tags?post=331059"}],"curies":[{"name":"wp","href":"https:\/\/api.w.org\/{rel}","templated":true}]}}