{"id":331060,"date":"2025-08-20T07:22:15","date_gmt":"2025-08-20T07:22:15","guid":{"rendered":"https:\/\/www.europesays.com\/fr\/331060\/"},"modified":"2025-08-20T07:22:15","modified_gmt":"2025-08-20T07:22:15","slug":"donald-trump-demande-a-la-justice-denqueter-contre-les-musees-woke","status":"publish","type":"post","link":"https:\/\/www.europesays.com\/fr\/331060\/","title":{"rendered":"Donald Trump demande \u00e0 la justice d&rsquo;enqu\u00eater contre les mus\u00e9es \u00ab\u00a0woke\u00a0\u00bb"},"content":{"rendered":"<p>Apr\u00e8s les universit\u00e9s, Donald Trump a annonc\u00e9 avoir demand\u00e9 \u00e0 la jusice d&rsquo;enqu\u00eater sur des mus\u00e9es dans tout les \u00c9tats-Unis qu&rsquo;il accuse d&rsquo;\u00eatre \u00ab\u00a0woke\u00a0\u00bb. \u00ab\u00a0Le wokisme est fini\u00a0\u00bb, a-t-il d\u00e9clar\u00e9.<\/p>\n<p>Poursuivant son offensive contre des institutions \u00e9ducatives et culturelles am\u00e9ricaines, <a href=\"https:\/\/www.bfmtv.com\/international\/amerique-nord\/etats-unis\/donald-trump\/donald-trump-pense-qu-un-accord-de-paix-en-ukraine-l-aiderait-a-aller-au-paradis_AD-202508200048.html\" title=\"Donald Trump pense qu&#039;un accord de paix en Ukraine l&#039;aiderait \u00e0 &quot;aller au Paradis&quot;\" class=\"internal_link\" rel=\"nofollow noopener\" target=\"_blank\">Donald Trump<\/a> a annonc\u00e9 ce mardi 19 ao\u00fbt avoir demand\u00e9 \u00e0 la justice d&rsquo;enqu\u00eater sur des mus\u00e9es dans tout le pays qu&rsquo;il accuse d&rsquo;\u00eatre \u00ab\u00a0woke\u00a0\u00bb, notamment concernant l&rsquo;histoire de l&rsquo;esclavage.<\/p>\n<p>\u00ab\u00a0Les mus\u00e9es de Washington, mais aussi \u00e0 travers tout le pays, sont pour l&rsquo;essentiel les derniers restes du &lsquo;wokisme'\u00a0\u00bb, a d\u00e9nonc\u00e9 le pr\u00e9sident sur son r\u00e9seau Truth Social.<\/p>\n<p>\u00ab\u00a0J&rsquo;ai donn\u00e9 instruction \u00e0 mes procureurs de passer en revue (la politique des) mus\u00e9es et de commencer exactement le m\u00eame processus suivi avec les universit\u00e9s, o\u00f9 d&rsquo;immenses avanc\u00e9es ont \u00e9t\u00e9 r\u00e9alis\u00e9es\u00a0\u00bb, a ajout\u00e9 le milliardaire conservateur.<\/p>\n<blockquote class=\"embed embed_quote\"><p>\u00ab\u00a0Ce pays ne peut pas \u00eatre &lsquo;woke&rsquo; car le WOKISME EST FINI\u00a0\u00bb, a-t-il proclam\u00e9.<\/p><\/blockquote>\n<p>La Maison Blanche avait annonc\u00e9 la semaine derni\u00e8re dans un courrier \u00e0 l&rsquo;institution qui g\u00e8re une vingtaine de mus\u00e9es publics de Washington, la Smithsonian Institution, que le gouvernement allait mener un examen approfondi pour s&rsquo;assurer de leur \u00ab\u00a0alignement\u00a0\u00bb avec la vision de l&rsquo;Histoire des \u00c9tats-Unis pr\u00f4n\u00e9e par Donald Trump, fond\u00e9e sur la \u00ab\u00a0v\u00e9rit\u00e9 et la raison\u00a0\u00bb.<\/p>\n<p>\u00ab\u00a0La Smithsonian est hors de contr\u00f4le\u00a0\u00bb<\/p>\n<p>\u00ab\u00a0La Smithsonian est HORS DE CONTR\u00d4LE\u00a0\u00bb, a encore tonn\u00e9 Donald Trump, d\u00e9plorant que les mus\u00e9es de la capitale f\u00e9d\u00e9rale pr\u00e9sentent selon lui une image \u00ab\u00a0horrible de notre pays, (notamment) sur les m\u00e9faits de l&rsquo;esclavage (&#8230;) et rien sur sa r\u00e9ussite et son \u00e9clat\u00a0\u00bb.<\/p>\n<p>Le pr\u00e9sident am\u00e9ricain a sign\u00e9 en mars dernier un d\u00e9cret visant \u00e0 reprendre le contr\u00f4le du contenu des mus\u00e9es de la Smithsonian, qu&rsquo;il avait d\u00e9j\u00e0 accus\u00e9s de \u00ab\u00a0r\u00e9visionnisme historique\u00a0\u00bb et d'\u00a0\u00bbendoctrinement id\u00e9ologique\u00a0\u00bb racial, notamment sous ses pr\u00e9d\u00e9cesseurs et ennemis politiques <a href=\"https:\/\/www.bfmtv.com\/international\/video-empetre-dans-l-affaire-epstein-donald-trump-s-attaque-a-barack-obama-qui-l-accuse-de-vouloir-detourner-l-attention_VN-202507230405.html\" title=\"Emp\u00eatr\u00e9 dans l&#039;affaire Epstein, Donald Trump s\u2019attaque \u00e0 Barack Obama, qui l\u2019accuse de vouloir d\u00e9tourner l\u2019attention\" class=\"internal_link\" rel=\"nofollow noopener\" target=\"_blank\">Barack Obama<\/a> (2009-2017) et <a href=\"https:\/\/www.bfmtv.com\/international\/amerique-nord\/etats-unis\/joe-biden-candidat-democrate-a-la-presidence-des-etats-unis_DN-202010080271.html\" title=\"Joe Biden\" class=\"internal_link\" rel=\"nofollow noopener\" target=\"_blank\">Joe Biden<\/a> (2021-2025).<\/p>\n<p>Le gouvernement am\u00e9ricain a justifi\u00e9 ces mesures contre les mus\u00e9es &#8211; qui touchent aussi le centre culturel de Washington, le Kennedy Center &#8211; par les festivit\u00e9s du 250e anniversaire de l&rsquo;ind\u00e9pendance des \u00c9tats-Unis en 2026.<\/p>\n<p>Donald Trump s&rsquo;est engag\u00e9 depuis sept mois dans une rapide reprise en main d&rsquo;institutions culturelles et \u00e9ducatives sur lesquelles il a une influence, des mus\u00e9es aux universit\u00e9s, afin de les expurger de ce qu&rsquo;il consid\u00e8re \u00eatre des id\u00e9es progressistes en faveur des minorit\u00e9s.<\/p>\n<p>Les terme anglais \u00ab\u00a0woke\u00a0\u00bb et \u00ab\u00a0<a href=\"https:\/\/www.bfmtv.com\/societe\/zadisme-wokisme-vibromasseur-les-nouveaux-mots-du-dictionnaire-de-l-academie-francaise_AN-202411140865.html\" title=\"Zadisme, wokisme, vibromasseur... Les nouveaux mots du dictionnaire de l&#039;Acad\u00e9mie fran\u00e7aise\" class=\"internal_link\" rel=\"nofollow noopener\" target=\"_blank\">wokisme<\/a>\u00a0\u00bb sont emprunt\u00e9s aux luttes afro-am\u00e9ricaines, dont la signification est \u00ab\u00a0\u00eatre \u00e9veill\u00e9\u00a0\u00bb aux injustices. Ils ont \u00e9t\u00e9 r\u00e9cup\u00e9r\u00e9s et d\u00e9tourn\u00e9s de mani\u00e8re p\u00e9jorative par des dirigeants et mouvements conservateurs en Europe et aux \u00c9tats-Unis, pour d\u00e9noncer ce qu&rsquo;ils jugent \u00eatre des d\u00e9rives du militantisme en mati\u00e8re de lutte pour les minorit\u00e9s et contre des injustices sociales et climatiques.<\/p>\n","protected":false},"excerpt":{"rendered":"Apr\u00e8s les universit\u00e9s, Donald Trump a annonc\u00e9 avoir demand\u00e9 \u00e0 la jusice d&rsquo;enqu\u00eater sur des mus\u00e9es dans tout&hellip;\n","protected":false},"author":2,"featured_media":331061,"comment_status":"","ping_status":"","sticky":false,"template":"","format":"standard","meta":{"footnotes":""},"categories":[5],"tags":[11,1011,27,14,12,28],"class_list":{"0":"post-331060","1":"post","2":"type-post","3":"status-publish","4":"format-standard","5":"has-post-thumbnail","7":"category-international","8":"tag-actualites","9":"tag-fr","10":"tag-france","11":"tag-international","12":"tag-news","13":"tag-world"},"share_on_mastodon":{"url":"https:\/\/pubeurope.com\/@fr\/115059893512938590","error":""},"_links":{"self":[{"href":"https:\/\/www.europesays.com\/fr\/wp-json\/wp\/v2\/posts\/331060","targetHints":{"allow":["GET"]}}],"collection":[{"href":"https:\/\/www.europesays.com\/fr\/wp-json\/wp\/v2\/posts"}],"about":[{"href":"https:\/\/www.europesays.com\/fr\/wp-json\/wp\/v2\/types\/post"}],"author":[{"embeddable":true,"href":"https:\/\/www.europesays.com\/fr\/wp-json\/wp\/v2\/users\/2"}],"replies":[{"embeddable":true,"href":"https:\/\/www.europesays.com\/fr\/wp-json\/wp\/v2\/comments?post=331060"}],"version-history":[{"count":0,"href":"https:\/\/www.europesays.com\/fr\/wp-json\/wp\/v2\/posts\/331060\/revisions"}],"wp:featuredmedia":[{"embeddable":true,"href":"https:\/\/www.europesays.com\/fr\/wp-json\/wp\/v2\/media\/331061"}],"wp:attachment":[{"href":"https:\/\/www.europesays.com\/fr\/wp-json\/wp\/v2\/media?parent=331060"}],"wp:term":[{"taxonomy":"category","embeddable":true,"href":"https:\/\/www.europesays.com\/fr\/wp-json\/wp\/v2\/categories?post=331060"},{"taxonomy":"post_tag","embeddable":true,"href":"https:\/\/www.europesays.com\/fr\/wp-json\/wp\/v2\/tags?post=331060"}],"curies":[{"name":"wp","href":"https:\/\/api.w.org\/{rel}","templated":true}]}}