{"id":331062,"date":"2025-08-20T07:23:14","date_gmt":"2025-08-20T07:23:14","guid":{"rendered":"https:\/\/www.europesays.com\/fr\/331062\/"},"modified":"2025-08-20T07:23:14","modified_gmt":"2025-08-20T07:23:14","slug":"croisiere-sur-la-seine-concert-au-pied-de-la-tour-eiffel-40-000-enfants-attendus-a-paris-ce-mercredi-pour-la-journee-des-oublies-des-vacances","status":"publish","type":"post","link":"https:\/\/www.europesays.com\/fr\/331062\/","title":{"rendered":"Croisi\u00e8re sur la Seine, concert au pied de la Tour Eiffel&#8230; 40.000 enfants attendus \u00e0 Paris ce mercredi pour la \u00abJourn\u00e9e des oubli\u00e9s des vacances\u00bb"},"content":{"rendered":"<p>Selon une \u00e9tude de l\u2019Insee (Institut national de la statistique et des \u00e9tudes \u00e9conomiques) de 2021, 10% des moins de 16 ans ne partent pas en vacances au moins une semaine par an pour des raisons financi\u00e8res.<\/p>\n<p class=\"fig-paragraph\">Quarante mille enfants venus de toute la France et de l&rsquo;\u00e9tranger sont attendus ce mercredi sur le Champ-de-Mars \u00e0 Paris dans le cadre d&rsquo;une\u00a0<a href=\"https:\/\/www.lefigaro.fr\/actualite-france\/2015\/08\/19\/01016-20150819ARTFIG00009-pres-de-70000-personnes-a-paris-pour-la-journee-des-oublies-des-vacances.php\" target=\"_blank\" data-fig-type=\"Article\" rel=\"noopener nofollow\" data-gtm-custom-categorie=\"navigation\" data-gtm-custom-action=\"crossclick\" data-gtm-custom-label=\"Contextuel\" data-gtm-event=\"customEventSPE\" data-fig-domain=\"LEFIGARO\">journ\u00e9e d&rsquo;activit\u00e9s pour les enfants qui ne partent pas en vacances<\/a>, organis\u00e9es par le secours populaire.<\/p>\n<p class=\"fig-paragraph\">Croisi\u00e8re sur la Seine, visite de mus\u00e9es et concert au pied de la Tour Eiffel, toute une panoplie d&rsquo;activit\u00e9s sont pr\u00e9vues mercredi dans la capitale pour ces milliers d&rsquo;enfants qui n&rsquo;ont pas eu la chance de partir en vacances cet \u00e9t\u00e9. \u00abC&rsquo;est important pour nous qu&rsquo;un enfant ait quelque chose \u00e0 raconter \u00e0 la rentr\u00e9e \u00e0 ses petits camarades, pour ne pas se sentir diff\u00e9rent\u00bb, souligne aupr\u00e8s de l&rsquo;AFP Thierry Robert, le secr\u00e9taire national du Secours populaire.<\/p>\n<p>                                    <a class=\"fig-a11y-skip a11y-hidden\" href=\"#fig-a11y-skip-main-inarticle\"><br \/>\n        Passer la publicit\u00e9<br \/>\n    <\/a><\/p>\n<p>Une journ\u00e9e autour des Jeux olympiques 2024<\/p>\n<p class=\"fig-paragraph\">Selon une \u00e9tude de l&rsquo;Insee (Institut national de la statistique et des \u00e9tudes \u00e9conomiques) de 2021, 10% des moins de 16 ans ne partent pas en vacances au moins une semaine par an pour des raisons financi\u00e8res. Six cents bus ont \u00e9t\u00e9 affr\u00e9t\u00e9s par le Secours populaire pour faire venir des enfants de toute la France pour cette 46e \u00e9dition. L&rsquo;association f\u00eate ses 80 ans cette ann\u00e9e. Pour l&rsquo;occasion, les activit\u00e9s de la journ\u00e9e sont organis\u00e9es autour de la \u00abc\u00e9l\u00e9bration du premier anniversaire des\u00a0<a href=\"http:\/\/www.lefigaro.fr\/sports\/jeux-olympiques\/un-an-apres-que-reste-t-il-de-la-parenthese-enchantee-des-jo-de-paris-2024-20250725\" target=\"_blank\" data-fig-type=\"NewsFlash\" rel=\"noopener nofollow\" data-gtm-custom-categorie=\"navigation\" data-gtm-custom-action=\"crossclick\" data-gtm-custom-label=\"Contextuel\" data-gtm-event=\"customEventSPE\" data-fig-domain=\"LEFIGARO\">Jeux de Paris 2024<\/a> \u00bb.<\/p>\n<p class=\"fig-paragraph\">\u00abCertains enfants vont aller voir la vasque olympique aux Tuileries, d&rsquo;autres vont aller au centre aquatique olympique \u00e0 Saint-Denis, et puis d&rsquo;autres vont faire une balade fluviale (sur la Seine), symbole de la c\u00e9r\u00e9monie d&rsquo;ouverture des Jeux olympiques\u00bb, d\u00e9taille Thierry Robert. Les enfants seront ensuite accueillis sur le Champ-de-Mars, au pied de la Tour Eiffel, pour un pique-nique g\u00e9ant le midi et un concert, dont les artistes n&rsquo;ont pas encore \u00e9t\u00e9 r\u00e9v\u00e9l\u00e9s.<\/p>\n<p class=\"fig-paragraph\">Mascottes des JO, ateliers sur le sport, et athl\u00e8tes seront sur place. La journ\u00e9e est aussi co-parrain\u00e9e par\u00a0<a href=\"http:\/\/www.lefigaro.fr\/sports\/jeux-olympiques\/ses-souvenirs-de-paris-2024-les-jo-de-los-angeles-son-avenir-les-confidences-de-tony-estanguet-au-figaro-20250725\" target=\"_blank\" data-fig-type=\"NewsFlash\" rel=\"noopener nofollow\" data-gtm-custom-categorie=\"navigation\" data-gtm-custom-action=\"crossclick\" data-gtm-custom-label=\"Contextuel\" data-gtm-event=\"customEventSPE\" data-fig-domain=\"LEFIGARO\">Tony Estanguet<\/a>, le pr\u00e9sident du Comit\u00e9 d&rsquo;organisation des JO 2024. Autre particularit\u00e9, cette ann\u00e9e, pr\u00e8s de \u00ab1.000 enfants\u00bb de l&rsquo;\u00e9tranger seront pr\u00e9sents, un bond \u00abpar rapport aux ann\u00e9es pr\u00e9c\u00e9dentes\u00bb, pr\u00e9cise le directeur g\u00e9n\u00e9ral du Secours populaire. L&rsquo;association compte aussi profiter de cette \u00e9dition \u00abinternationale\u00bb, pour alerter sur la hausse de la pr\u00e9carit\u00e9. \u00abLe nombre de personnes ne va pas en diminuant. On le constate notamment aussi chez les jeunes qui sont de plus en plus nombreux\u00bb, alerte Thierry Robert.<\/p>\n","protected":false},"excerpt":{"rendered":"Selon une \u00e9tude de l\u2019Insee (Institut national de la statistique et des \u00e9tudes \u00e9conomiques) de 2021, 10% des&hellip;\n","protected":false},"author":2,"featured_media":331063,"comment_status":"","ping_status":"","sticky":false,"template":"","format":"standard","meta":{"footnotes":""},"categories":[4],"tags":[11,1719,1011,27,12,626,25,2528],"class_list":{"0":"post-331062","1":"post","2":"type-post","3":"status-publish","4":"format-standard","5":"has-post-thumbnail","7":"category-france","8":"tag-actualites","9":"tag-enfants","10":"tag-fr","11":"tag-france","12":"tag-news","13":"tag-paris","14":"tag-republique-francaise","15":"tag-vacances"},"share_on_mastodon":{"url":"https:\/\/pubeurope.com\/@fr\/115059897443106681","error":""},"_links":{"self":[{"href":"https:\/\/www.europesays.com\/fr\/wp-json\/wp\/v2\/posts\/331062","targetHints":{"allow":["GET"]}}],"collection":[{"href":"https:\/\/www.europesays.com\/fr\/wp-json\/wp\/v2\/posts"}],"about":[{"href":"https:\/\/www.europesays.com\/fr\/wp-json\/wp\/v2\/types\/post"}],"author":[{"embeddable":true,"href":"https:\/\/www.europesays.com\/fr\/wp-json\/wp\/v2\/users\/2"}],"replies":[{"embeddable":true,"href":"https:\/\/www.europesays.com\/fr\/wp-json\/wp\/v2\/comments?post=331062"}],"version-history":[{"count":0,"href":"https:\/\/www.europesays.com\/fr\/wp-json\/wp\/v2\/posts\/331062\/revisions"}],"wp:featuredmedia":[{"embeddable":true,"href":"https:\/\/www.europesays.com\/fr\/wp-json\/wp\/v2\/media\/331063"}],"wp:attachment":[{"href":"https:\/\/www.europesays.com\/fr\/wp-json\/wp\/v2\/media?parent=331062"}],"wp:term":[{"taxonomy":"category","embeddable":true,"href":"https:\/\/www.europesays.com\/fr\/wp-json\/wp\/v2\/categories?post=331062"},{"taxonomy":"post_tag","embeddable":true,"href":"https:\/\/www.europesays.com\/fr\/wp-json\/wp\/v2\/tags?post=331062"}],"curies":[{"name":"wp","href":"https:\/\/api.w.org\/{rel}","templated":true}]}}