{"id":331068,"date":"2025-08-20T07:27:17","date_gmt":"2025-08-20T07:27:17","guid":{"rendered":"https:\/\/www.europesays.com\/fr\/331068\/"},"modified":"2025-08-20T07:27:17","modified_gmt":"2025-08-20T07:27:17","slug":"asse-socios-verts-visent-120-000-euros-pour-entrer-au-capital-du-club","status":"publish","type":"post","link":"https:\/\/www.europesays.com\/fr\/331068\/","title":{"rendered":"ASSE : Socios Verts visent 120 000 euros pour entrer au capital du club"},"content":{"rendered":"<p><img loading=\"lazy\" decoding=\"async\" alt=\"\u00a9 Nahim Idir - Les Socios Verts ont jusqu'au 12 septembre pour r\u00e9unir la somme et parvenir \u00e0 rentrer au capital de l'ASSE.\" data-zoom-src=\"https:\/\/www.europesays.com\/fr\/wp-content\/uploads\/2025\/08\/initial-img-12861.jpg\" data-zoomable=\"\" height=\"702\" src=\"https:\/\/www.europesays.com\/fr\/wp-content\/uploads\/2025\/08\/initial-img-12861.jpg\" width=\"1248\"\/>  <\/p>\n<p class=\"article-desc\">\u00a9 Nahim Idir &#8211; Les Socios Verts ont jusqu&rsquo;au 12 septembre pour r\u00e9unir la somme et parvenir \u00e0 rentrer au capital de l&rsquo;ASSE. <\/p>\n<p>\u00ab\u00a0On veut cr\u00e9er chez les membres de Socios Verts un sentiment d\u2019appartenance vis-\u00e0-vis du club.\u00a0\u00bb La d\u00e9claration de Julien Beal, vice-pr\u00e9sident de l\u2019association, a le m\u00e9rite d\u2019\u00eatre claire. Apr\u00e8s<strong> quatre ans de r\u00e9flexion et d\u2019organisation<\/strong>, le collectif Socios Verts lance une campagne de financement pour rentrer au capital de l\u2019AS Saint-\u00c9tienne. <\/p>\n<p>150 000 euros pour que Socios Verts puisse acqu\u00e9rir 10 000 parts dans l\u2019ASSE <\/p>\n<p>D\u2019abord pens\u00e9 pour soutenir le club en cas de coup dur financier, le projet a mut\u00e9 par la force des choses avec le rachat de l&rsquo;ASSE par le\u00a0groupe Kilmer Sports. \u00ab\u00a0On avait l\u2019ambition d\u2019acqu\u00e9rir 5 % du club, lance Jeremy Chatonnier, le pr\u00e9sident, mais avec le rachat et la recapitalisation de 40 millions d\u2019euros cet \u00e9t\u00e9, la donne a chang\u00e9.\u00a0\u00bb <\/p>\n<p>Le chiffre est <strong>de 0,1% soit 10 000 parts<\/strong> pour un prix de 120 000 euros. \u00ab\u00a0On a eu l\u2019accord du club de rentrer au capital au mois d\u2019ao\u00fbt, on a un document sign\u00e9 et on a jusqu\u2019au 12 septembre pour r\u00e9unir la somme.\u00a0\u00bb 120 000 euros pour les parts mais 150 000 euros en tout, en comptant les d\u00e9penses diverses li\u00e9es \u00e0 la campagne de lev\u00e9e de fonds participative.<\/p>\n<p>Une entr\u00e9e au capital symbolique \u00ab\u00a0loin d\u2019\u00eatre \u00e9ph\u00e9m\u00e8re\u00a0\u00bb, mais qui ne permettra pas au pr\u00e9sident du club de participer au conseil d\u2019administration du club.<\/p>\n<p> Statue de Robert Herbin et Roger Rocher, fresque \u00e0 Geoffroy-Guichard\u00a0dans les cartons\u00a0? <\/p>\n<p>Si la campagne atteint l\u2019objectif fix\u00e9, chaque donateur deviendra alors un peu actionnaire du club. Les offres sur le site vont de 19,33 euros \u00e0 1 976 euros pour les plus ais\u00e9s, bien que l\u2019association\u00a0pr\u00e9cise que chacun peut au-del\u00e0 des 19,33 euros <strong>mettre la somme qu\u2019il d\u00e9sire<\/strong>. <\/p>\n<p>Soucieux d\u2019\u00eatre un acteur de la vie du club, l\u2019association a d\u00e9j\u00e0 de nombreuses id\u00e9es dans les cartons pour le futur\u00a0: lancer le projet de <strong>cr\u00e9ation de statue pour Robert Herbin et Roger Rocher<\/strong>. Un projet d\u00e9j\u00e0 \u00e9voqu\u00e9 avec la municipalit\u00e9 de Saint-\u00c9tienne mais en stand-by actuellement. <\/p>\n<p>Des fresques dans les trav\u00e9es de Geoffroy-Guichard ont \u00e9galement \u00e9t\u00e9 \u00e9voqu\u00e9es. Faire vivre le club et en \u00eatre partie prenante, c\u2019est le d\u00e9fi des Socios Verts qui ont lanc\u00e9 <a href=\"https:\/\/sociosverts.fr\/\" rel=\"noopener nofollow\" target=\"_blank\">cette lev\u00e9e de fonds participative avec Hello Asso <\/a>et qui a la particularit\u00e9 de ne pas prendre un pourcentage sur les dons effectu\u00e9s. La campagne <strong>prend fin le 12 septembre<\/strong> et d\u2019ici l\u00e0 \u00ab\u00a0le t\u00e9l\u00e9phone n\u2019a pas fini de sonner\u00a0\u00bb, glisse Jeremy Beal.\u00a0<\/p>\n","protected":false},"excerpt":{"rendered":"\u00a9 Nahim Idir &#8211; Les Socios Verts ont jusqu&rsquo;au 12 septembre pour r\u00e9unir la somme et parvenir \u00e0&hellip;\n","protected":false},"author":2,"featured_media":331069,"comment_status":"","ping_status":"","sticky":false,"template":"","format":"standard","meta":{"footnotes":""},"categories":[9653],"tags":[1111,11,461,2430,1777,674,1011,27,46861,12,25,4001],"class_list":{"0":"post-331068","1":"post","2":"type-post","3":"status-publish","4":"format-standard","5":"has-post-thumbnail","7":"category-saint-etienne","8":"tag-actu","9":"tag-actualites","10":"tag-asse","11":"tag-auvergne-rhone-alpes","12":"tag-eu","13":"tag-europe","14":"tag-fr","15":"tag-france","16":"tag-levu00e9es-de-fonds","17":"tag-news","18":"tag-republique-francaise","19":"tag-saint-etienne"},"share_on_mastodon":{"url":"https:\/\/pubeurope.com\/@fr\/115059913344712213","error":""},"_links":{"self":[{"href":"https:\/\/www.europesays.com\/fr\/wp-json\/wp\/v2\/posts\/331068","targetHints":{"allow":["GET"]}}],"collection":[{"href":"https:\/\/www.europesays.com\/fr\/wp-json\/wp\/v2\/posts"}],"about":[{"href":"https:\/\/www.europesays.com\/fr\/wp-json\/wp\/v2\/types\/post"}],"author":[{"embeddable":true,"href":"https:\/\/www.europesays.com\/fr\/wp-json\/wp\/v2\/users\/2"}],"replies":[{"embeddable":true,"href":"https:\/\/www.europesays.com\/fr\/wp-json\/wp\/v2\/comments?post=331068"}],"version-history":[{"count":0,"href":"https:\/\/www.europesays.com\/fr\/wp-json\/wp\/v2\/posts\/331068\/revisions"}],"wp:featuredmedia":[{"embeddable":true,"href":"https:\/\/www.europesays.com\/fr\/wp-json\/wp\/v2\/media\/331069"}],"wp:attachment":[{"href":"https:\/\/www.europesays.com\/fr\/wp-json\/wp\/v2\/media?parent=331068"}],"wp:term":[{"taxonomy":"category","embeddable":true,"href":"https:\/\/www.europesays.com\/fr\/wp-json\/wp\/v2\/categories?post=331068"},{"taxonomy":"post_tag","embeddable":true,"href":"https:\/\/www.europesays.com\/fr\/wp-json\/wp\/v2\/tags?post=331068"}],"curies":[{"name":"wp","href":"https:\/\/api.w.org\/{rel}","templated":true}]}}