{"id":331078,"date":"2025-08-20T07:38:40","date_gmt":"2025-08-20T07:38:40","guid":{"rendered":"https:\/\/www.europesays.com\/fr\/331078\/"},"modified":"2025-08-20T07:38:40","modified_gmt":"2025-08-20T07:38:40","slug":"recit-des-tresors-de-rouen-aux-couleurs-de-trouville-jai-explore-la-normandie-en-train-et-a-maville-caen-2","status":"publish","type":"post","link":"https:\/\/www.europesays.com\/fr\/331078\/","title":{"rendered":"R\u00c9CIT. Des tr\u00e9sors de Rouen aux couleurs de Trouville, j\u2019ai explor\u00e9 la Normandie en train et \u00e0 &#8211; maville Caen"},"content":{"rendered":"<ol>\n<li><a href=\"https:\/\/news.google.com\/rss\/articles\/CBMi7AFBVV95cUxPMmdOQXBkRzFEZVhYb0UzbEVicWYyZ2ZTOXJjYmwtMTlLWWtEMC10UXZGWGs1ak9ZZDNCZXVJTTNybTBVQ2xjLW1WZjNGTTRadmF1T0VIdDJVRkdWay1HY3RSVHJBR0ZzZ1dfaHlsSnJNMWl3bUV0MG9LY3VkX2IzdUl1YU81RjZ3NnVrZFVfV1pldzBwRjVHbElTeVNQc3BueEdiWUgySlBzcThFcTV6d0tpYlB3eHNGdk5JczFYZnpQelcwSWJaSURqVkZRYzZYUGQwNUwtanNoM1VodFVwalh1ZUo0WDZoTWlzTA?oc=5\" target=\"_blank\" rel=\"nofollow noopener\">R\u00c9CIT. Des tr\u00e9sors de Rouen aux couleurs de Trouville, j\u2019ai explor\u00e9 la Normandie en train et \u00e0<\/a>&nbsp;&nbsp;maville Caen<\/li>\n<li><a href=\"https:\/\/news.google.com\/rss\/articles\/CBMi2gFBVV95cUxPOWFxblg1WGJ5c3NnRG5KU1VVNEpOTWpZU3VLb2VqbE4xTTZLN2lVR01Wcjlad2hrUUFzUTd6SVEyMlNfZFlvLXI4VV9fMEtrZ2xYMy1aOERYdkI4X1VLYzc0MkplWGRjeG5UMFY2UWViZ1JBM181WDlranh3UmNzRkdLdlBLdWNzNHNGMVFrY2FTQV9lMThzbUtMa0ZIV2dFbHcwdGZqZk9kQlYybWdqT29uOTI3QzYyak04X0RKYzNka25ROUI0OWJ0RzQ2bjBpN3hNZ2VrWHpWZw?oc=5\" target=\"_blank\" rel=\"nofollow noopener\">Tourisme. Parcourir la Normandie \u00e0 v\u00e9lo : d\u00e9couvrez notre s\u00e9lection de 4 itin\u00e9raires<\/a>&nbsp;&nbsp;France 3 R\u00e9gions<\/li>\n<li><a href=\"https:\/\/news.google.com\/rss\/articles\/CBMiggJBVV95cUxOc0NRVy1xOTZpMUhEOXJITDNsdXNtZXVWWFFta096WWZEejloMmRZZkRDZkVjaURyUk5RTHVYdUNwc0xGNjRwZF9GeEZ6cE5UVG1LZkpaaTdQdFBTRDE3V0xsY1ZzT2JwazZkY3lIWHFadm9LdFF5R0NrU3ZFZ3gzYk1GbXZFdml4dnhNVms1cmF2XzZsUUFCMkJCVmxLTnhlS2FwTkpyVkoyVl9zNGpCN0NkY29nOXU4QVBDMW9XUEdYQmhKeUlYNXVXdjdteTN3TFZ5Qm1jREZPUW8tMDNUYzJjeUJGUzFSeHZOd0J0WXBQYXdTclBZM3RiLWQ3S0Y5S3c?oc=5\" target=\"_blank\" rel=\"nofollow noopener\">\u00c0 travers les champs et les petites gares, une ligne de train hors des sentiers battus en Normandie<\/a>&nbsp;&nbsp;Ouest-France<\/li>\n<li><a href=\"https:\/\/news.google.com\/rss\/articles\/CBMilgJBVV95cUxPbXYtZk1LalY1NXdfdm9TY1ljb1hLWUhXMF9zS3JmU19Ib0dDRy05elNwcGtqWFRqX0lua09ybUJLZ25aUFVOeDktSDlFNnBpdFJTUS1MVHg2R3RhanI1MHFWT0I3b1ZGOW5iUGdaVmFleE4wSXY3NTJCamYtb0lUdGhwajBBdFRPdzA4VGtudDdDYjFkYzFwaFVMd1FnaHpWcVRwVWFwNW5YQUZxS3V2QndQR1JQdi1yU195NGtwbHdsdjdCVEhwZGhfNDFfYWp2b3VneXpHbmJLLUFLbFVQTFBTbndoUnFkYjZkNEVtVWEySExfZVNhN2pSLW1qdi1vTnNyaHJpQWFHQ1E2a3p5SDJLbXItZw?oc=5\" target=\"_blank\" rel=\"nofollow noopener\">R\u00c9CIT. Des tr\u00e9sors de Rouen aux couleurs de Trouville, j\u2019ai explor\u00e9 la Normandie en train et \u00e0 v\u00e9lo<\/a>&nbsp;&nbsp;Ouest-France<\/li>\n<\/ol>\n","protected":false},"excerpt":{"rendered":"R\u00c9CIT. Des tr\u00e9sors de Rouen aux couleurs de Trouville, j\u2019ai explor\u00e9 la Normandie en train et \u00e0&nbsp;&nbsp;maville Caen&hellip;\n","protected":false},"author":2,"featured_media":326693,"comment_status":"","ping_status":"","sticky":false,"template":"","format":"standard","meta":{"footnotes":""},"categories":[9587],"tags":[1111,11,5492,18493,1777,674,46371,1011,27,12,5161,1699,25,9590,926,46369,46370,208],"class_list":{"0":"post-331078","1":"post","2":"type-post","3":"status-publish","4":"format-standard","5":"has-post-thumbnail","7":"category-rouen","8":"tag-actu","9":"tag-actualites","10":"tag-caen","11":"tag-couleurs","12":"tag-eu","13":"tag-europe","14":"tag-explore","15":"tag-fr","16":"tag-france","17":"tag-news","18":"tag-normandie","19":"tag-recit","20":"tag-republique-francaise","21":"tag-rouen","22":"tag-train","23":"tag-tresors","24":"tag-trouville","25":"tag-velo"},"share_on_mastodon":{"url":"https:\/\/pubeurope.com\/@fr\/115059956336294723","error":""},"_links":{"self":[{"href":"https:\/\/www.europesays.com\/fr\/wp-json\/wp\/v2\/posts\/331078","targetHints":{"allow":["GET"]}}],"collection":[{"href":"https:\/\/www.europesays.com\/fr\/wp-json\/wp\/v2\/posts"}],"about":[{"href":"https:\/\/www.europesays.com\/fr\/wp-json\/wp\/v2\/types\/post"}],"author":[{"embeddable":true,"href":"https:\/\/www.europesays.com\/fr\/wp-json\/wp\/v2\/users\/2"}],"replies":[{"embeddable":true,"href":"https:\/\/www.europesays.com\/fr\/wp-json\/wp\/v2\/comments?post=331078"}],"version-history":[{"count":0,"href":"https:\/\/www.europesays.com\/fr\/wp-json\/wp\/v2\/posts\/331078\/revisions"}],"wp:featuredmedia":[{"embeddable":true,"href":"https:\/\/www.europesays.com\/fr\/wp-json\/wp\/v2\/media\/326693"}],"wp:attachment":[{"href":"https:\/\/www.europesays.com\/fr\/wp-json\/wp\/v2\/media?parent=331078"}],"wp:term":[{"taxonomy":"category","embeddable":true,"href":"https:\/\/www.europesays.com\/fr\/wp-json\/wp\/v2\/categories?post=331078"},{"taxonomy":"post_tag","embeddable":true,"href":"https:\/\/www.europesays.com\/fr\/wp-json\/wp\/v2\/tags?post=331078"}],"curies":[{"name":"wp","href":"https:\/\/api.w.org\/{rel}","templated":true}]}}