{"id":331081,"date":"2025-08-20T07:40:12","date_gmt":"2025-08-20T07:40:12","guid":{"rendered":"https:\/\/www.europesays.com\/fr\/331081\/"},"modified":"2025-08-20T07:40:12","modified_gmt":"2025-08-20T07:40:12","slug":"la-ps-amandine-germain-repond-au-lfi-allan-brunon","status":"publish","type":"post","link":"https:\/\/www.europesays.com\/fr\/331081\/","title":{"rendered":"la PS Amandine Germain r\u00e9pond au LFI Allan Brunon"},"content":{"rendered":"<p>Sans sur\u00adprise, les d\u00e9cla\u00adra\u00adtions faites \u00e0 Place Gre\u2019net <a href=\"https:\/\/www.placegrenet.fr\/2025\/08\/11\/une-liste-lfi-aux-municipales-de-grenoble-allan-brunon-chef-de-file-des-insoumis-laisse-planer-le-suspense\/657605\" target=\"_blank\" rel=\"noopener nofollow\">par Allan Brunon<\/a>, chef de file La France insou\u00admise (aux c\u00f4t\u00e9s de la d\u00e9pu\u00adt\u00e9e \u00c9lisa Martin) pour les muni\u00adci\u00adpales 2026 \u00e0 Grenoble, n\u2019ont pas \u00e9t\u00e9 sans sus\u00adci\u00adter des r\u00e9ac\u00adtions. Notamment celle d\u2019Amandine Germain, cheffe de file du <a href=\"https:\/\/www.facebook.com\/federation.isere\/?locale=fr_FR\" target=\"_blank\" rel=\"noopener nofollow\">Parti socia\u00adliste<\/a>. Excluant toute alliance avec le PS, l\u2019Insoumis avait eu des pro\u00adpos tr\u00e8s durs contre la mili\u00adtante, accu\u00ads\u00e9e de \u00ab\u00a0col\u00adler sa t\u00eate par\u00adtout\u00a0\u00bb, et contre son parti de \u00ab\u00a0grands divi\u00adseurs\u00a0\u00bb.<\/p>\n<p><a href=\"https:\/\/www.europesays.com\/fr\/wp-content\/uploads\/2025\/08\/allan-brunon-c-allan-brunon.jpg\" target=\"_blank\" rel=\"noopener\"><img fetchpriority=\"high\" decoding=\"async\" aria-describedby=\"caption-attachment-657615\" class=\"wp-image-657615 size-full\" src=\"data:image\/svg+xml,%3Csvg%20xmlns=\" http:=\"\" alt=\"Allan Brunon, chef de file LFI pour les municipales de Grenoble 2026. \u00a9 La France insoumise\" width=\"853\" height=\"568\" data-lazy- data-lazy- data-lazy-src=\"https:\/\/www.europesays.com\/fr\/wp-content\/uploads\/2025\/08\/allan-brunon-c-allan-brunon.jpg\"\/><\/a><\/p>\n<p id=\"caption-attachment-657615\" class=\"wp-caption-text\">Allan Brunon, chef de file LFI pour les muni\u00adci\u00adpales de Grenoble 2026. \u00a9 La France insoumise<\/p>\n<p>\u00ab\u00a0Si le d\u00e9bat poli\u00adtique est l\u00e9gi\u00adtime, je regrette pro\u00adfon\u00add\u00e9\u00adment le ton et la nature des pro\u00adpos d\u2019Allan Brunon, plus proches de l\u2019attaque per\u00adson\u00adnelle que de la confron\u00adta\u00adtion d\u2019id\u00e9es\u00a0\u00bb, d\u00e9clare Amandine Germain dans une r\u00e9ac\u00adtion adres\u00ads\u00e9e \u00e0 Place Gre\u2019net le 18 ao\u00fbt\u00a02025.<\/p>\n<p>Consid\u00e9rant que les d\u00e9cla\u00adra\u00adtions du chef de file LFI \u00ab\u00a0sont une erreur poli\u00adtique et un aveu de fai\u00adblesse\u00a0\u00bb, l\u2019ac\u00adtuelle conseill\u00e8re d\u00e9par\u00adte\u00admen\u00adtale d\u2019op\u00adpo\u00adsi\u00adtion juge que \u00ab\u00a0der\u00adri\u00e8re le vacarme des outrances, il n\u2019y a qu\u2019un vide de pro\u00adpo\u00adsi\u00adtions\u00a0\u00bb.<\/p>\n<p>Amandine Germain qua\u00adli\u00adfie en outre les d\u00e9cla\u00adra\u00adtions d\u2019Allan Brunon de \u00ab\u00a0double dis\u00adcours\u00a0\u00bb. \u00ab\u00a0En frap\u00adpant sur le bilan de la majo\u00adrit\u00e9, Allan Brunon oublie qu\u2019il attaque aussi ses propres cama\u00adrades insou\u00admis, membres de cette majo\u00adrit\u00e9 depuis plus de 10 ans. On ne peut pas cri\u00adti\u00adquer de l\u2019int\u00e9rieur et se poser en alter\u00adna\u00adtive cr\u00e9\u00addible \u00e0 l\u2019ext\u00e9rieur. Cette dupli\u00adcit\u00e9 est une impasse pour Grenoble\u00a0\u00bb, juge-t-elle.<\/p>\n","protected":false},"excerpt":{"rendered":"Sans sur\u00adprise, les d\u00e9cla\u00adra\u00adtions faites \u00e0 Place Gre\u2019net par Allan Brunon, chef de file La France insou\u00admise (aux&hellip;\n","protected":false},"author":2,"featured_media":61741,"comment_status":"","ping_status":"","sticky":false,"template":"","format":"standard","meta":{"footnotes":""},"categories":[9566],"tags":[1111,11,2430,1777,674,1011,27,2731,12,25],"class_list":{"0":"post-331081","1":"post","2":"type-post","3":"status-publish","4":"format-standard","5":"has-post-thumbnail","7":"category-grenoble","8":"tag-actu","9":"tag-actualites","10":"tag-auvergne-rhone-alpes","11":"tag-eu","12":"tag-europe","13":"tag-fr","14":"tag-france","15":"tag-grenoble","16":"tag-news","17":"tag-republique-francaise"},"share_on_mastodon":{"url":"https:\/\/pubeurope.com\/@fr\/115059964232411311","error":""},"_links":{"self":[{"href":"https:\/\/www.europesays.com\/fr\/wp-json\/wp\/v2\/posts\/331081","targetHints":{"allow":["GET"]}}],"collection":[{"href":"https:\/\/www.europesays.com\/fr\/wp-json\/wp\/v2\/posts"}],"about":[{"href":"https:\/\/www.europesays.com\/fr\/wp-json\/wp\/v2\/types\/post"}],"author":[{"embeddable":true,"href":"https:\/\/www.europesays.com\/fr\/wp-json\/wp\/v2\/users\/2"}],"replies":[{"embeddable":true,"href":"https:\/\/www.europesays.com\/fr\/wp-json\/wp\/v2\/comments?post=331081"}],"version-history":[{"count":0,"href":"https:\/\/www.europesays.com\/fr\/wp-json\/wp\/v2\/posts\/331081\/revisions"}],"wp:featuredmedia":[{"embeddable":true,"href":"https:\/\/www.europesays.com\/fr\/wp-json\/wp\/v2\/media\/61741"}],"wp:attachment":[{"href":"https:\/\/www.europesays.com\/fr\/wp-json\/wp\/v2\/media?parent=331081"}],"wp:term":[{"taxonomy":"category","embeddable":true,"href":"https:\/\/www.europesays.com\/fr\/wp-json\/wp\/v2\/categories?post=331081"},{"taxonomy":"post_tag","embeddable":true,"href":"https:\/\/www.europesays.com\/fr\/wp-json\/wp\/v2\/tags?post=331081"}],"curies":[{"name":"wp","href":"https:\/\/api.w.org\/{rel}","templated":true}]}}