{"id":331082,"date":"2025-08-20T07:41:11","date_gmt":"2025-08-20T07:41:11","guid":{"rendered":"https:\/\/www.europesays.com\/fr\/331082\/"},"modified":"2025-08-20T07:41:11","modified_gmt":"2025-08-20T07:41:11","slug":"quand-la-politique-sinvite-dans-nos-assiettes","status":"publish","type":"post","link":"https:\/\/www.europesays.com\/fr\/331082\/","title":{"rendered":"quand la politique s\u2019invite dans nos assiettes"},"content":{"rendered":"<p>Dans une \u00e9poque o\u00f9 trop de familles sautent des repas, o\u00f9 des a\u00een\u00e9-es mangent seul-es devant la t\u00e9l\u00e9vision et o\u00f9 la convivialit\u00e9 semble se dissoudre dans le quotidien, Grenoble fait un choix clair : celui de la solidarit\u00e9. La Ville, le CCAS et la cuisine centrale ouvrent largement les restaurants interg\u00e9n\u00e9rationnels. Et c\u2019est bien plus qu\u2019une politique sociale : c\u2019est une vision de soci\u00e9t\u00e9.<\/p>\n<p>Ici, partager un repas n\u2019est pas un acte banal. C\u2019est un acte politique. Parce qu\u2019il dit que chacun-e, quel que soit son \u00e2ge ou ses revenus, a droit \u00e0 une assiette \u00e9quilibr\u00e9e, dans un cadre chaleureux, au c\u0153ur de sa ville. Parce qu\u2019il affirme que le vivre-ensemble ne se d\u00e9cr\u00e8te pas, il se pratique autour d\u2019une table.<\/p>\n<p><img fetchpriority=\"high\" decoding=\"async\" class=\"wp-image-5449 aligncenter\" src=\"data:image\/svg+xml,%3Csvg%20xmlns=\" http:=\"\" alt=\"\" width=\"762\" height=\"513\" data-lazy- data-lazy- data-lazy-src=\"https:\/\/www.europesays.com\/fr\/wp-content\/uploads\/2025\/08\/photo_2025-08-19_11-41-01-e1755596566902-300x202.jpg\"\/><\/p>\n<p><b>L\u2019interg\u00e9n\u00e9rationnel au c\u0153ur de Grenoble avec l\u2019Espace Genevi\u00e8ve Laroque et la R\u00e9sidence autonomie Saint Laurent<\/b><\/p>\n<p>\u00c0 deux pas du centre, l\u2019Espace interg\u00e9n\u00e9rationnel Genevi\u00e8ve Laroque (ex EPA Pinal) est une ruche de convivialit\u00e9. On y vient pour d\u00e9jeuner, bien s\u00fbr, mais aussi pour profiter d\u2019ateliers, de repas \u00e0 th\u00e8me et de moments festifs. C\u2019est un lieu qui refuse l\u2019isolement et qui prouve que la solidarit\u00e9 est aussi une f\u00eate.<\/p>\n<p>De l\u2019autre c\u00f4t\u00e9 de l\u2019Is\u00e8re, la R\u00e9sidence autonomie Saint Laurent t\u00e9moigne de la volont\u00e9 municipale de ne pas rel\u00e9guer nos a\u00een\u00e9-es, mais de les int\u00e9grer pleinement dans la vie grenobloise. Ici, les repas sont l\u2019occasion de croiser g\u00e9n\u00e9rations et parcours, de m\u00ealer m\u00e9moire et pr\u00e9sent. Un espace qui rappelle que la dignit\u00e9 ne se n\u00e9gocie pas.<\/p>\n<p>\u00a0<\/p>\n<p><b>Des espaces communs qui nourrissent le lien interg\u00e9n\u00e9rationnel<\/b><\/p>\n<p>\u00c0 la Maison des Habitant-es Bois d\u2019Artas, la restauration prend des airs de bien commun. C\u2019est un endroit o\u00f9 l\u2019on croise des visages familiers, o\u00f9 l\u2019on retrouve le go\u00fbt du partage. Loin des logiques marchandes, ce lieu incarne une d\u00e9mocratie du quotidien, o\u00f9 les repas sont accessibles \u00e0 tous-tes, calcul\u00e9s selon les ressources, pour que personne ne soit laiss\u00e9 de c\u00f4t\u00e9.<\/p>\n<p>L\u2019Espace interg\u00e9n\u00e9rationnel Ninon Vallin (ex EPA Malherbe), au c\u0153ur des quartiers populaires, incarne cette vision inclusive. Ce n\u2019est pas seulement un restaurant, c\u2019est un lieu d\u2019animation et de rencontres, une fabrique du lien social o\u00f9 les g\u00e9n\u00e9rations se croisent, se parlent, se soutiennent. Un exemple de politique locale tourn\u00e9e vers l\u2019avenir.<\/p>\n<p>\u00a0<\/p>\n<p><b>Et pour celles et ceux qui ne peuvent se d\u00e9placer : la restauration \u00e0 domicile<\/b><\/p>\n<p>Parce que la solidarit\u00e9 ne doit laisser personne au bord du chemin, Grenoble a aussi mis en place un service de restauration \u00e0 domicile. Des repas \u00e9quilibr\u00e9s, livr\u00e9s directement chez les personnes \u00e2g\u00e9es ou emp\u00each\u00e9es, avec un suivi attentif assur\u00e9 par des agent-es qui jouent aussi un r\u00f4le de veille sociale. Ce n\u2019est pas qu\u2019un service : c\u2019est un vrai accompagnement, une garantie de dignit\u00e9 pour les plus fragiles.<\/p>\n<p>\u00a0<\/p>\n<p><b>Grenoble, une ville qui ose<\/b><\/p>\n<p>Ces lieux interg\u00e9n\u00e9rationnels disent tous la m\u00eame chose : Grenoble ose une politique du lien, contre l\u2019isolement, contre l\u2019injustice sociale, pour l\u2019\u00e9quit\u00e9 r\u00e9elle.<\/p>\n<p>Alors que d\u2019autres collectivit\u00e9s ferment des services, r\u00e9duisent leurs cantines ou c\u00e8dent \u00e0 l\u2019aust\u00e9rit\u00e9 impos\u00e9e par l\u2019\u00c9tat, Grenoble prend le contre-pied. Ici, on ne baisse pas les bras face \u00e0 la crise sociale : on invente des solutions concr\u00e8tes. L\u00e0 o\u00f9 trop de territoires reculent, Grenoble avance. L\u00e0 o\u00f9 certain-es renoncent, Grenoble ouvre.\u00a0<\/p>\n<p>Et si la politique, la vraie, c\u2019\u00e9tait cela ? Pas des discours creux, mais des repas partag\u00e9s. Pas des plans d\u2019aust\u00e9rit\u00e9, mais des tables dress\u00e9es. Pas d\u2019abandon des plus fragiles, mais l\u2019affirmation que la solidarit\u00e9 est un droit. Grenoble le prouve : changer la vie commence parfois par un geste simple \u2013 offrir \u00e0 chacun-e une place autour de la table commune.<\/p>\n<p>\u00a0<\/p>\n<p>\u00a0<\/p>\n","protected":false},"excerpt":{"rendered":"Dans une \u00e9poque o\u00f9 trop de familles sautent des repas, o\u00f9 des a\u00een\u00e9-es mangent seul-es devant la t\u00e9l\u00e9vision&hellip;\n","protected":false},"author":2,"featured_media":331083,"comment_status":"","ping_status":"","sticky":false,"template":"","format":"standard","meta":{"footnotes":""},"categories":[9566],"tags":[1111,11,2430,1777,674,1011,27,2731,12,25],"class_list":{"0":"post-331082","1":"post","2":"type-post","3":"status-publish","4":"format-standard","5":"has-post-thumbnail","7":"category-grenoble","8":"tag-actu","9":"tag-actualites","10":"tag-auvergne-rhone-alpes","11":"tag-eu","12":"tag-europe","13":"tag-fr","14":"tag-france","15":"tag-grenoble","16":"tag-news","17":"tag-republique-francaise"},"share_on_mastodon":{"url":"https:\/\/pubeurope.com\/@fr\/115059968175829816","error":""},"_links":{"self":[{"href":"https:\/\/www.europesays.com\/fr\/wp-json\/wp\/v2\/posts\/331082","targetHints":{"allow":["GET"]}}],"collection":[{"href":"https:\/\/www.europesays.com\/fr\/wp-json\/wp\/v2\/posts"}],"about":[{"href":"https:\/\/www.europesays.com\/fr\/wp-json\/wp\/v2\/types\/post"}],"author":[{"embeddable":true,"href":"https:\/\/www.europesays.com\/fr\/wp-json\/wp\/v2\/users\/2"}],"replies":[{"embeddable":true,"href":"https:\/\/www.europesays.com\/fr\/wp-json\/wp\/v2\/comments?post=331082"}],"version-history":[{"count":0,"href":"https:\/\/www.europesays.com\/fr\/wp-json\/wp\/v2\/posts\/331082\/revisions"}],"wp:featuredmedia":[{"embeddable":true,"href":"https:\/\/www.europesays.com\/fr\/wp-json\/wp\/v2\/media\/331083"}],"wp:attachment":[{"href":"https:\/\/www.europesays.com\/fr\/wp-json\/wp\/v2\/media?parent=331082"}],"wp:term":[{"taxonomy":"category","embeddable":true,"href":"https:\/\/www.europesays.com\/fr\/wp-json\/wp\/v2\/categories?post=331082"},{"taxonomy":"post_tag","embeddable":true,"href":"https:\/\/www.europesays.com\/fr\/wp-json\/wp\/v2\/tags?post=331082"}],"curies":[{"name":"wp","href":"https:\/\/api.w.org\/{rel}","templated":true}]}}