{"id":331086,"date":"2025-08-20T07:43:14","date_gmt":"2025-08-20T07:43:14","guid":{"rendered":"https:\/\/www.europesays.com\/fr\/331086\/"},"modified":"2025-08-20T07:43:14","modified_gmt":"2025-08-20T07:43:14","slug":"rennes-un-transfert-qui-va-rendre-fou-nantes","status":"publish","type":"post","link":"https:\/\/www.europesays.com\/fr\/331086\/","title":{"rendered":"Rennes : Un transfert qui va rendre fou Nantes"},"content":{"rendered":"<p class=\"p1\"><strong>Humili\u00e9 par son entraineur apr\u00e8s la d\u00e9faite du FC Nantes contre le PSG, Matthis Abline n&rsquo;a clairement pas envie de rester chez les Canaris. Un retour \u00e0 Rennes, deux ans apr\u00e8s son d\u00e9part, est d\u00e9sormais envisag\u00e9.\u00a0<\/strong><\/p>\n<p class=\"p1\">En d\u00e9pit de sa victoire face \u00e0 l\u2019OM en match d\u2019ouverture, le Stade Rennais n\u2019a pas convaincu grand monde pour ses premiers pas de la saison en Ligue 1. Une grosse solidarit\u00e9 d\u00e9fensive, un but quasiment miraculeux, et cela a suffi pour prendre le meilleur sur Marseille sur le score de 1-0. La vente officialis\u00e9e d\u2019Arnaud Kalimuendo met toutefois en avant un terrible manque au poste d\u2019attaquant chez les Bretons. Au moins deux joueurs sont demand\u00e9s \u00e0 ce poste pour permettre \u00e0 Habib Beye d\u2019avoir un effectif complet, et capable de jouer enfin les places europ\u00e9ennes apr\u00e8s deux saisons d\u00e9cevantes.<\/p>\n<p>Nantes va vers le clash avec Abline<\/p>\n<blockquote class=\"twitter-tweet\"><p>&#13;<\/p>\n<p lang=\"fr\" dir=\"ltr\">Matthis Abline ne veut m\u00eame pas s&rsquo;\u00e9chauffer, laissez-le partir ! <a href=\"https:\/\/twitter.com\/hashtag\/fcn?src=hash&amp;ref_src=twsrc%5Etfw\" rel=\"nofollow noopener\" target=\"_blank\">#fcn<\/a> <a href=\"https:\/\/t.co\/4rNYT6batX\" rel=\"nofollow\">pic.twitter.com\/4rNYT6batX<\/a><\/p>\n<p>&#13;<br \/>\n\u2014 JS Grond-Tran (@JS_Grond) <a href=\"https:\/\/twitter.com\/JS_Grond\/status\/1957155121244111142?ref_src=twsrc%5Etfw\" rel=\"nofollow noopener\" target=\"_blank\">August 17, 2025<\/a><\/p><\/blockquote>\n<p class=\"p1\">Plusieurs pistes ont \u00e9t\u00e9 \u00e9voqu\u00e9es, dont celle menant \u00e0 Esteban Lepaul avec qui un accord contractuel a eu lieu, m\u00eame si les deux clubs sont encore tr\u00e8s loin de s\u2019entendre sur un transfert qui pourrait monter \u00e0 20 millions d\u2019euros. Brian Brobbey de l\u2019Ajax Amsterdam est \u00e9galement cibl\u00e9, dans un nouveau dossier \u00e0 20 millions d\u2019euros. M\u00eame chose pour Conrad Harder du Sporting Portugal. Mais il y a un joueur encore plus on\u00e9reux, qui arrive d\u00e9sormais dans le viseur des Rouge et Noir, et il s\u2019agit d\u2019une vraie surprise. En effet, Foot Mercato annonce que Mathis Abline fait partie des joueur suivis par le Stade Rennais. Pour rappel, si besoin \u00e9tait, le joueur a \u00e9t\u00e9 forme au sein du club breton avant de rejoindre Nantes dans un pr\u00eat convaincant devenu ensuite un transfert d\u00e9finitif pour 10 millions d\u2019euros. <\/p>\n<p class=\"p1\">D\u00e9sormais, le FC Nantes en demande au moins le triple. Mais Rennes s\u2019int\u00e9resse tout de m\u00eame \u00e0 son ancien joueur, qui vient de se faire passer un savon pour sa prestation tr\u00e8s insuffisante contre le PSG. Selon RMC, Luis Castro a d\u00e9mont\u00e9 Matthis Abline dans le vestiaire, notamment pour son manque d\u2019effort d\u00e9fensif, y compris sur l\u2019action qui a men\u00e9 au but du PSG \u00e0 la Beaujoire. Une attaque qui ne va pas aider l\u2019attaquant \u00e0 vouloir rester \u00e0 Nantes cette saison. Mais le voir revenir en Bretagne dans un aller-retour spectaculaire resterait une \u00e9norme sensation du mercato. Mais en plein mercato, une telle trajectoire ne surprendrait pas personne, m\u00eame si, apr\u00e8s Rongier et Merlin, cela aurait le don de faire tiquer une fois de plus les supporters rennais. <\/p>\n<p>          <script async src=\"https:\/\/platform.twitter.com\/widgets.js\" charset=\"utf-8\"><\/script><\/p>\n","protected":false},"excerpt":{"rendered":"Humili\u00e9 par son entraineur apr\u00e8s la d\u00e9faite du FC Nantes contre le PSG, Matthis Abline n&rsquo;a clairement pas&hellip;\n","protected":false},"author":2,"featured_media":331087,"comment_status":"","ping_status":"","sticky":false,"template":"","format":"standard","meta":{"footnotes":""},"categories":[2821],"tags":[1111,11,829,1777,674,1011,27,12,584,25],"class_list":{"0":"post-331086","1":"post","2":"type-post","3":"status-publish","4":"format-standard","5":"has-post-thumbnail","7":"category-rennes","8":"tag-actu","9":"tag-actualites","10":"tag-bretagne","11":"tag-eu","12":"tag-europe","13":"tag-fr","14":"tag-france","15":"tag-news","16":"tag-rennes","17":"tag-republique-francaise"},"share_on_mastodon":{"url":"https:\/\/pubeurope.com\/@fr\/115059976029244366","error":""},"_links":{"self":[{"href":"https:\/\/www.europesays.com\/fr\/wp-json\/wp\/v2\/posts\/331086","targetHints":{"allow":["GET"]}}],"collection":[{"href":"https:\/\/www.europesays.com\/fr\/wp-json\/wp\/v2\/posts"}],"about":[{"href":"https:\/\/www.europesays.com\/fr\/wp-json\/wp\/v2\/types\/post"}],"author":[{"embeddable":true,"href":"https:\/\/www.europesays.com\/fr\/wp-json\/wp\/v2\/users\/2"}],"replies":[{"embeddable":true,"href":"https:\/\/www.europesays.com\/fr\/wp-json\/wp\/v2\/comments?post=331086"}],"version-history":[{"count":0,"href":"https:\/\/www.europesays.com\/fr\/wp-json\/wp\/v2\/posts\/331086\/revisions"}],"wp:featuredmedia":[{"embeddable":true,"href":"https:\/\/www.europesays.com\/fr\/wp-json\/wp\/v2\/media\/331087"}],"wp:attachment":[{"href":"https:\/\/www.europesays.com\/fr\/wp-json\/wp\/v2\/media?parent=331086"}],"wp:term":[{"taxonomy":"category","embeddable":true,"href":"https:\/\/www.europesays.com\/fr\/wp-json\/wp\/v2\/categories?post=331086"},{"taxonomy":"post_tag","embeddable":true,"href":"https:\/\/www.europesays.com\/fr\/wp-json\/wp\/v2\/tags?post=331086"}],"curies":[{"name":"wp","href":"https:\/\/api.w.org\/{rel}","templated":true}]}}