{"id":331088,"date":"2025-08-20T07:44:11","date_gmt":"2025-08-20T07:44:11","guid":{"rendered":"https:\/\/www.europesays.com\/fr\/331088\/"},"modified":"2025-08-20T07:44:11","modified_gmt":"2025-08-20T07:44:11","slug":"les-6-refuges-de-la-spa-font-face-a-de-nombreux-defis","status":"publish","type":"post","link":"https:\/\/www.europesays.com\/fr\/331088\/","title":{"rendered":"les 6 refuges de la SPA font face \u00e0 de nombreux d\u00e9fis"},"content":{"rendered":"<p>Dans les all\u00e9es du refuge de la SPA de Colmar, l\u2019une des six d\u2019Alsace, chaque box est occup\u00e9. Les\u00a0aboiements se m\u00ealent aux miaulements, les regards cherchent une main tendue. \u00ab\u00a0On est plein du 1 er \u00a0janvier au 31\u00a0d\u00e9cembre\u00a0\u00bb, constate, sans d\u00e9tour, Fr\u00e9d\u00e9rique Jovet, pr\u00e9sidente de la SPA de Colmar.<\/p>\n<p>Depuis 2003, les chats sont devenus, en nombre, les premiers pensionnaires des refuges, devant les chiens. Mais une autre tendance s\u2019est impos\u00e9e au fil de la derni\u00e8re d\u00e9cennie\u00a0: l\u2019explosion des NAC, les nouveaux animaux de compagnie. Lapins, cochons d\u2019Inde, oiseaux ou encore octodons, un petit rongeur m\u00e9connu. \u00c0 Colmar, 26\u00a0lapins occupaient les enclos cet \u00e9t\u00e9. \u00ab\u00a0Les gens ne se rendent pas compte du travail que \u00e7a&#8230;<\/p>\n","protected":false},"excerpt":{"rendered":"Dans les all\u00e9es du refuge de la SPA de Colmar, l\u2019une des six d\u2019Alsace, chaque box est occup\u00e9.&hellip;\n","protected":false},"author":2,"featured_media":331089,"comment_status":"","ping_status":"","sticky":false,"template":"","format":"standard","meta":{"footnotes":""},"categories":[2820],"tags":[1111,11,2389,1867,1777,674,107,1011,27,5325,2798,775,3035,12,25,104,640,133],"class_list":{"0":"post-331088","1":"post","2":"type-post","3":"status-publish","4":"format-standard","5":"has-post-thumbnail","7":"category-strasbourg","8":"tag-actu","9":"tag-actualites","10":"tag-alsace","11":"tag-animaux","12":"tag-eu","13":"tag-europe","14":"tag-fil-info","15":"tag-fr","16":"tag-france","17":"tag-galerie-media","18":"tag-galerie-photo","19":"tag-grand-est","20":"tag-la-matinale-strasbourg","21":"tag-news","22":"tag-republique-francaise","23":"tag-societe","24":"tag-strasbourg","25":"tag-video"},"share_on_mastodon":{"url":"https:\/\/pubeurope.com\/@fr\/115059979951393678","error":""},"_links":{"self":[{"href":"https:\/\/www.europesays.com\/fr\/wp-json\/wp\/v2\/posts\/331088","targetHints":{"allow":["GET"]}}],"collection":[{"href":"https:\/\/www.europesays.com\/fr\/wp-json\/wp\/v2\/posts"}],"about":[{"href":"https:\/\/www.europesays.com\/fr\/wp-json\/wp\/v2\/types\/post"}],"author":[{"embeddable":true,"href":"https:\/\/www.europesays.com\/fr\/wp-json\/wp\/v2\/users\/2"}],"replies":[{"embeddable":true,"href":"https:\/\/www.europesays.com\/fr\/wp-json\/wp\/v2\/comments?post=331088"}],"version-history":[{"count":0,"href":"https:\/\/www.europesays.com\/fr\/wp-json\/wp\/v2\/posts\/331088\/revisions"}],"wp:featuredmedia":[{"embeddable":true,"href":"https:\/\/www.europesays.com\/fr\/wp-json\/wp\/v2\/media\/331089"}],"wp:attachment":[{"href":"https:\/\/www.europesays.com\/fr\/wp-json\/wp\/v2\/media?parent=331088"}],"wp:term":[{"taxonomy":"category","embeddable":true,"href":"https:\/\/www.europesays.com\/fr\/wp-json\/wp\/v2\/categories?post=331088"},{"taxonomy":"post_tag","embeddable":true,"href":"https:\/\/www.europesays.com\/fr\/wp-json\/wp\/v2\/tags?post=331088"}],"curies":[{"name":"wp","href":"https:\/\/api.w.org\/{rel}","templated":true}]}}