{"id":331092,"date":"2025-08-20T07:46:10","date_gmt":"2025-08-20T07:46:10","guid":{"rendered":"https:\/\/www.europesays.com\/fr\/331092\/"},"modified":"2025-08-20T07:46:10","modified_gmt":"2025-08-20T07:46:10","slug":"cette-nouvelle-creche-ouvrira-ses-portes-le-1er-septembre-a-villeneuve-loubet","status":"publish","type":"post","link":"https:\/\/www.europesays.com\/fr\/331092\/","title":{"rendered":"Cette nouvelle cr\u00e8che ouvrira ses portes le 1er septembre \u00e0 Villeneuve-Loubet"},"content":{"rendered":"<p>Le 4 octobre 2023, le conseil municipal approuvait le projet de r\u00e9alisation et d\u2019exploitation d\u2019une cr\u00e8che qu\u2019elle a confi\u00e9 au groupe Les Petits Chaperons Rouges.<\/p>\n<p>Cette structure ouvrira ses portes le 1er septembre et une r\u00e9cente visite de chantier a permis de faire le point sur l\u2019avanc\u00e9e des travaux. \u00ab\u00a0Nous sommes dans les temps, il ne reste plus que l\u2019am\u00e9nagement int\u00e9rieur\u00a0\u00bb, souffle Benjamin Russo, responsable des travaux.<\/p>\n<p>\u00ab\u00a0Cette nouvelle cr\u00e8che r\u00e9pond \u00e0 un r\u00e9el besoin. Nous constatons le m\u00eame taux de natalit\u00e9 sur la commune depuis dix ans sans compter les nouvelles r\u00e9sidences qui ont \u00e9t\u00e9 livr\u00e9es ces derni\u00e8res ann\u00e9es\u00a0\u00bb, pr\u00e9cise Val\u00e9rie Pr\u00e9moli, adjointe d\u00e9l\u00e9gu\u00e9e \u00e0 la Petite enfance et \u00e0 la Famille.<\/p>\n<p>Comme il avait \u00e9t\u00e9 pr\u00e9cis\u00e9 en 2023, l\u2019\u00e9lue a rappel\u00e9 que \u00ab\u00a0m\u00eame si le concessionnaire a une r\u00e9elle autonomie dans la gestion du service, la commune reste responsable et poss\u00e8de une mission de contr\u00f4le\u00a0\u00bb.<\/p>\n<p><strong>Une soixantaine de places<\/strong><\/p>\n<p>\u00c0 terme, une soixantaine de petits Villeneuvois pourront \u00eatre accueillis dans un b\u00e2timent flambant neuf de 1.000m2.<\/p>\n<p>\u00ab\u00a0Il reste encore quelques places disponibles\u00a0\u00bb, pr\u00e9cise la responsable du service petite enfance de la Ville. Dans quelques semaines, le bruit des scies et des marteaux sera remplac\u00e9 par les gazouillis et les cris des enfants.<\/p>\n<p>\u00ab\u00a0Nous aurons aussi un potager, une aire d\u2019accueil en d\u00e9pose minute et des places de stationnement\u00a0\u00bb, compl\u00e8te Lionnel Luca, le maire.<\/p>\n<p>L\u2019inauguration aura lieu le jeudi 28 ao\u00fbt, \u00e0 17h.<\/p>\n","protected":false},"excerpt":{"rendered":"Le 4 octobre 2023, le conseil municipal approuvait le projet de r\u00e9alisation et d\u2019exploitation d\u2019une cr\u00e8che qu\u2019elle a&hellip;\n","protected":false},"author":2,"featured_media":331093,"comment_status":"","ping_status":"","sticky":false,"template":"","format":"standard","meta":{"footnotes":""},"categories":[2819],"tags":[1111,11,1777,674,1011,27,4075,12,2401,882,25,3366],"class_list":{"0":"post-331092","1":"post","2":"type-post","3":"status-publish","4":"format-standard","5":"has-post-thumbnail","7":"category-nice","8":"tag-actu","9":"tag-actualites","10":"tag-eu","11":"tag-europe","12":"tag-fr","13":"tag-france","14":"tag-jeunesse","15":"tag-news","16":"tag-nice","17":"tag-provence-alpes-cote-dazur","18":"tag-republique-francaise","19":"tag-vie-locale"},"share_on_mastodon":{"url":"https:\/\/pubeurope.com\/@fr\/115059987908527488","error":""},"_links":{"self":[{"href":"https:\/\/www.europesays.com\/fr\/wp-json\/wp\/v2\/posts\/331092","targetHints":{"allow":["GET"]}}],"collection":[{"href":"https:\/\/www.europesays.com\/fr\/wp-json\/wp\/v2\/posts"}],"about":[{"href":"https:\/\/www.europesays.com\/fr\/wp-json\/wp\/v2\/types\/post"}],"author":[{"embeddable":true,"href":"https:\/\/www.europesays.com\/fr\/wp-json\/wp\/v2\/users\/2"}],"replies":[{"embeddable":true,"href":"https:\/\/www.europesays.com\/fr\/wp-json\/wp\/v2\/comments?post=331092"}],"version-history":[{"count":0,"href":"https:\/\/www.europesays.com\/fr\/wp-json\/wp\/v2\/posts\/331092\/revisions"}],"wp:featuredmedia":[{"embeddable":true,"href":"https:\/\/www.europesays.com\/fr\/wp-json\/wp\/v2\/media\/331093"}],"wp:attachment":[{"href":"https:\/\/www.europesays.com\/fr\/wp-json\/wp\/v2\/media?parent=331092"}],"wp:term":[{"taxonomy":"category","embeddable":true,"href":"https:\/\/www.europesays.com\/fr\/wp-json\/wp\/v2\/categories?post=331092"},{"taxonomy":"post_tag","embeddable":true,"href":"https:\/\/www.europesays.com\/fr\/wp-json\/wp\/v2\/tags?post=331092"}],"curies":[{"name":"wp","href":"https:\/\/api.w.org\/{rel}","templated":true}]}}