{"id":331094,"date":"2025-08-20T07:47:13","date_gmt":"2025-08-20T07:47:13","guid":{"rendered":"https:\/\/www.europesays.com\/fr\/331094\/"},"modified":"2025-08-20T07:47:13","modified_gmt":"2025-08-20T07:47:13","slug":"pres-de-nice-ces-plages-fermees-en-urgence-la-baignade-est-interdite","status":"publish","type":"post","link":"https:\/\/www.europesays.com\/fr\/331094\/","title":{"rendered":"Pr\u00e8s de Nice. Ces plages ferm\u00e9es en urgence : \u00ab\u00a0La baignade est interdite\u00a0\u00bb"},"content":{"rendered":"<p>            Par<br \/>\n        <strong><br \/>\n            <a href=\"https:\/\/actu.fr\/auteur\/ugo-maillard\" title=\"Consulter tous les articles de Ugo Maillard\" target=\"_blank\" rel=\"noopener\">Ugo Maillard<\/a><br \/>\n        <\/strong><\/p>\n<p>        Publi\u00e9 le<\/p>\n<p>            20 ao\u00fbt 2025 \u00e0 9h10        <\/p>\n<p>Aucun risque ne sera pris. La Ville de <a href=\"https:\/\/actu.fr\/provence-alpes-cote-d-azur\/saint-laurent-du-var_06123\" target=\"_blank\" rel=\"noopener\">Saint-Laurent-du-Var<\/a> a affich\u00e9 deux interdictions de baignade pour des plages de la commune des <a href=\"https:\/\/actu.fr\/provence-alpes-cote-d-azur\/alpes-maritimes_06\" target=\"_blank\" rel=\"noopener\">Alpes-Maritimes<\/a>.<\/p>\n<p>    <a href=\"https:\/\/www.google.com\/maps\/embed?pb=!1m18!1m12!1m3!1d46162.49488229685!2d7.140818100654624!3d43.686521569303096!2m3!1f0!2f0!3f0!3m2!1i1024!2i768!4f13.1!3m3!1m2!1s0x12cdd186dcf94659%3A0x40819a5fd979840!2sSaint-Laurent-du-Var!5e0!3m2!1sfr!2sfr!4v1755673567909!5m2!1sfr!2sfr\" title=\"Ouvrie le lien\" target=\"_blank\" rel=\"noopener\">Cliquez ici pour visualiser le contenu<\/a><\/p>\n<p class=\" wall-content\">Depuis le mardi 19\u00a0ao\u00fbt 2025, il est interdit de se baigner sur les plages des<strong> Go\u00e9lands<\/strong> et des <strong>Flots Bleus<\/strong>. La r\u00e9ouverture de la baignade sera prononc\u00e9e lorsque les relev\u00e9s de qualit\u00e9 de l\u2019eau seront aux normes, comme l\u2019indiquent nos confr\u00e8res de <a href=\"https:\/\/www.nicematin.com\/environnement\/les-plages-a-nouveau-interdites-a-la-baignade-a-saint-laurent-du-var-998646\" target=\"_blank\" rel=\"noopener\">Nice Matin<\/a>.<\/p>\n<p class=\" wall-content\">\u00c0 noter que sur cette m\u00eame commune, les <a href=\"https:\/\/actu.fr\/provence-alpes-cote-d-azur\/nice_06088\/pres-de-nice-ces-plages-seront-interdites-a-la-baignade-tout-l-ete_62706071.html\" target=\"_blank\" rel=\"noopener\">plages de Landsberg et Cousteau<\/a> sont ferm\u00e9es durant toute l\u2019ann\u00e9e 2025, pour des raisons de mauvaise qualit\u00e9 de l\u2019eau.<\/p>\n<p>Un probl\u00e8me qui persiste \u00e0 Saint-Laurent-du-Var<\/p>\n<p class=\" wall-content\">Les interdictions de baignade sur les plages de Saint-Laurent-du-Var sont nombreuses, et ce, depuis pr\u00e8s d\u2019une d\u00e9cennie. Un scandale a \u00e9clat\u00e9 lorsque des relev\u00e9s ont d\u00e9montr\u00e9 que <strong>la pollution \u00e9tait issue de\u00a0rejet de la station d\u2019\u00e9puration<\/strong>\u00a0situ\u00e9e sur la commune.<\/p>\n<p class=\" wall-content\">Le maire, Joseph Segura, pointe du doigt la responsabilit\u00e9 de la station d\u2019\u00e9puration \u00e0 proximit\u00e9 qui est, selon lui, \u00ab\u2009responsable \u00e0 99\u2009% de la mauvaise qualit\u00e9 de l\u2019eau. La fermeture des plages a port\u00e9 pr\u00e9judice pour la commune. On a \u00e9t\u00e9 victime dans cette affaire\u2009\u00bb, <a href=\"https:\/\/actu.fr\/provence-alpes-cote-d-azur\/saint-laurent-du-var_06123\/pres-de-nice-un-scandale-de-pollution-de-l-eau-frappe-cette-commune-on-a-ete-victime_62700675.html\" target=\"_blank\" rel=\"noopener\">expliquait l\u2019\u00e9lu en mai<\/a>.<\/p>\n<p class=\" wall-content\">Personnalisez votre actualit\u00e9 en ajoutant vos villes et m\u00e9dias en favori avec <a href=\"https:\/\/moncompte.actu.fr\" title=\"D\u00e9couvez Mon Actu\" rel=\"nofollow noopener\" data-trk=\"{&quot;cta&quot;:{&quot;action&quot;:&quot;https:\\\/\\\/moncompte.actu.fr&quot;,&quot;category&quot;:&quot;mon compte&quot;,&quot;from&quot;:&quot;article footer&quot;,&quot;name&quot;:&quot;Mon actu&quot;,&quot;type&quot;:&quot;cta&quot;}}\" target=\"_blank\">Mon Actu<\/a>.<\/p>\n","protected":false},"excerpt":{"rendered":"Par Ugo Maillard Publi\u00e9 le 20 ao\u00fbt 2025 \u00e0 9h10 Aucun risque ne sera pris. La Ville de&hellip;\n","protected":false},"author":2,"featured_media":25405,"comment_status":"","ping_status":"","sticky":false,"template":"","format":"standard","meta":{"footnotes":""},"categories":[2819],"tags":[1111,11,1777,674,1011,27,12,2401,8302,52,1800,882,25],"class_list":{"0":"post-331094","1":"post","2":"type-post","3":"status-publish","4":"format-standard","5":"has-post-thumbnail","7":"category-nice","8":"tag-actu","9":"tag-actualites","10":"tag-eu","11":"tag-europe","12":"tag-fr","13":"tag-france","14":"tag-news","15":"tag-nice","16":"tag-plages","17":"tag-planete","18":"tag-pollution","19":"tag-provence-alpes-cote-dazur","20":"tag-republique-francaise"},"share_on_mastodon":{"url":"https:\/\/pubeurope.com\/@fr\/115059991655554526","error":""},"_links":{"self":[{"href":"https:\/\/www.europesays.com\/fr\/wp-json\/wp\/v2\/posts\/331094","targetHints":{"allow":["GET"]}}],"collection":[{"href":"https:\/\/www.europesays.com\/fr\/wp-json\/wp\/v2\/posts"}],"about":[{"href":"https:\/\/www.europesays.com\/fr\/wp-json\/wp\/v2\/types\/post"}],"author":[{"embeddable":true,"href":"https:\/\/www.europesays.com\/fr\/wp-json\/wp\/v2\/users\/2"}],"replies":[{"embeddable":true,"href":"https:\/\/www.europesays.com\/fr\/wp-json\/wp\/v2\/comments?post=331094"}],"version-history":[{"count":0,"href":"https:\/\/www.europesays.com\/fr\/wp-json\/wp\/v2\/posts\/331094\/revisions"}],"wp:featuredmedia":[{"embeddable":true,"href":"https:\/\/www.europesays.com\/fr\/wp-json\/wp\/v2\/media\/25405"}],"wp:attachment":[{"href":"https:\/\/www.europesays.com\/fr\/wp-json\/wp\/v2\/media?parent=331094"}],"wp:term":[{"taxonomy":"category","embeddable":true,"href":"https:\/\/www.europesays.com\/fr\/wp-json\/wp\/v2\/categories?post=331094"},{"taxonomy":"post_tag","embeddable":true,"href":"https:\/\/www.europesays.com\/fr\/wp-json\/wp\/v2\/tags?post=331094"}],"curies":[{"name":"wp","href":"https:\/\/api.w.org\/{rel}","templated":true}]}}