{"id":331095,"date":"2025-08-20T07:50:22","date_gmt":"2025-08-20T07:50:22","guid":{"rendered":"https:\/\/www.europesays.com\/fr\/331095\/"},"modified":"2025-08-20T07:50:22","modified_gmt":"2025-08-20T07:50:22","slug":"un-phenomene-du-fcn-cible-a-la-surprise-generale-par-lennemi-rennais","status":"publish","type":"post","link":"https:\/\/www.europesays.com\/fr\/331095\/","title":{"rendered":"Un ph\u00e9nom\u00e8ne du FCN cibl\u00e9 \u00e0 la surprise g\u00e9n\u00e9rale par l&rsquo;ennemi rennais"},"content":{"rendered":"<p>                                            Publi\u00e9 le 20\/08\/2025 \u00e0 08h30<br \/>\n                                                                                3 minutes de lecture\n                                                                    <\/p>\n<p>F\u00e9ru de sport et plus particuli\u00e8rement de ballon rond depuis ma plus tendre enfance.<\/p>\n<p>                                            Lire la suite<\/p>\n<p>Le mercato estival bat son plein et le <strong>Stade Rennais<\/strong> se trouve dans une position d\u00e9licate apr\u00e8s le d\u00e9part surprise d\u00a0\u00bb<strong>Arnaud Kalimuendo<\/strong> vers Nottingham Forest. Cette perte majeure, qui repr\u00e9sente un buteur ayant inscrit <strong>17 buts en 33 matches<\/strong> la saison derni\u00e8re en Ligue 1, oblige le directeur sportif <strong>Lo\u00efc D\u00e9sir\u00e9<\/strong> \u00e0 redoubler d&rsquo;efforts pour d\u00e9nicher le successeur id\u00e9al. Qualifi\u00e9 de v\u00e9ritable d\u00e9tonateur de ce mercato estival en France, le club breton multiplie les pistes offensives avec une urgence palpable. \u00c0 moins de <strong>deux semaines de la fin du mercato<\/strong>, la pression s&rsquo;intensifie et les Rouge et Noir activent simultan\u00e9ment plusieurs dossiers de haute vol\u00e9e. L&rsquo;enjeu est consid\u00e9rable car l&rsquo;erreur n&rsquo;est pas permise dans ce contexte de reconstruction offensive, d&rsquo;autant que le club doit compenser le d\u00e9part de son leader technique et statistique.<\/p>\n<p>                                <img decoding=\"async\" src=\"https:\/\/www.europesays.com\/fr\/wp-content\/uploads\/2025\/04\/1744123449_543_logo.png\" alt=\"Logo\"\/><\/p>\n<p>100\u20ac offerts sur ton 1er pari !<\/p>\n<p>                            <a href=\"https:\/\/bit.ly\/4j5wl4k\" class=\"headband-button\" rel=\"nofollow noopener\" target=\"_blank\">J&rsquo;en profite<\/a><\/p>\n<p>                                                                <img loading=\"lazy\" decoding=\"async\" src=\"https:\/\/www.europesays.com\/fr\/wp-content\/uploads\/2025\/08\/mercato-nantes-un-phenomene-du-fcn-cible-a-la-surprise-generale-par-l-ennemi-rennais.jpg\" alt=\"Illustration : &quot;Mercato Nantes : Un ph\u00e9nom\u00e8ne du FCN cibl\u00e9 \u00e0 la surprise g\u00e9n\u00e9rale par l'ennemi rennais &quot;\" class=\"figure-img img-fluid\" width=\"780\" height=\"478\"\/><\/p>\n<p>                                    \u00a9 Site officiel du FC Nantes                                <\/p>\n<p>Un casting offensif de prestige international<\/p>\n<p>Les dirigeants rennais ont jet\u00e9 leur d\u00e9volu sur plusieurs profils d&rsquo;envergure europ\u00e9enne, t\u00e9moignant de leurs ambitions \u00e9lev\u00e9es pour cette fin de mercato. L&rsquo;attaquant danois <strong>Conrad Harder<\/strong>, \u00e9voluant au Sporting CP, figure parmi les priorit\u00e9s absolues du club breton qui appr\u00e9cie particuli\u00e8rement son profil technique et sa capacit\u00e9 d&rsquo;adaptation. Parall\u00e8lement, <strong>Brian Brobbey<\/strong>, l&rsquo;international n\u00e9erlandais de l&rsquo;Ajax, suscite \u00e9galement un vif int\u00e9r\u00eat de la part des recruteurs rennais qui voient en lui un potentiel rempla\u00e7ant id\u00e9al \u00e0 Kalimuendo. Ces deux pistes illustrent parfaitement la strat\u00e9gie du club qui mise sur des joueurs confirm\u00e9s au niveau international, capables d&rsquo;apporter imm\u00e9diatement leur contribution offensive. Cependant, c&rsquo;est vers la Ligue 1 que Rennes semble avoir le plus progress\u00e9 dans ses n\u00e9gociations, particuli\u00e8rement du c\u00f4t\u00e9 d&rsquo;Angers o\u00f9 les discussions se sont intensifi\u00e9es ces derniers jours.<\/p>\n<p>Le dossier Est\u00e9ban Le Paul : n\u00e9gociations tendues avec Angers<\/p>\n<p>La piste menant \u00e0 <strong>Est\u00e9ban Le Paul<\/strong> repr\u00e9sente actuellement le dossier le plus avanc\u00e9 dans les bureaux rennais, m\u00eame si les n\u00e9gociations s&rsquo;av\u00e8rent particuli\u00e8rement complexes. Le Stade Rennais a formul\u00e9 une <strong>offre de 10 millions d&rsquo;euros<\/strong> au SCO d&rsquo;Angers pour s&rsquo;attacher les services de celui qui fut l&rsquo;une des r\u00e9v\u00e9lations offensives de la saison pass\u00e9e en Ligue 1. Cependant, cette proposition initiale a \u00e9t\u00e9 <strong>repouss\u00e9e par le club du Maine-et-Loire<\/strong>, dont le pr\u00e9sident Chabane adopte une position ferme dans les n\u00e9gociations. Les discussions se poursuivent n\u00e9anmoins intens\u00e9ment, avec des \u00e9changes qui se sont prolong\u00e9s ces derni\u00e8res heures entre les deux directions sportives. L&rsquo;affaire s&rsquo;annonce d\u00e9licate \u00e0 finaliser car les exigences angevines demeurent \u00e9lev\u00e9es, refl\u00e9tant la valeur marchande croissante de leur attaquant vedette qui a su s\u00e9duire par ses performances remarqu\u00e9es.<\/p>\n<p>Matthis Abline : le retour du fils prodigue en ligne de mire<\/p>\n<p>La r\u00e9v\u00e9lation la plus surprenante concerne l&rsquo;int\u00e9r\u00eat marqu\u00e9 du Stade Rennais pour <strong>Matthis Abline<\/strong>, actuellement sous contrat avec le FC Nantes. Cette cible rev\u00eat une dimension particuli\u00e8rement symbolique puisque l&rsquo;attaquant a \u00e9t\u00e9 <strong>form\u00e9 en Bretagne<\/strong> avant de quitter son club formateur. Transf\u00e9r\u00e9 \u00e0 Nantes il y a un an pour une <strong>dizaine de millions d&rsquo;euros<\/strong> apr\u00e8s un pr\u00eat concluant chez les Canaris, Abline a confirm\u00e9 son potentiel en inscrivant <strong>9 buts et d\u00e9livrant 2 passes d\u00e9cisives<\/strong> en Ligue 1 la saison derni\u00e8re. Son profil correspond parfaitement aux attentes rennaises, mais les n\u00e9gociations s&rsquo;annoncent ardues face aux exigences nantaises qui r\u00e9clament <strong>25 millions d&rsquo;euros<\/strong>. Cette valorisation \u00e9lev\u00e9e explique pourquoi ni l&rsquo;OM, ni le Paris FC, ni Sunderland, et encore moins le LOSC n&rsquo;ont r\u00e9ussi \u00e0 concr\u00e9tiser leur int\u00e9r\u00eat, laissant le champ libre \u00e0 un \u00e9ventuel retour aux sources particuli\u00e8rement m\u00e9diatis\u00e9.<\/p>\n<p>Dimanche 24 ao\u00fbt, les Canaris tenteront de relever la t\u00eate face \u00e0 Strasbourg apr\u00e8s la d\u00e9faite \u00e0 la Beaujoire face au PSG. \u00c0 cette occasion, profitez de 100\u20ac offerts pour votre premi\u00e8re inscription sur Parions Sport en Ligne. <a href=\"http:\/\/bit.ly\/4hgs1yE\" rel=\"nofollow noopener\" target=\"_blank\"><strong>Une victoire du FC Nantes face au RC Strasbourg vous rapporte jusqu\u2019\u00e0 400\u20ac !<\/strong><\/a><\/p>\n<p><strong>Pour en profiter, c\u2019est tr\u00e8s simple :<\/strong><\/p>\n<p>&#8211;                  Cr\u00e9ez votre compte joueur en seulement 2 \u00e9tapes <a href=\"http:\/\/bit.ly\/4hgs1yE\" rel=\"nofollow noopener\" target=\"_blank\"><strong>ici<\/strong><\/a><\/p>\n<p>&#8211;                  R\u00e9alisez votre 1er d\u00e9p\u00f4t puis placez votre 1er pari (Minimum 5\u20ac)<\/p>\n<p>&#8211;                  Une fois votre 1er d\u00e9p\u00f4t et votre 1er pari r\u00e9alis\u00e9s, l\u2019int\u00e9gralit\u00e9 du montant de ce 1er pari sera cr\u00e9dit\u00e9e sur votre compte joueur dans la limite de 100\u20ac maximum et sous la forme de cr\u00e9dits de jeu non retirables. Le cr\u00e9dit s\u2019effectuera alors en une seule \u00e9tape et sous 3 jours<\/p>\n<p>Jouer comporte des risques : endettement, d\u00e9pendance\u2026 Appelez le 09 74 75 13 13 (appel non surtax\u00e9)<\/p>\n","protected":false},"excerpt":{"rendered":"Publi\u00e9 le 20\/08\/2025 \u00e0 08h30 3 minutes de lecture F\u00e9ru de sport et plus particuli\u00e8rement de ballon rond&hellip;\n","protected":false},"author":2,"featured_media":331096,"comment_status":"","ping_status":"","sticky":false,"template":"","format":"standard","meta":{"footnotes":""},"categories":[2818],"tags":[1111,11,1777,674,1011,27,766,12,2636,25],"class_list":{"0":"post-331095","1":"post","2":"type-post","3":"status-publish","4":"format-standard","5":"has-post-thumbnail","7":"category-nantes","8":"tag-actu","9":"tag-actualites","10":"tag-eu","11":"tag-europe","12":"tag-fr","13":"tag-france","14":"tag-nantes","15":"tag-news","16":"tag-pays-de-la-loire","17":"tag-republique-francaise"},"share_on_mastodon":{"url":"https:\/\/pubeurope.com\/@fr\/115060003967162351","error":""},"_links":{"self":[{"href":"https:\/\/www.europesays.com\/fr\/wp-json\/wp\/v2\/posts\/331095","targetHints":{"allow":["GET"]}}],"collection":[{"href":"https:\/\/www.europesays.com\/fr\/wp-json\/wp\/v2\/posts"}],"about":[{"href":"https:\/\/www.europesays.com\/fr\/wp-json\/wp\/v2\/types\/post"}],"author":[{"embeddable":true,"href":"https:\/\/www.europesays.com\/fr\/wp-json\/wp\/v2\/users\/2"}],"replies":[{"embeddable":true,"href":"https:\/\/www.europesays.com\/fr\/wp-json\/wp\/v2\/comments?post=331095"}],"version-history":[{"count":0,"href":"https:\/\/www.europesays.com\/fr\/wp-json\/wp\/v2\/posts\/331095\/revisions"}],"wp:featuredmedia":[{"embeddable":true,"href":"https:\/\/www.europesays.com\/fr\/wp-json\/wp\/v2\/media\/331096"}],"wp:attachment":[{"href":"https:\/\/www.europesays.com\/fr\/wp-json\/wp\/v2\/media?parent=331095"}],"wp:term":[{"taxonomy":"category","embeddable":true,"href":"https:\/\/www.europesays.com\/fr\/wp-json\/wp\/v2\/categories?post=331095"},{"taxonomy":"post_tag","embeddable":true,"href":"https:\/\/www.europesays.com\/fr\/wp-json\/wp\/v2\/tags?post=331095"}],"curies":[{"name":"wp","href":"https:\/\/api.w.org\/{rel}","templated":true}]}}