{"id":331103,"date":"2025-08-20T07:54:10","date_gmt":"2025-08-20T07:54:10","guid":{"rendered":"https:\/\/www.europesays.com\/fr\/331103\/"},"modified":"2025-08-20T07:54:10","modified_gmt":"2025-08-20T07:54:10","slug":"toulouse-le-maire-jean-luc-moudenc-appelle-a-un-barrage-republicain-complet-envers-les-extremes","status":"publish","type":"post","link":"https:\/\/www.europesays.com\/fr\/331103\/","title":{"rendered":"Toulouse. Le maire Jean-Luc Moudenc appelle \u00e0 \u00ab\u00a0un barrage r\u00e9publicain complet, envers les extr\u00eames\u00a0\u00bb"},"content":{"rendered":"<p>            Par<br \/>\n        <strong><br \/>\n            <a href=\"https:\/\/actu.fr\/auteur\/david-saint-sernin\" title=\"Consulter tous les articles de David Saint-Sernin\" target=\"_blank\" rel=\"noopener\">David Saint-Sernin<\/a><br \/>\n        <\/strong><\/p>\n<p>        Publi\u00e9 le<\/p>\n<p>            20 ao\u00fbt 2025 \u00e0 9h39        <\/p>\n<p>Alors que la Ville rose c\u00e9l\u00e9brait, mardi 19\u00a0ao\u00fbt 2025, les 81\u00a0ans de la <a href=\"https:\/\/actu.fr\/occitanie\/toulouse_31555\/videos-il-y-a-80-ans-toulouse-etait-liberee-recit-de-trois-journees-glorieuses_61493639.html\" target=\"_blank\" rel=\"noopener\">Lib\u00e9ration de Toulouse,<\/a> son maire, Jean-Luc Moudenc, <a href=\"https:\/\/actu.fr\/occitanie\/toulouse_31555\/toulouse-le-maire-jean-luc-moudenc-denonce-l-inquietante-recrudescence-de-l-antisemitisme_61505104.html\" target=\"_blank\" rel=\"noopener\">\u00e0 l\u2019image de ce qu\u2019il avait d\u00e9j\u00e0 fait lors de la m\u00eame c\u00e9l\u00e9bration en 2024<\/a>, a d\u00e9clam\u00e9 un discours tr\u00e8s politique, faisant r\u00e9f\u00e9rence \u00e0 la fois \u00e0 la situation internationale, mais \u00e9galement nationale, \u00e0 quelques mois <a href=\"https:\/\/actu.fr\/toulouse\/politique\/elections-municipales\" target=\"_blank\" rel=\"noopener\">des \u00e9lections municipales<\/a> durant lesquelles il briguera un nouveau mandat aupr\u00e8s des Toulousains. Dans ce discours prononc\u00e9 au c\u0153ur<a href=\"https:\/\/actu.fr\/occitanie\/toulouse_31555\/toulouse-un-livre-sur-l-ex-prison-saint-michel-presente-il-raconte-150-ans-d-histoire_45744382.html\" target=\"_blank\" rel=\"noopener\"> de l\u2019ex-prison Saint-Michel<\/a>, lieu ayant vu l\u2019ex\u00e9cution de r\u00e9sistants, le maire de Toulouse s\u2019est \u00e0 la fois alarm\u00e9 d\u2019une situation internationale et a rappel\u00e9 sa volont\u00e9 de faire barrage aux extr\u00eames dans l\u2019Hexagone et \u00e0 Toulouse. Les principaux axes de ce discours \u00e0 l\u2019adresse des Toulousains \u00ab\u2009pour la derni\u00e8re fois du mandat municipal en cours\u2009\u00bb.<\/p>\n<p>\u00ab\u2009Un \u00e9quilibre du monde remis en cause\u2009\u00bb<\/p>\n<p class=\" wall-content\">Dans son discours, <strong>Jean-Luc Moudenc<\/strong> a \u00e9voqu\u00e9 \u00ab\u2009un monde redevenu instable et dangereux\u2009\u00bb.<\/p>\n<p class=\" wall-content\">\u00ab\u00a0L\u2019\u00e9quilibre du monde n\u00e9 de cette victoire est aujourd\u2019hui remis en cause. Les nations constituant cette coalition ne semblent plus, aujourd\u2019hui, vouloir cheminer ensemble [\u2026]<\/p>\n<blockquote class=\"ac-article-quote wall-content\">\n<p>Le grand changement g\u00e9ostrat\u00e9gique, pour nous, c\u2019est que notre vieille alliance transatlantique, longtemps bas\u00e9e sur des valeurs de civilisation communes, est devenue al\u00e9atoire, ob\u00e9issant d\u00e9sormais avant tout \u00e0 une logique mat\u00e9rialiste, \u00e0 un marchandage \u00e9conomique et financier. Il s\u2019agit l\u00e0 d\u2019un bouleversement majeur, aux cons\u00e9quences consid\u00e9rables, qui nous oblige \u00e0 des r\u00e9visions d\u00e9chirantes\u00a0\u00bb, a-t-il d\u00e9velopp\u00e9.<\/p>\n<p>    <strong>Jean-Luc Moudenc<\/strong>\n            <\/p><\/blockquote>\n<p>Sur l\u2019Europe\u2009: \u00ab\u2009elle doit b\u00e2tir d\u2019elle-m\u00eame une d\u00e9fense europ\u00e9enne\u2009\u00bb<\/p>\n<p class=\" wall-content\">Face \u00e0 ce contexte international qui voit \u00ab\u2009les empires qui se reconstituent comme autrefois, nouant des alliances cyniques sous l\u2019impulsion de dirigeants politiques qui ont en commun des penchants autoritaires et une volont\u00e9 h\u00e9g\u00e9monique\u2009\u00bb, Jean-Luc Moudenc estime \u00ab\u2009que la seule voie de salut, pour notre pays et pour nos valeurs, humanistes et d\u00e9mocratiques, r\u00e9side dans une Europe qui serait capable de s\u2019unir sur l\u2019essentiel, en particulier pour sa s\u00e9curit\u00e9\u2009\u00bb.<\/p>\n<p class=\" wall-content\">Et le maire de Toulouse de dessiner sa vision\u2009:<\/p>\n<p>Vid\u00e9os : en ce moment sur Actu<\/p>\n<p class=\" wall-content\">\u00ab\u00a0L\u2019Europe doit enfin devenir adulte, se prendre en main, pour b\u00e2tir d\u2019elle-m\u00eame une d\u00e9fense europ\u00e9enne. Cela suppose deux grandes \u00e9volutions. D\u2019abord un changement d\u2019\u00e9tat d\u2019esprit, l\u2019abandon d\u2019une forme ancienne de pacifisme na\u00eff. Cela n\u00e9cessite aussi, notamment chez beaucoup de nos voisins europ\u00e9ens, la fin d\u2019une confiance en forme de ch\u00e8que en blanc donn\u00e9 aux \u00c9tats-Unis. Le r\u00e9armement, ce n\u2019est pas pr\u00e9parer la guerre \u2013 ce que ne manqueront pas de dire les ennemis du projet europ\u00e9en \u2013 il s\u2019agit surtout de ne pas la subir. [\u2026] Il s\u2019agit de se r\u00e9armer, non dans l\u2019optique de faire la guerre, mais pour recouvrer de notre puissance collective et dissuader d\u2019\u00e9ventuelles agressions, dans un monde o\u00f9 resurgissent les conflits aux quatre coins du globe. L\u2019Europe dont nous avons besoin, c\u2019est une Europe forte qui p\u00e8se dans les \u00e9quilibres mondiaux d\u2019aujourd\u2019hui, avec ses valeurs.<\/p>\n<p class=\" wall-content\">Pour Jean-Luc Moudenc la construction d\u2019une d\u00e9fense europ\u00e9enne \u00ab\u2009ne pourra se concr\u00e9tiser que progressivement et au prix de multiples harmonisations, organisationnelles et technologiques. Cela exige de faire des choix politiques courageux et de les d\u00e9cliner sur le temps long\u2009\u00bb.<\/p>\n<p>Votre r\u00e9gion, votre actu !<\/p>\n<p>Recevez chaque jour les infos qui comptent pour vous.<\/p>\n<p>\t<a href=\"https:\/\/actu.fr\/newsletter\" class=\"ac-btn ac-btn--corner ac-btn--medium ac-btn--blue800\" target=\"_blank\" rel=\"noopener\">S&rsquo;incrire<\/a><br \/>\n\u00ab\u2009Pour une Europe politique\u2009\u00bb<\/p>\n<p class=\" wall-content\">Outre le r\u00e9armement de l\u2019Europe, le maire de Toulouse a, dans son discours, appel\u00e9 de ses voeux la construction d\u2019une Europe plus politique\u2009:<\/p>\n<p class=\" wall-content\">\u00ab\u00a0Depuis des ann\u00e9es, la construction europ\u00e9enne ne fait plus r\u00eaver et montre ses limites. Tant\u00f4t l\u2019Union europ\u00e9enne est per\u00e7ue comme une autorit\u00e9 r\u00e9glementant \u00e0 l\u2019exc\u00e8s, tant\u00f4t elle incarne le contraire, un laisser-faire ultra-lib\u00e9ral. L\u2019Europe est loin d\u2019\u00eatre v\u00e9cue comme une protectrice et ce d\u00e9faut majeur nourrit le proc\u00e8s que lui font les nationalistes de tous acabits. Il est donc temps que l\u2019Europe se dote d\u2019une dimension politique, au sens le plus<br \/>noble de ce terme.<\/p>\n<p>La France \u00ab\u2009dans une crise politique permanente\u2009\u00bb<\/p>\n<p class=\" wall-content\">Dans ce discours, Jean-Luc Moudenc, a longuement \u00e9voqu\u00e9 la situation en France\u2009:<\/p>\n<blockquote class=\"ac-article-quote wall-content\">\n<p>Notre pays s\u2019est install\u00e9 dans une crise politique permanente, avec un pouvoir faible<br \/>\nalors qu\u2019il faudrait, au contraire, que l\u2019autorit\u00e9 de l\u2019\u00c9tat soit forte pour prendre des<br \/>\nd\u00e9cisions \u00e0 la hauteur des enjeux dans nombre de domaines majeurs. Une situation qui n\u2019est pas sans rappeler celle qui pr\u00e9valait, il y a pr\u00e8s de 100 ans, au d\u00e9but des ann\u00e9es 30<\/p>\n<p>    <strong>Jean-Luc Moudenc<\/strong>\n            <\/p><\/blockquote>\n<p>\u00ab\u2009Retrouver au plus vite l\u2019\u00e9quilibre des finances de l\u2019\u00c9tat\u2009\u00bb<\/p>\n<p class=\" wall-content\">Il a insist\u00e9, comme il l\u2019a fait \u00e0 de multiples reprises ces derniers mois sur la n\u00e9cessit\u00e9 pour l\u2019\u00c9tat de \u00ab\u2009redresser ses finances\u2009\u00bb\u2009:<\/p>\n<p class=\" wall-content\">\u00ab\u2009Ici, on sent bien qu\u2019il est vain de vouloir b\u00e2tir une Europe puissance, o\u00f9 la France jouerait un r\u00f4le majeur, voire codirecteur, si nous demeurons incapables de r\u00e9tablir une sant\u00e9 florissante des finances de la Nation. Or, les pays comparables au n\u00f4tre qui ont redress\u00e9 leurs finances publiques l\u2019ont fait en construisant un consensus transpartisan, avec une trajectoire pluriannuelle respect\u00e9e par tous les gouvernements successifs, par-del\u00e0 m\u00eame les alternances. En France, nous sommes bien loin d\u2019approcher une telle capacit\u00e9 d\u2019intelligence collective\u2009! Pourtant, il serait illusoire de penser faire entendre notre voix sur la sc\u00e8ne europ\u00e9enne et internationale sans retrouver au plus vite l\u2019\u00e9quilibre des finances de l\u2019\u00c9tat.\u2009\u00bb<\/p>\n<p>\u00ab\u2009L\u2019amour de notre pays\u2009\u00bb et le barrage aux extr\u00eames<\/p>\n<p class=\" wall-content\">Pour Jean-Luc Moudenc, \u00ab\u2009notre soci\u00e9t\u00e9 actuelle a perdu, par bien des aspects, le lien entre l\u2019amour de notre nation et les Fran\u00e7ais\u2009\u00bb. Il d\u00e9veloppe\u2009:<\/p>\n<p class=\" wall-content\">\u00ab\u00a0L\u2019amour de notre pays n\u2019appartient pas au sectarisme d\u2019un extr\u00eame, et ne peut souffrir d\u2019un injuste rejet motiv\u00e9 par le cynisme \u00e9lectoraliste d\u2019un autre extr\u00eame. L\u2019amour de notre pays est un bien commun \u00e0 prot\u00e9ger. Il est \u00e0 prot\u00e9ger face \u00e0 ceux qui veulent fa\u00e7onner une nouvelle France en attisant les braises d\u2019une guerre civile qu\u2019ils semblent attendre de leurs v\u0153ux, en tenant un discours d\u2019inversion des valeurs, en cherchant \u00e0 diviser plut\u00f4t qu\u2019\u00e0 rassembler. Ceux-l\u00e0 brandissent les drapeaux du r\u00e9gime fondamentaliste iranien dans les<br \/>manifestations d\u2019extr\u00eame-gauche, inspirent les tags et les d\u00e9gradations dans l\u2019espace public visant autant nos forces de l\u2019ordre que les \u00e9lus, se montrent complaisants envers l\u2019islamisme, cautionnent les discours anti-France et nourrissent l\u2019inqui\u00e9tante r\u00e9surgence de l\u2019antis\u00e9mitisme \u2013 incroyable r\u00e9gression par rapport \u00e0 tout ce que nous c\u00e9l\u00e9brons en ce jour.<\/p>\n<p class=\" wall-content\">Il poursuit\u2009:<\/p>\n<p class=\" wall-content\">\u00ab\u00a080\u00a0ans apr\u00e8s la lib\u00e9ration des camps, nous devons \u00eatre intransigeants face \u00e0 ceux qui<br \/>feraient en sorte que l\u2019Histoire \u2013 dans ce qu\u2019elle a eu de plus sordide \u2013 se r\u00e9p\u00e8te, ou plut\u00f4t, que nous la laissions se r\u00e9p\u00e9ter. Si nous laissions faire, \u00e0 quoi cela servirait-il de se r\u00e9unir aujourd\u2019hui pour cette comm\u00e9moration\u2009? \u00ab\u00a0<\/p>\n<p>\u00abRepousser tout \u00e0 la fois, le nationalisme et le m\u00e9lenchonisme\u2009\u00bb<\/p>\n<p class=\" wall-content\">Dans sa conclusion, le maire, appelle \u00e0 \u00ab\u2009une forme d\u2019union nationale\u2009\u00bb et \u00e0 \u00ab\u2009un barrage r\u00e9publicain complet envers les extr\u00eames\u2009\u00bb.<\/p>\n<p class=\" wall-content\">Il d\u00e9veloppe\u2009:<\/p>\n<blockquote class=\"ac-article-quote wall-content\">\n<p>Notre pays s\u2019est install\u00e9 dans une crise politique permanente, avec un pouvoir faible<br \/>\nalors qu\u2019il faudrait, au contraire, que l\u2019autorit\u00e9 de l\u2019\u00c9tat soit forte pour prendre des<br \/>\nd\u00e9cisions \u00e0 la hauteur des enjeux dans nombre de domaines majeurs. Une situation qui n\u2019est pas sans rappeler celle qui pr\u00e9valait, il y a pr\u00e8s de 100 ans, au d\u00e9but des ann\u00e9es 30<\/p>\n<p>    <strong>Jean-Luc Moudenc<\/strong>\n            <\/p><\/blockquote>\n<p class=\" wall-content\">Avant de conclure :<\/p>\n<p class=\" wall-content\">Les \u00e9ch\u00e9ances \u00e9lectorales de\u00a02026 et\u00a02027 seront cruciales \u00e0 cet \u00e9gard. Il s\u2019agit de renouer avec la m\u00e9thode et l\u2019esprit du Conseil National de la R\u00e9sistance, en excluant les extr\u00eames et sans r\u00e9cup\u00e9ration politicienne des uns par les autres. Et de dessiner ensemble des solutions solides pour les grands sujets d\u2019avenir de notre pays et de notre peuple\u00a0\u00bb.<\/p>\n<p class=\" wall-content\">Personnalisez votre actualit\u00e9 en ajoutant vos villes et m\u00e9dias en favori avec <a href=\"https:\/\/moncompte.actu.fr\" title=\"D\u00e9couvez Mon Actu\" rel=\"nofollow noopener\" data-trk=\"{&quot;cta&quot;:{&quot;action&quot;:&quot;https:\\\/\\\/moncompte.actu.fr&quot;,&quot;category&quot;:&quot;mon compte&quot;,&quot;from&quot;:&quot;article footer&quot;,&quot;name&quot;:&quot;Mon actu&quot;,&quot;type&quot;:&quot;cta&quot;}}\" target=\"_blank\">Mon Actu<\/a>.<\/p>\n","protected":false},"excerpt":{"rendered":"Par David Saint-Sernin Publi\u00e9 le 20 ao\u00fbt 2025 \u00e0 9h39 Alors que la Ville rose c\u00e9l\u00e9brait, mardi 19\u00a0ao\u00fbt&hellip;\n","protected":false},"author":2,"featured_media":331104,"comment_status":"","ping_status":"","sticky":false,"template":"","format":"standard","meta":{"footnotes":""},"categories":[2816],"tags":[1111,11,1777,674,1011,27,2857,12,2680,316,25,2312],"class_list":{"0":"post-331103","1":"post","2":"type-post","3":"status-publish","4":"format-standard","5":"has-post-thumbnail","7":"category-toulouse","8":"tag-actu","9":"tag-actualites","10":"tag-eu","11":"tag-europe","12":"tag-fr","13":"tag-france","14":"tag-jean-luc-moudenc","15":"tag-news","16":"tag-occitanie","17":"tag-politique","18":"tag-republique-francaise","19":"tag-toulouse"},"share_on_mastodon":{"url":"https:\/\/pubeurope.com\/@fr\/115060019226964637","error":""},"_links":{"self":[{"href":"https:\/\/www.europesays.com\/fr\/wp-json\/wp\/v2\/posts\/331103","targetHints":{"allow":["GET"]}}],"collection":[{"href":"https:\/\/www.europesays.com\/fr\/wp-json\/wp\/v2\/posts"}],"about":[{"href":"https:\/\/www.europesays.com\/fr\/wp-json\/wp\/v2\/types\/post"}],"author":[{"embeddable":true,"href":"https:\/\/www.europesays.com\/fr\/wp-json\/wp\/v2\/users\/2"}],"replies":[{"embeddable":true,"href":"https:\/\/www.europesays.com\/fr\/wp-json\/wp\/v2\/comments?post=331103"}],"version-history":[{"count":0,"href":"https:\/\/www.europesays.com\/fr\/wp-json\/wp\/v2\/posts\/331103\/revisions"}],"wp:featuredmedia":[{"embeddable":true,"href":"https:\/\/www.europesays.com\/fr\/wp-json\/wp\/v2\/media\/331104"}],"wp:attachment":[{"href":"https:\/\/www.europesays.com\/fr\/wp-json\/wp\/v2\/media?parent=331103"}],"wp:term":[{"taxonomy":"category","embeddable":true,"href":"https:\/\/www.europesays.com\/fr\/wp-json\/wp\/v2\/categories?post=331103"},{"taxonomy":"post_tag","embeddable":true,"href":"https:\/\/www.europesays.com\/fr\/wp-json\/wp\/v2\/tags?post=331103"}],"curies":[{"name":"wp","href":"https:\/\/api.w.org\/{rel}","templated":true}]}}